{"id":33450,"date":"2020-01-09T23:25:51","date_gmt":"2020-01-09T22:25:51","guid":{"rendered":"http:\/\/zonenklaus.de\/wordpress\/?p=33450"},"modified":"2020-01-09T23:25:51","modified_gmt":"2020-01-09T22:25:51","slug":"meine-oma-faehrt-im-huehnerstall-motorrad-ohne-bremse-ohne-hupe-ohne-licht","status":"publish","type":"post","link":"https:\/\/zonenklaus.de\/wordpress\/?p=33450","title":{"rendered":"Meine Oma f\u00e4hrt im H\u00fchnerstall Motorrad &#8211; ohne Bremse ohne Hupe ohne Licht&#8230;"},"content":{"rendered":"<p>So tief sind wir schon gesunken, denn im abendlichen 3sat wurde heute <a href=\"https:\/\/www.3sat.de\/kultur\/kulturzeit\/sendung-vom-9-januar-2020-100.html\"><b>&#8220;Oma-Gate&#8221;<\/b><\/a> als <i>Kultur <\/i>angeboten: <i>Bei der absurden Diskussion um das Satirevideo &#8220;Oma ist &#8216;ne Umweltsau&#8221; ist an vielen Stellen etwas schief gelaufen. Eine Zusammenfassung &#8230;<\/i><br \/>\nZu Landespappi Laschet, der sich auch in den sog. sozialen Medien herumtreibt, fiel mir in dem Zusammenhang etwas ein.<br \/>\nDie freudig erregte und sehr lustig ausschauenden S\u00e4ngerschar, k\u00f6nnten dem Minipr\u00e4si von NRW mal als Vorbild angedient werden. Der wichtige Herrn hat in meiner Erinnerung sein Gesicht immer leicht zur Faust geballt und seine <i>Fresse<\/i>* <span style=\"font-size: small;\"><b>(<\/b><\/span><span style=\"font-size: small;\"><i>*\u00a9 Parteifreund Ronald Pofalla<\/i><\/span><span style=\"font-size: small;\"><b>) <\/b><\/span><span style=\"font-size: medium;\">erinnert an sieben Tage Regenwetter&#8230;<\/span><br \/>\nWeshalb die Kulturzeittante auch noch einen <i>Medienwissenschaftler &#8211; Digitale Medien und Methoden <\/i>bem\u00fchte, wei\u00df wieder nur der Deibel! Beider Dialog h\u00e4tte man sich wirklich sparen k\u00f6nnen!<br \/>\nBescheuert finde ich allerdings den ausgew\u00e4hlten und ver\u00e4nderten Inhalt. Er wird n\u00e4mlich s\u00e4mtlichen zu bemerkenden Gegebenheiten nicht gerecht, deshalb ist falsch, wenn man nur die Oma als <em>Umweltsau<\/em> tituliert!<!--more--><br \/>\nAls G\u00f6re hatte ich auch \u00f6fters Malaisen wegen irgendwelcher <i>moralisch verwerflicher<\/i> Inhalte.<br \/>\nDies mit dem Lehrer ginge ja nun \u00fcberhaupt nicht, schlie\u00dflich stellte er jetzt eine sozialistische Pers\u00f6nlichkeit dar, die unbedingt zu achten sei!<\/p>\n<p>O Tannenbaum, o Tannenbaum<br \/>\nDer Lehrer mich blau gehau&#8217;n<br \/>\nNun muss ich in der Ecke stehn<br \/>\nUnd ihm die Zigaretten drehn.<br \/>\nO Tannenbaum, o Tannenbaum,<br \/>\nDer Lehrer mich blau gehau&#8217;n<\/p>\n<p>Sehr beliebt in den Ferienlagern und zu Wandertagen, galt ewig jener nostalgische Song, dessen etwas abgewandelter Text sogar im Netz zu finden ist. Als Kinderlied fand ich ihn nicht, aber in<a href=\"https:\/\/www.youtube.com\/watch?v=N0ccGL0PePs\"> jazziger Form<\/a>:<\/p>\n<p>Warte, warte nur ein Weilchen,<br \/>\nbald kommt <a href=\"https:\/\/de.wikipedia.org\/wiki\/Fritz_Haarmann\">Haarmann<\/a> auch zu dir,<br \/>\nmit dem kleinen Hackebeilchen,<br \/>\nmacht er Leberwurst aus dir.<br \/>\nAus dem Kopf da macht er S\u00fclze,<br \/>\naus dem Hintern macht er Speck,<br \/>\naus den D\u00e4rmen macht er W\u00fcrste<br \/>\nund den Rest, den schmei\u00dft er weg.<\/p>\n<p>In Hannover an der Leine,<br \/>\nRote Reihe Nummer 8,<br \/>\nwohnt der Massenm\u00f6rder Haarmann,<br \/>\nder schon manchen umgebracht.<br \/>\nHaarmann hat auch \u2019nen Gehilfen,<br \/>\nGrans hie\u00df dieser junge Mann.<br \/>\nDieser lockte mit Behagen<br \/>\nviele kleine Jungens an.<\/p>\n","protected":false},"excerpt":{"rendered":"<p>So tief sind wir schon gesunken, denn im abendlichen 3sat wurde heute &#8220;Oma-Gate&#8221; als Kultur angeboten: Bei der absurden Diskussion um das Satirevideo &#8220;Oma ist &#8216;ne Umweltsau&#8221; ist an vielen Stellen etwas schief gelaufen. Eine Zusammenfassung &#8230; Zu Landespappi Laschet, der sich auch in den sog. sozialen Medien herumtreibt, fiel mir in dem Zusammenhang etwas [&hellip;]<\/p>\n","protected":false},"author":6,"featured_media":0,"comment_status":"open","ping_status":"open","sticky":false,"template":"","format":"standard","meta":{"footnotes":""},"categories":[1],"tags":[],"class_list":["post-33450","post","type-post","status-publish","format-standard","hentry","category-allgemeines"],"_links":{"self":[{"href":"https:\/\/zonenklaus.de\/wordpress\/index.php?rest_route=\/wp\/v2\/posts\/33450","targetHints":{"allow":["GET"]}}],"collection":[{"href":"https:\/\/zonenklaus.de\/wordpress\/index.php?rest_route=\/wp\/v2\/posts"}],"about":[{"href":"https:\/\/zonenklaus.de\/wordpress\/index.php?rest_route=\/wp\/v2\/types\/post"}],"author":[{"embeddable":true,"href":"https:\/\/zonenklaus.de\/wordpress\/index.php?rest_route=\/wp\/v2\/users\/6"}],"replies":[{"embeddable":true,"href":"https:\/\/zonenklaus.de\/wordpress\/index.php?rest_route=%2Fwp%2Fv2%2Fcomments&post=33450"}],"version-history":[{"count":1,"href":"https:\/\/zonenklaus.de\/wordpress\/index.php?rest_route=\/wp\/v2\/posts\/33450\/revisions"}],"predecessor-version":[{"id":33451,"href":"https:\/\/zonenklaus.de\/wordpress\/index.php?rest_route=\/wp\/v2\/posts\/33450\/revisions\/33451"}],"wp:attachment":[{"href":"https:\/\/zonenklaus.de\/wordpress\/index.php?rest_route=%2Fwp%2Fv2%2Fmedia&parent=33450"}],"wp:term":[{"taxonomy":"category","embeddable":true,"href":"https:\/\/zonenklaus.de\/wordpress\/index.php?rest_route=%2Fwp%2Fv2%2Fcategories&post=33450"},{"taxonomy":"post_tag","embeddable":true,"href":"https:\/\/zonenklaus.de\/wordpress\/index.php?rest_route=%2Fwp%2Fv2%2Ftags&post=33450"}],"curies":[{"name":"wp","href":"https:\/\/api.w.org\/{rel}","templated":true}]}}