{"id":33569,"date":"2020-01-26T22:20:27","date_gmt":"2020-01-26T21:20:27","guid":{"rendered":"http:\/\/zonenklaus.de\/wordpress\/?p=33569"},"modified":"2020-01-28T12:44:22","modified_gmt":"2020-01-28T11:44:22","slug":"sigmar-gabriels-wechsel-zur-deutschen-bank-er-beschaedigt-die-glaubwuerdigkeit-der-spd","status":"publish","type":"post","link":"https:\/\/zonenklaus.de\/wordpress\/?p=33569","title":{"rendered":"Sigmar Gabriels Wechsel zur Deutschen Bank &#8211; &#8220;Er besch\u00e4digt die Glaubw\u00fcrdigkeit der SPD&#8221;"},"content":{"rendered":"<p><i>Sigmar Gabriel will Aufsichtsrat bei der Deutschen Bank werden. Die Entscheidung sorgt auch in der SPD f\u00fcr Unmut. Der Eindruck von Kritikern: Der fr\u00fchere Vizekanzler wird f\u00fcr Lobbyarbeit geholt.<\/i><br \/>\n<a href=\"http:\/\/zonenklaus.de\/wordpress\/wp-content\/uploads\/2020\/01\/gabriel\u00e4\u00e4\u00e4-\u00f6\u00f6\u00f6\u00f6\u00fc\u00fc\u00fc\u00fc\u00fc\u00fc\u00fc\u00fc\u00fc\u00fc\u00fc.jpg\"><img loading=\"lazy\" decoding=\"async\" class=\"alignleft size-thumbnail wp-image-33570\" src=\"http:\/\/zonenklaus.de\/wordpress\/wp-content\/uploads\/2020\/01\/gabriel\u00e4\u00e4\u00e4-\u00f6\u00f6\u00f6\u00f6\u00fc\u00fc\u00fc\u00fc\u00fc\u00fc\u00fc\u00fc\u00fc\u00fc\u00fc-120x150.jpg\" alt=\"\" width=\"120\" height=\"150\" srcset=\"https:\/\/zonenklaus.de\/wordpress\/wp-content\/uploads\/2020\/01\/gabriel\u00e4\u00e4\u00e4-\u00f6\u00f6\u00f6\u00f6\u00fc\u00fc\u00fc\u00fc\u00fc\u00fc\u00fc\u00fc\u00fc\u00fc\u00fc-120x150.jpg 120w, https:\/\/zonenklaus.de\/wordpress\/wp-content\/uploads\/2020\/01\/gabriel\u00e4\u00e4\u00e4-\u00f6\u00f6\u00f6\u00f6\u00fc\u00fc\u00fc\u00fc\u00fc\u00fc\u00fc\u00fc\u00fc\u00fc\u00fc-240x300.jpg 240w, https:\/\/zonenklaus.de\/wordpress\/wp-content\/uploads\/2020\/01\/gabriel\u00e4\u00e4\u00e4-\u00f6\u00f6\u00f6\u00f6\u00fc\u00fc\u00fc\u00fc\u00fc\u00fc\u00fc\u00fc\u00fc\u00fc\u00fc-768x960.jpg 768w, https:\/\/zonenklaus.de\/wordpress\/wp-content\/uploads\/2020\/01\/gabriel\u00e4\u00e4\u00e4-\u00f6\u00f6\u00f6\u00f6\u00fc\u00fc\u00fc\u00fc\u00fc\u00fc\u00fc\u00fc\u00fc\u00fc\u00fc-819x1024.jpg 819w, https:\/\/zonenklaus.de\/wordpress\/wp-content\/uploads\/2020\/01\/gabriel\u00e4\u00e4\u00e4-\u00f6\u00f6\u00f6\u00f6\u00fc\u00fc\u00fc\u00fc\u00fc\u00fc\u00fc\u00fc\u00fc\u00fc\u00fc-624x780.jpg 624w, https:\/\/zonenklaus.de\/wordpress\/wp-content\/uploads\/2020\/01\/gabriel\u00e4\u00e4\u00e4-\u00f6\u00f6\u00f6\u00f6\u00fc\u00fc\u00fc\u00fc\u00fc\u00fc\u00fc\u00fc\u00fc\u00fc\u00fc.jpg 1000w\" sizes=\"auto, (max-width: 120px) 100vw, 120px\" \/><\/a>Weshalb erkl\u00e4rt eigentlich niemand der <a href=\"https:\/\/www.spiegel.de\/politik\/deutschland\/sigmar-gabriel-spd-politikerin-cansel-kiziltepe-kritisiert-seinen-wechsel-zur-deutschen-bank-a-95302011-ca6a-4b9e-b809-e636b2ad3d89\">Witzboldin, Valerie H\u00f6hne<\/a>, dass Sigi <strong>nur <\/strong>zur Lobby&#8221;arbeit&#8221; geholt wird. Wobei ich stark bezweifle, ob er das irgendwie hinbekommen w\u00fcrde. Nehme eher an, der soll lediglich als Maskottchen durchgehen, denn als Weihnachtsmann.<br \/>\nOb er zur Begr\u00fc\u00dfung vom Scheich bereits eine Rolex bekommen hat?<br \/>\nWesentlich komischer ist die obige Einsch\u00e4tzung: &#8220;Er besch\u00e4digt die Glaubw\u00fcrdigkeit der SPD&#8221;<br \/>\nWer soll denn der Krrrrritiker sein?<br \/>\nDie Nase m\u00fcsste mir erst mal versichern, wo der hellrote Verein seine gammligen Reste von Glaubw\u00fcrdigkeit versteckt hat. Wenn jemand in der erahnten <em>Glaubw\u00fcrdigkeit<\/em>, noch ein letztes Aufb\u00e4umen vor dem endg\u00fcltigen Seppuku erkennt, der soll dann keine weiteren leeren Versprechungen ausposaunen und endlich loslegen! Aber gleich als Massenevent, denn <i>lieber ein <\/i><i><b>Ende mit Schrecken <\/b><\/i><i>als ein ewig anhaltender Schrecken ohne Ende<\/i><b>! <\/b><br \/>\nWie w\u00e4re es denn, vor solch bedeutsamer Freitodfestivit\u00e4t noch eine imposante Doppelspitze zu etablieren, von gro\u00dfem Format, mit unendlich praktischer Erfahrung &#8211; ich empfele das Tandem <i>Schulz&amp;Nahles<\/i><strong>! !\u00a0 !<\/strong><br \/>\nGenossen*<sup><b>INNEN usw. <\/b><\/sup>traut Euch<b>! <\/b><br \/>\nAber hurtig und kompromisslos<strong>!<\/strong><\/p>\n","protected":false},"excerpt":{"rendered":"<p>Sigmar Gabriel will Aufsichtsrat bei der Deutschen Bank werden. Die Entscheidung sorgt auch in der SPD f\u00fcr Unmut. Der Eindruck von Kritikern: Der fr\u00fchere Vizekanzler wird f\u00fcr Lobbyarbeit geholt. Weshalb erkl\u00e4rt eigentlich niemand der Witzboldin, Valerie H\u00f6hne, dass Sigi nur zur Lobby&#8221;arbeit&#8221; geholt wird. Wobei ich stark bezweifle, ob er das irgendwie hinbekommen w\u00fcrde. Nehme [&hellip;]<\/p>\n","protected":false},"author":6,"featured_media":0,"comment_status":"open","ping_status":"open","sticky":false,"template":"","format":"standard","meta":{"footnotes":""},"categories":[1],"tags":[],"class_list":["post-33569","post","type-post","status-publish","format-standard","hentry","category-allgemeines"],"_links":{"self":[{"href":"https:\/\/zonenklaus.de\/wordpress\/index.php?rest_route=\/wp\/v2\/posts\/33569","targetHints":{"allow":["GET"]}}],"collection":[{"href":"https:\/\/zonenklaus.de\/wordpress\/index.php?rest_route=\/wp\/v2\/posts"}],"about":[{"href":"https:\/\/zonenklaus.de\/wordpress\/index.php?rest_route=\/wp\/v2\/types\/post"}],"author":[{"embeddable":true,"href":"https:\/\/zonenklaus.de\/wordpress\/index.php?rest_route=\/wp\/v2\/users\/6"}],"replies":[{"embeddable":true,"href":"https:\/\/zonenklaus.de\/wordpress\/index.php?rest_route=%2Fwp%2Fv2%2Fcomments&post=33569"}],"version-history":[{"count":5,"href":"https:\/\/zonenklaus.de\/wordpress\/index.php?rest_route=\/wp\/v2\/posts\/33569\/revisions"}],"predecessor-version":[{"id":33575,"href":"https:\/\/zonenklaus.de\/wordpress\/index.php?rest_route=\/wp\/v2\/posts\/33569\/revisions\/33575"}],"wp:attachment":[{"href":"https:\/\/zonenklaus.de\/wordpress\/index.php?rest_route=%2Fwp%2Fv2%2Fmedia&parent=33569"}],"wp:term":[{"taxonomy":"category","embeddable":true,"href":"https:\/\/zonenklaus.de\/wordpress\/index.php?rest_route=%2Fwp%2Fv2%2Fcategories&post=33569"},{"taxonomy":"post_tag","embeddable":true,"href":"https:\/\/zonenklaus.de\/wordpress\/index.php?rest_route=%2Fwp%2Fv2%2Ftags&post=33569"}],"curies":[{"name":"wp","href":"https:\/\/api.w.org\/{rel}","templated":true}]}}