{"id":33577,"date":"2020-01-29T22:07:16","date_gmt":"2020-01-29T21:07:16","guid":{"rendered":"http:\/\/zonenklaus.de\/wordpress\/?p=33577"},"modified":"2020-01-30T12:02:43","modified_gmt":"2020-01-30T11:02:43","slug":"franziska-giffey-will-doppelspitze-mit-raed-saleh-fuer-die-berliner-spd","status":"publish","type":"post","link":"https:\/\/zonenklaus.de\/wordpress\/?p=33577","title":{"rendered":"Franziska Giffey will Doppelspitze mit Raed Saleh f\u00fcr die Berliner SPD"},"content":{"rendered":"<p><a href=\"https:\/\/www.bz-berlin.de\/landespolitik\/franziska-giffey-will-doppelspitze-mit-raed-saleh-fuer-die-berliner-spd\">Pressekonferenz<\/a><br \/>\nGenossin FraGi will Co-Chefin der Berliner SPD werden und der Fraktionschef der SPD im Abgeordnetenhaus, RaSa, ihr Co-Vorsitzender, weil der vollkommen farblose, MiM\u00fc, im Mai nicht mehr f\u00fcr den Posten kandidiert. Selbiger scheint irgendwie von einer Art Virus befallen zu sein, vielleicht in Richtung des damaligen <del>P<\/del>Wo<del>b<\/del>wereit Siechtums.<br \/>\nEgal was aus dem gemischten Doppel werden soll, eine brauchbare Doppelspitze werden sie nicht basteln k\u00f6nnen, obwohl Franzi hierzu abl\u00e4sst: <i>\u201eIch bin bereit dazu. Und ich m\u00f6chte gerne ein Angebot machen. Wir wollen auch in Berlin eine Doppelspitze, die Arbeit auf mehreren Schultern verteilt. Wenn wir teilen, k\u00f6nnen wir st\u00e4rker sein. Deswegen habe ich mich entschieden, dass gemeinsam zu tun. Mit Raed Saleh.\u201c<\/i><br \/>\nSchon merkw\u00fcrdig, diese idiotische Interpretation, wenn jemand meint: <i>Geteiltes Leid ist halbes Leid, wenn es auf mehreren Schultern gelagert wird.<\/i> Dies mag funktionieren, wenn von vornherein gemeinsame Schnittmengen f\u00fcr eine tragbare Basis vorhanden w\u00e4re. Dem ist aber nicht so, weil die Herangehensweise f\u00fcr dieses labiles B\u00fcndnis unterschiedlicher nicht seine k\u00f6nnen. Es beginnt ja damit, keiner der beiden kann auf ein entsprechend parteiinternes Profil verweisen, welches die \u00fcberwiegenden Mehrheit der zahlenden Mitl\u00e4ufer des hellroten Vereins, auch nur in Anfl\u00fcgen eine gewissen Begeisterungsf\u00e4higkeit entlocken k\u00f6nnte. Dadurch wird lediglich der eingeschlagene Weg in Richtung vollkommener Bedeutungslosigkeit frohen Mutes weiter getorkelt <strong>&#8211;<\/strong> <em>erinnere in dem Zusammenhang nur an Blase Gabriel, welcher nun endlich die gro\u00dfe Kohle machen will, nach seiner jahrelangen sinnlosen Darberei im dahinsiechenden Sozen-Verein<\/em>&#8230;<br \/>\nDem es in den vergangenen Jahrzehnten an Leuten mit F\u00fchrungsqualit\u00e4ten und z\u00fcndenden Ideen fehlte. Will nicht alles nur schlecht machen, daf\u00fcr wurden aber auch immer wieder irgendwelche Komiker aufgeboten, wobei man entsprechende Quotentanten auch nie verga\u00df. Deren Lachnummern mir oftmals wesentlich besser gefielen, mit Ausnahme der von Mr. 100% Schulz!<br \/>\nDa taucht der<em> lauwarme<\/em> Genosse pl\u00f6tzlich ab und als sein Nachfolger wird eine visionsressistente Lusche aus dem \u00c4rmel gezaubert &#8211; <em>w\u00fcrde f\u00fcr ihn einen Kartenz\u00e4hlwert von Caro 8 oder h\u00f6chstens 9 ansetzen<\/em> &#8211; der will nun einen Teil seiner Verantwortung niederlegen, dar\u00fcber hinaus aber, als Lame Duck, genauso weiter frickeln wollen. Das h\u00e4lt man doch im Kopf nicht aus und mit der angedrohten stumpfen Doppelspitze wir es ebenso wenig zu merklichen Verbesserungen kommen, weder im hundeverschissenen Bundeshauptdorf, noch auf L\u00e4nderebenen!<!--more--><br \/>\nWas soll man \u00fcberhaupt als herausragenden Vorteil einer zweizinkigen Spitze erkennen? Letztlich ist gerade im vorgesehenen Fall deutlich zu erkennen, dass es \u00fcberhaupt nicht um irgendwelche prognostischen Verbesserungen f\u00fcr die Untertanen gehen wird, weil beliebige hirnrissige Quotenvorgaben erf\u00fcllt werden m\u00fcssen. Vornweg nat\u00fcrlich die weichgesp\u00fclten Selbstdarstellungsversuche beider Aspiranten, damit letztendlich ein demokratisch ausgewogener Quotenbrei herauskommt.<br \/>\nKann gar nicht so schr\u00e4g denken, was man dabei alles erwarten kann: Ossi, Menstruationshintergrund, Dr. plag &#8211; <a href=\"https:\/\/www.spiegel.de\/lebenundlernen\/uni\/franziska-giffey-dissertation-zwar-legal-aber-wertlos-kommentar-a-1294259.html\"><i>Legal, aber wertlos<\/i><\/a>, Mutter, nett, immer politisch korrekt, blond <a href=\"https:\/\/www.rbb24.de\/politik\/beitrag\/2020\/01\/ehemann-karsten-giffey-verlust-beamtenjob-betrugsvorwuerfe.html\">usw&#8230;<\/a><br \/>\nBei ihm ist nat\u00fcrlich der wichtigste Grund, seine grenzenlose Eitelkeit endlich noch zu kr\u00f6nen mit dem dann ewig gehypten Hinweis auf seinen sozialen Status, vom steinigen Weg eines kleinen Pal\u00e4stinenserbuben zum hellroten Politstar&#8230;<br \/>\nM\u00f6glicherweise sind die Anspr\u00fcche, die man auch bei den zwei blakenden Leutchen hat, einfach zu hoch angesiedelt. Fr\u00fcher gab es z. B. die Begr\u00fcndung, wenn ganz bestimmte Individuen irgendwo im Doppelpack auftauchten, handelte es sich um eine ganz wichtige arbeitsbedingte Symbiose, der eine konnte lesen, der andere schreiben&#8230;<\/p>\n<p><strong>PS. <\/strong>Vor ein paar Monaten machte ich in jene Richtung eine Probe auf\u00b4s Exempel, bei zwei Gendarmen&#8230;<\/p>\n","protected":false},"excerpt":{"rendered":"<p>Pressekonferenz Genossin FraGi will Co-Chefin der Berliner SPD werden und der Fraktionschef der SPD im Abgeordnetenhaus, RaSa, ihr Co-Vorsitzender, weil der vollkommen farblose, MiM\u00fc, im Mai nicht mehr f\u00fcr den Posten kandidiert. Selbiger scheint irgendwie von einer Art Virus befallen zu sein, vielleicht in Richtung des damaligen PWobwereit Siechtums. Egal was aus dem gemischten Doppel [&hellip;]<\/p>\n","protected":false},"author":6,"featured_media":0,"comment_status":"open","ping_status":"open","sticky":false,"template":"","format":"standard","meta":{"footnotes":""},"categories":[1],"tags":[],"class_list":["post-33577","post","type-post","status-publish","format-standard","hentry","category-allgemeines"],"_links":{"self":[{"href":"https:\/\/zonenklaus.de\/wordpress\/index.php?rest_route=\/wp\/v2\/posts\/33577","targetHints":{"allow":["GET"]}}],"collection":[{"href":"https:\/\/zonenklaus.de\/wordpress\/index.php?rest_route=\/wp\/v2\/posts"}],"about":[{"href":"https:\/\/zonenklaus.de\/wordpress\/index.php?rest_route=\/wp\/v2\/types\/post"}],"author":[{"embeddable":true,"href":"https:\/\/zonenklaus.de\/wordpress\/index.php?rest_route=\/wp\/v2\/users\/6"}],"replies":[{"embeddable":true,"href":"https:\/\/zonenklaus.de\/wordpress\/index.php?rest_route=%2Fwp%2Fv2%2Fcomments&post=33577"}],"version-history":[{"count":5,"href":"https:\/\/zonenklaus.de\/wordpress\/index.php?rest_route=\/wp\/v2\/posts\/33577\/revisions"}],"predecessor-version":[{"id":33582,"href":"https:\/\/zonenklaus.de\/wordpress\/index.php?rest_route=\/wp\/v2\/posts\/33577\/revisions\/33582"}],"wp:attachment":[{"href":"https:\/\/zonenklaus.de\/wordpress\/index.php?rest_route=%2Fwp%2Fv2%2Fmedia&parent=33577"}],"wp:term":[{"taxonomy":"category","embeddable":true,"href":"https:\/\/zonenklaus.de\/wordpress\/index.php?rest_route=%2Fwp%2Fv2%2Fcategories&post=33577"},{"taxonomy":"post_tag","embeddable":true,"href":"https:\/\/zonenklaus.de\/wordpress\/index.php?rest_route=%2Fwp%2Fv2%2Ftags&post=33577"}],"curies":[{"name":"wp","href":"https:\/\/api.w.org\/{rel}","templated":true}]}}