{"id":33674,"date":"2020-02-13T21:15:56","date_gmt":"2020-02-13T20:15:56","guid":{"rendered":"http:\/\/zonenklaus.de\/wordpress\/?p=33674"},"modified":"2020-02-14T10:35:19","modified_gmt":"2020-02-14T09:35:19","slug":"von-der-leyen-raeumt-fehler-in-berateraffaere-ein","status":"publish","type":"post","link":"https:\/\/zonenklaus.de\/wordpress\/?p=33674","title":{"rendered":"Von der Leyen r\u00e4umt Fehler in Berateraff\u00e4re ein"},"content":{"rendered":"<p>Man h\u00e4lt es im Kopf nicht aus, sie hat es wieder geschafft. <a href=\"https:\/\/www.zeit.de\/politik\/deutschland\/2020-02\/ursula-von-der-leyen-untersuchungsausschuss-berateraffaere-bundeswehr\">Solch<em>e Figuren<\/em>,<\/a> aus deren Verhalten ewig Steilvorlagen f\u00fcr die <i>Rechte Front<\/i> resultieren, stehen in <i>UNSERER Bananenrepublik <\/i>unter permanenten Naturschutz&#8230;<br \/>\nNun taucht bereits der <i><a href=\"https:\/\/www.presseportal.de\/pm\/9377\/202864\">n\u00e4chste schnackende<\/a> <a href=\"https:\/\/www.spiegel.de\/panorama\/friedrich-merz-hat-er-seine-jugendsuenden-nur-erfunden-a-107627.html\">Kompetenzsimulant <\/a><\/i>auf, der letztlich f\u00fcr <i>dieses unseres Land<\/i> noch gef\u00e4hrlicher wird. Zumal er nicht wei\u00df, auf welcher Seite er eigentlich steht,<br \/>\nzumindest steht er unterschiedlich und solche <a href=\"https:\/\/www.bild.de\/politik\/inland\/politik-inland\/merz-aetzt-gegen-akk-neue-runde-im-cdu-machtkrampf-68789166.bild.html\">Wankelm\u00fcter<\/a> braucht das Land ganz dringend!<br \/>\nAlles Leute, die nichts weiter k\u00f6nnen, als Politik!<br \/>\nWas kann ich daraus schlie\u00dfen?<br \/>\nBei einem ganz normalen Blick, \u00fcber <i>von der Leyen<\/i> und dem <i>M\u00f6chtgernprobierpolitiker<\/i> <i>Merz <\/i>hinaus, k\u00f6nnte doch jeder etwas registrieren, allerdings m\u00fcsste dazu ein belangloser Vergleich angestellt werden! Was jenes daraus resultierende Ergebnis betr\u00e4fe, sogar weltweit gesehen, kann man nur zu der schlichten Erkenntnis gelangen, dass jedwede moralischen Ansichten zwischenmenschlicher Art, geboren unter der \u00c4gide weitsichtiger Betrachter zur Periode der Aufkl\u00e4rung, nun seit ewigen Zeiten bereits verkommen, zu beliebigem verbalen M\u00fcll. M\u00f6chte deshalb nat\u00fcrlich bei keinem(!) Politiker den Versuch starten, ihn auch nur ansatzweise mit dem <a href=\"https:\/\/de.wikipedia.org\/wiki\/Kategorischer_Imperativ\"><span lang=\"de-DE\"><i>Kategorischer Imperativ<\/i><\/span><\/a><span lang=\"de-DE\"> von Immanuel <\/span><span lang=\"de-DE\"><i>Cu<\/i><\/span><span lang=\"de-DE\">nt in Verbindung zubringen! <\/span><br \/>\n<span lang=\"de-DE\">Momenten f\u00e4llt mir auf UNSERER Erdenscheibe n\u00e4mlich kein einziger demokratisch gew\u00e4hlter Volks<\/span><span lang=\"de-DE\"><i>ver<\/i><\/span><span lang=\"de-DE\">treter dazu ein, auch kein Monarch oder <\/span><span lang=\"de-DE\"><i>Diktator<\/i><\/span><span lang=\"de-DE\">, bei dem man ein gewisses Quantum an <\/span><span lang=\"de-DE\"><i>sittlicher Reife<\/i><\/span><span lang=\"de-DE\"> vermuten k\u00f6nnte, die ihn <\/span><span lang=\"de-DE\"><i>nachhaltig<\/i><\/span><span lang=\"de-DE\"> f\u00fcr den dauerhaften Job einer F\u00fchrerpers\u00f6nlichkeit bef\u00e4higen w\u00fcrde! <\/span><br \/>\n<span lang=\"de-DE\">Damit obendrein alles so bleibt, daf\u00fcr sorgen schon die entsprechenden Seilschaften der Parteien, unter entsprechender Hilfestellungen <\/span><span lang=\"de-DE\"><i>vierter Gewalt<\/i><\/span><span lang=\"de-DE\">t\u00e4ter! <\/span><br \/>\n<span lang=\"de-DE\">Nicht zu vergessen die Verbreitung massenhafter Kommunikationg\u00fclle s\u00e4mtlicher anonymer <\/span><span lang=\"de-DE\">Verbalwixer<\/span><sup><span lang=\"de-DE\"><b>*INNEN usw. <\/b><\/span><\/sup><span lang=\"de-DE\">in den <\/span><span lang=\"de-DE\"><i>sozialen Medien<\/i><\/span><span lang=\"de-DE\">! <\/span><br \/>\nMich fragt wieder keiner, ich schlage f\u00fcr s\u00e4mtliche F\u00fchrungs\u00e4mter des Christenvereins, mindestens aber in drei oder vier Funktionen, das obskure Nordlicht vor, wei\u00df gar nicht, ob es sich bei dem <a href=\"https:\/\/www.wiedenroth-karikatur.de\/KariAblage201805\/20180509_Merkel_Amthor_Nachwuchs_Streber.jpg\"><i>Mutters\u00f6hnchen<\/i><\/a> um einen <i>Fisch-<\/i> oder einen <i>Wruggenkopp<\/i> handelt.<br \/>\nIst auch egal, zumindest sprechen seine blutleeren Sichellippen viel B\u00e4nde&#8230;<\/p>\n<p>&nbsp;<\/p>\n","protected":false},"excerpt":{"rendered":"<p>Man h\u00e4lt es im Kopf nicht aus, sie hat es wieder geschafft. Solche Figuren, aus deren Verhalten ewig Steilvorlagen f\u00fcr die Rechte Front resultieren, stehen in UNSERER Bananenrepublik unter permanenten Naturschutz&#8230; Nun taucht bereits der n\u00e4chste schnackende Kompetenzsimulant auf, der letztlich f\u00fcr dieses unseres Land noch gef\u00e4hrlicher wird. Zumal er nicht wei\u00df, auf welcher Seite [&hellip;]<\/p>\n","protected":false},"author":6,"featured_media":0,"comment_status":"open","ping_status":"open","sticky":false,"template":"","format":"standard","meta":{"footnotes":""},"categories":[1],"tags":[],"class_list":["post-33674","post","type-post","status-publish","format-standard","hentry","category-allgemeines"],"_links":{"self":[{"href":"https:\/\/zonenklaus.de\/wordpress\/index.php?rest_route=\/wp\/v2\/posts\/33674","targetHints":{"allow":["GET"]}}],"collection":[{"href":"https:\/\/zonenklaus.de\/wordpress\/index.php?rest_route=\/wp\/v2\/posts"}],"about":[{"href":"https:\/\/zonenklaus.de\/wordpress\/index.php?rest_route=\/wp\/v2\/types\/post"}],"author":[{"embeddable":true,"href":"https:\/\/zonenklaus.de\/wordpress\/index.php?rest_route=\/wp\/v2\/users\/6"}],"replies":[{"embeddable":true,"href":"https:\/\/zonenklaus.de\/wordpress\/index.php?rest_route=%2Fwp%2Fv2%2Fcomments&post=33674"}],"version-history":[{"count":3,"href":"https:\/\/zonenklaus.de\/wordpress\/index.php?rest_route=\/wp\/v2\/posts\/33674\/revisions"}],"predecessor-version":[{"id":33679,"href":"https:\/\/zonenklaus.de\/wordpress\/index.php?rest_route=\/wp\/v2\/posts\/33674\/revisions\/33679"}],"wp:attachment":[{"href":"https:\/\/zonenklaus.de\/wordpress\/index.php?rest_route=%2Fwp%2Fv2%2Fmedia&parent=33674"}],"wp:term":[{"taxonomy":"category","embeddable":true,"href":"https:\/\/zonenklaus.de\/wordpress\/index.php?rest_route=%2Fwp%2Fv2%2Fcategories&post=33674"},{"taxonomy":"post_tag","embeddable":true,"href":"https:\/\/zonenklaus.de\/wordpress\/index.php?rest_route=%2Fwp%2Fv2%2Ftags&post=33674"}],"curies":[{"name":"wp","href":"https:\/\/api.w.org\/{rel}","templated":true}]}}