{"id":33717,"date":"2020-02-19T22:56:49","date_gmt":"2020-02-19T21:56:49","guid":{"rendered":"http:\/\/zonenklaus.de\/wordpress\/?p=33717"},"modified":"2020-02-29T23:03:51","modified_gmt":"2020-02-29T22:03:51","slug":"merkel-halte-mich-raus","status":"publish","type":"post","link":"https:\/\/zonenklaus.de\/wordpress\/?p=33717","title":{"rendered":"Merkel: Halte mich raus"},"content":{"rendered":"<p><a href=\"https:\/\/web.de\/magazine\/politik\/bundesregierung-angela-merkel\/merkel-halte-raus-cdu-streitet-mitgliederbefragung-34446302\">&#8211; CDU streitet um Mitgliederbefragung<\/a><\/p>\n<div id=\"attachment_33718\" style=\"width: 160px\" class=\"wp-caption alignleft\"><a href=\"https:\/\/zonenklaus.de\/wordpress\/wp-content\/uploads\/2020\/02\/Merkel-macht-den-Affen.jpg\"><img loading=\"lazy\" decoding=\"async\" aria-describedby=\"caption-attachment-33718\" class=\"size-thumbnail wp-image-33718\" src=\"http:\/\/zonenklaus.de\/wordpress\/wp-content\/uploads\/2020\/02\/Merkel-macht-den-Affen-150x88.jpg\" alt=\"&quot;Aussitzen&quot;  Der Publikumspreis geht an Georg Riemann \u00a9Riemann\" width=\"150\" height=\"88\" srcset=\"https:\/\/zonenklaus.de\/wordpress\/wp-content\/uploads\/2020\/02\/Merkel-macht-den-Affen-150x88.jpg 150w, https:\/\/zonenklaus.de\/wordpress\/wp-content\/uploads\/2020\/02\/Merkel-macht-den-Affen-300x176.jpg 300w, https:\/\/zonenklaus.de\/wordpress\/wp-content\/uploads\/2020\/02\/Merkel-macht-den-Affen-1024x601.jpg 1024w, https:\/\/zonenklaus.de\/wordpress\/wp-content\/uploads\/2020\/02\/Merkel-macht-den-Affen-768x451.jpg 768w, https:\/\/zonenklaus.de\/wordpress\/wp-content\/uploads\/2020\/02\/Merkel-macht-den-Affen-624x366.jpg 624w, https:\/\/zonenklaus.de\/wordpress\/wp-content\/uploads\/2020\/02\/Merkel-macht-den-Affen.jpg 1176w\" sizes=\"auto, (max-width: 150px) 100vw, 150px\" \/><\/a><p id=\"caption-attachment-33718\" class=\"wp-caption-text\">&#8220;Aussitzen&#8221;<br \/>Der Publikumspreis geht an Georg Riemann<br \/>\u00a9Riemann<\/p><\/div>\n<p>Hat diese Frau sich in entscheidenden Momenten \u00fcberhaupt einmal anders verhalten?<br \/>\nJene uns\u00e4gliche Mentalit\u00e4t hat sie optimal von ihrem damaligen Scheffchen, dem dicken Oggersheimer, \u00fcbernommen und noch entsprechend kultiviert!<br \/>\nWarum sollte sich sich in jetzigen Tagen anders verhalten, noch dazu, wo sie bald abgekanzelt wird?<br \/>\nW\u00fcrde Frau Kanzler sich w\u00e4hrenden der momentan herrschenden abartigen Umst\u00e4nde ganz anders verhalten, wo alle ringsumher die <i>sog. Demokratie <\/i>nur noch ad absurdum f\u00fchren und sie pl\u00f6tzlich den Finger aus der Perforierung ihrer Sitzwangen herausz\u00f6ge, um wenigstens einmal, als wirkliche Pers\u00f6nlichkeit mit F\u00fchrerqualit\u00e4ten aufzutreten, dann k\u00e4men mir augenblicklich \u00e4u\u00dferst ernstzunehmende Bedenken hoch!<br \/>\nIn solch ungew\u00f6hnlichem und ihr vollkommen wesensfremden Verhalten, s\u00e4he ich ruckartig nur einen vollkommen unbekannten Zustand, den ich augenblicklich mit einem neuerlichen Coronavirus-Symptom in Verbindung bringen w\u00fcrde!<br \/>\n<b>&#8211; <\/b>Hier handelt es sich um meine ganz pers\u00f6nliche Meinung, die <em>eines einschl\u00e4gig bekannten Tresenvirologen aus dem Wilmersdorfer Kiez<\/em> und sie wird nicht zu Propagandazwecken missbraucht!<\/p>\n","protected":false},"excerpt":{"rendered":"<p>&#8211; CDU streitet um Mitgliederbefragung Hat diese Frau sich in entscheidenden Momenten \u00fcberhaupt einmal anders verhalten? Jene uns\u00e4gliche Mentalit\u00e4t hat sie optimal von ihrem damaligen Scheffchen, dem dicken Oggersheimer, \u00fcbernommen und noch entsprechend kultiviert! Warum sollte sich sich in jetzigen Tagen anders verhalten, noch dazu, wo sie bald abgekanzelt wird? W\u00fcrde Frau Kanzler sich w\u00e4hrenden [&hellip;]<\/p>\n","protected":false},"author":6,"featured_media":0,"comment_status":"open","ping_status":"open","sticky":false,"template":"","format":"standard","meta":{"footnotes":""},"categories":[1],"tags":[],"class_list":["post-33717","post","type-post","status-publish","format-standard","hentry","category-allgemeines"],"_links":{"self":[{"href":"https:\/\/zonenklaus.de\/wordpress\/index.php?rest_route=\/wp\/v2\/posts\/33717","targetHints":{"allow":["GET"]}}],"collection":[{"href":"https:\/\/zonenklaus.de\/wordpress\/index.php?rest_route=\/wp\/v2\/posts"}],"about":[{"href":"https:\/\/zonenklaus.de\/wordpress\/index.php?rest_route=\/wp\/v2\/types\/post"}],"author":[{"embeddable":true,"href":"https:\/\/zonenklaus.de\/wordpress\/index.php?rest_route=\/wp\/v2\/users\/6"}],"replies":[{"embeddable":true,"href":"https:\/\/zonenklaus.de\/wordpress\/index.php?rest_route=%2Fwp%2Fv2%2Fcomments&post=33717"}],"version-history":[{"count":3,"href":"https:\/\/zonenklaus.de\/wordpress\/index.php?rest_route=\/wp\/v2\/posts\/33717\/revisions"}],"predecessor-version":[{"id":33817,"href":"https:\/\/zonenklaus.de\/wordpress\/index.php?rest_route=\/wp\/v2\/posts\/33717\/revisions\/33817"}],"wp:attachment":[{"href":"https:\/\/zonenklaus.de\/wordpress\/index.php?rest_route=%2Fwp%2Fv2%2Fmedia&parent=33717"}],"wp:term":[{"taxonomy":"category","embeddable":true,"href":"https:\/\/zonenklaus.de\/wordpress\/index.php?rest_route=%2Fwp%2Fv2%2Fcategories&post=33717"},{"taxonomy":"post_tag","embeddable":true,"href":"https:\/\/zonenklaus.de\/wordpress\/index.php?rest_route=%2Fwp%2Fv2%2Ftags&post=33717"}],"curies":[{"name":"wp","href":"https:\/\/api.w.org\/{rel}","templated":true}]}}