{"id":33823,"date":"2020-02-29T22:13:44","date_gmt":"2020-02-29T21:13:44","guid":{"rendered":"https:\/\/zonenklaus.de\/wordpress\/?p=33823"},"modified":"2022-02-27T18:04:59","modified_gmt":"2022-02-27T17:04:59","slug":"bereits-vor-spechts-jewgeni-oder-ecki-beerdigung-in-der-kalten-heimat-kam-mir-bruder-hein-schon-oefters-ins-gedaechtnis","status":"publish","type":"post","link":"https:\/\/zonenklaus.de\/wordpress\/?p=33823","title":{"rendered":"Bereits vor Specht\u00b4s (Jewgeni oder Ecki) Beerdigung in der kalten Heimat, kam mir Bruder Hein schon \u00f6fters ins Ged\u00e4chtnis&#8230;"},"content":{"rendered":"<p><a href=\"https:\/\/www.youtube.com\/watch?v=QiWg0sYc4t0\">Vorher den Link anklicken, da l\u00e4uft dann ein entsprechender Hit!<\/a><br \/>\nHatte in dem Zusammenhang bereits mehrere Schriebe begonnen und nicht fertiggestellt.<br \/>\n<a href=\"https:\/\/zonenklaus.de\/wordpress\/wp-content\/uploads\/2020\/03\/a-pest.1.jpg\"><img loading=\"lazy\" decoding=\"async\" class=\"alignleft size-thumbnail wp-image-33826\" src=\"https:\/\/zonenklaus.de\/wordpress\/wp-content\/uploads\/2020\/03\/a-pest.1-90x150.jpg\" alt=\"\" width=\"90\" height=\"150\" srcset=\"https:\/\/zonenklaus.de\/wordpress\/wp-content\/uploads\/2020\/03\/a-pest.1-90x150.jpg 90w, https:\/\/zonenklaus.de\/wordpress\/wp-content\/uploads\/2020\/03\/a-pest.1-180x300.jpg 180w, https:\/\/zonenklaus.de\/wordpress\/wp-content\/uploads\/2020\/03\/a-pest.1-616x1024.jpg 616w, https:\/\/zonenklaus.de\/wordpress\/wp-content\/uploads\/2020\/03\/a-pest.1-624x1038.jpg 624w, https:\/\/zonenklaus.de\/wordpress\/wp-content\/uploads\/2020\/03\/a-pest.1.jpg 660w\" sizes=\"auto, (max-width: 90px) 100vw, 90px\" \/><\/a><a href=\"https:\/\/zonenklaus.de\/wordpress\/wp-content\/uploads\/2020\/03\/a-pest.2.jpg\"><img loading=\"lazy\" decoding=\"async\" class=\"alignleft size-thumbnail wp-image-33827\" src=\"https:\/\/zonenklaus.de\/wordpress\/wp-content\/uploads\/2020\/03\/a-pest.2-89x150.jpg\" alt=\"\" width=\"89\" height=\"150\" srcset=\"https:\/\/zonenklaus.de\/wordpress\/wp-content\/uploads\/2020\/03\/a-pest.2-89x150.jpg 89w, https:\/\/zonenklaus.de\/wordpress\/wp-content\/uploads\/2020\/03\/a-pest.2-177x300.jpg 177w, https:\/\/zonenklaus.de\/wordpress\/wp-content\/uploads\/2020\/03\/a-pest.2-605x1024.jpg 605w, https:\/\/zonenklaus.de\/wordpress\/wp-content\/uploads\/2020\/03\/a-pest.2-624x1057.jpg 624w, https:\/\/zonenklaus.de\/wordpress\/wp-content\/uploads\/2020\/03\/a-pest.2.jpg 652w\" sizes=\"auto, (max-width: 89px) 100vw, 89px\" \/><\/a><a href=\"https:\/\/zonenklaus.de\/wordpress\/wp-content\/uploads\/2020\/03\/a-pest.3.jpg\"><img loading=\"lazy\" decoding=\"async\" class=\"alignleft size-thumbnail wp-image-33828\" src=\"https:\/\/zonenklaus.de\/wordpress\/wp-content\/uploads\/2020\/03\/a-pest.3-86x150.jpg\" alt=\"\" width=\"86\" height=\"150\" srcset=\"https:\/\/zonenklaus.de\/wordpress\/wp-content\/uploads\/2020\/03\/a-pest.3-86x150.jpg 86w, https:\/\/zonenklaus.de\/wordpress\/wp-content\/uploads\/2020\/03\/a-pest.3-173x300.jpg 173w, https:\/\/zonenklaus.de\/wordpress\/wp-content\/uploads\/2020\/03\/a-pest.3-590x1024.jpg 590w, https:\/\/zonenklaus.de\/wordpress\/wp-content\/uploads\/2020\/03\/a-pest.3-624x1083.jpg 624w, https:\/\/zonenklaus.de\/wordpress\/wp-content\/uploads\/2020\/03\/a-pest.3.jpg 648w\" sizes=\"auto, (max-width: 86px) 100vw, 86px\" \/><\/a>Zumal ich aus unerfindlichen Gr\u00fcnden, mir Anfang des Jahres, die Pest nochmals einzog. Des B\u00fcchlein war ein Geschenk f\u00fcr die Scheffin vor 34 Jahren. Witzig fand ich Nelly\u00b4s kleinen Spruch, ob man zu jenem Thema wirklich Spa\u00df beim Lesen haben sollte?<br \/>\n<a href=\"http:\/\/www.zeno.org\/Literatur\/M\/George,+Stefan\/Gesamtausgabe+der+Werke\/Der+Teppich+des+Lebens+und+die+Lieder+von+Traum+und+Tod\/Die+Lieder+von+Traum+und+Tod\/Traum+und+Tod\">Doch schon!<\/a><br \/>\nAu\u00dferdem sollte man sich den Heimgang eines Familienangeh\u00f6rigen, eines Kumpels, Freundes oder guten Bekannten, durch den endg\u00fcltigen Schnitt des Sensenmannes nicht total vermiesen lassen! Deshalb fand nicht nur ich, diese Trauerveranstaltung ganz sch\u00f6n schr\u00e4g, zumal der Verblichene ein lebenslustiger Kerl war und auch sonst den vielen angenehmen Seiten des Lebens, wei\u00df Gott nicht abgeneigt war&#8230;<br \/>\nZumindest kam kein Bammel auf, dass sich in der Trauerhalle die Deckenbalken so bogen und \u00c4ngste aufkamen, wegen eines zu bef\u00fcrchteten Einsturzes, weil Redner das Blaue vom Himmel herunter logen&#8230;<br \/>\nWenn ich an<a href=\"https:\/\/zonenklaus.de\/wordpress\/?p=31122\"> Mannes Bestattung<\/a> denke, sie fand vor zwei Jahren statt, da wurde die Stunde in der Halle, mit vielen Schnurren von Trauernden total aufgelockert. Wobei man sich bei mancher Story wirklich wegschmei\u00dfen konnte, so wurde der Verblichene nochmals kurz zur\u00fcckgeholt und ganz nebenbei erfuhr die anwesende Gemeinde sehr lustige Kleinigkeiten, die nochmals aufgef\u00e4delt wurden, wie sch\u00f6ne Perlen auf einer Schnur.<br \/>\nBeim anschlie\u00dfenden Fell versaufen, schafften sich dann Vince Weber <span style=\"font-family: Times New Roman, serif;\"><b>(\u2020<\/b><\/span><span style=\"font-family: Times New Roman, serif;\"> 23. Februar 2020<\/span><span style=\"font-family: Times New Roman, serif;\"><b>) <\/b><\/span>und Piano-Schulze noch an den Tasten in meiner Stammkneipe. Fast h\u00e4tte ich ST und Blues-Gunther vergessen, die auch noch ihr Teil dazu beitrugen. Unterbrochen wurde alles immer wieder mit kleinen Geschichten &#8211; Manne hat es bestimmt gefallen!<br \/>\n<!--more-->Obwohl das kurze irdische Dasein ein einziges Sterben ist, wird man nicht auf das anstehende Finale vorbereitet, <a href=\"https:\/\/www.youtube.com\/watch?v=hDHzVkfASb4\">wenn man schlie\u00dflich aus dem Traum des Lebens erwacht!<\/a><br \/>\nM\u00f6chte den Rest abk\u00fcrzen, will aber nochmal an die agilen<em> Corona-Flippies<\/em> erinnern, mit deren Verbreitung man rund um die Uhr genervt wird, wobei das ende der Fahnenstange noch nicht erreicht wurde mit dem unaufh\u00f6rlichen dusseligen Gequatsche, bis hoch zum \u201eSchefff-Pr\u00e4sidenten-Ober-E<i>sk<\/i>perten\u201c vom Koch-Institut!<br \/>\nAlles gafft mit gro\u00dfen entz\u00fcndeten Sehschlitzen erheischend auf die erb\u00e4rmlichen Erg\u00fcsse der Medien und lauert auf irgendwelche imagin\u00e4ren Verhei\u00dfungen.<br \/>\n<a href=\"https:\/\/zonenklaus.de\/wordpress\/wp-content\/uploads\/2020\/03\/H\u00e4nde.png\"><img loading=\"lazy\" decoding=\"async\" class=\"alignleft size-thumbnail wp-image-33829\" src=\"https:\/\/zonenklaus.de\/wordpress\/wp-content\/uploads\/2020\/03\/H\u00e4nde-150x148.png\" alt=\"\" width=\"150\" height=\"148\" srcset=\"https:\/\/zonenklaus.de\/wordpress\/wp-content\/uploads\/2020\/03\/H\u00e4nde-150x148.png 150w, https:\/\/zonenklaus.de\/wordpress\/wp-content\/uploads\/2020\/03\/H\u00e4nde-300x295.png 300w, https:\/\/zonenklaus.de\/wordpress\/wp-content\/uploads\/2020\/03\/H\u00e4nde.png 460w\" sizes=\"auto, (max-width: 150px) 100vw, 150px\" \/><\/a>Kann dazu nur inbr\u00fcnstig etwas schmackhaft machen: <i><b>Beten, beten nochmals beten! <\/b><\/i>&#8211;<b> Aber vorher richtig die H\u00e4nde waschen!<\/b><br \/>\nAnsonsten, falls es erst mal richtig losgeht, kann ich nur empfehlen, es so zu h\u00e4ndeln, wie es Boccaccio <a href=\"https:\/\/www.projekt-gutenberg.org\/boccacio\/dekamer1\/chap001.html\">im Angesicht der Pest<\/a> schilderte. Dies ist allerdings nur ein Tip f\u00fcr j\u00fcngere Zeitgenossen! Leute trefft Euch! Legt Eure Kommunikationsprothesen schnell beiseite, sauft, fresst und v\u00f6gelt herum bis zum zum<i> St. Nimmerleinstag<\/i>.<br \/>\nWeil ich mein Finger nicht aus dem Arsch bekam,<a href=\"https:\/\/www.tagesspiegel.de\/kultur\/seuchen-in-der-literatur-krankheit-als-zeitraffer\/25594584.html\"> ward heute etwas im TAGESSPITZEL gedruckt<\/a>, ein lesenswerter Artikel. Hatte vor einigen Tagen etwas in jene Richtung begonnen, habe es halt verpeilt!<br \/>\nTrotzdem noch ein kultureller Hinweis in Richtung Tod und dem entsprechenden Umgang damit! Lohnt sich, daf\u00fcr mal die <a href=\"https:\/\/www.schaubude.berlin\/spielplan\/03\/abendprogramm\/sense\/\">SCHAUBUDE<\/a> aufzusuchen, die musikalische Untermalung kenne ich bereits, aber den Rest noch nicht.<br \/>\nMir ist aus dem St\u00fcck ein wichtiger Hinweis h\u00e4ngen geblieben, er betrifft die musikalische Untermalungen w\u00e4hrend einer Beerdigungszeremonie, <a href=\"https:\/\/www.youtube.com\/watch?v=kSYblBKZ75Y\">auf keinen Fall sollte der folgende Hit abgespielt werden<strong>!<\/strong><\/a><br \/>\nIch lieb ja die Mucke von Chopin, in Warschau existiert ein Park, da wird in der warmen Jahreszeit viel von Fr\u00e9d\u00e9ric intoniert, <a href=\"https:\/\/www.youtube.com\/watch?v=bomz6kxVoWM\">abschlie\u00dfend eine etwas lautere Variante!<\/a><\/p>\n","protected":false},"excerpt":{"rendered":"<p>Vorher den Link anklicken, da l\u00e4uft dann ein entsprechender Hit! Hatte in dem Zusammenhang bereits mehrere Schriebe begonnen und nicht fertiggestellt. Zumal ich aus unerfindlichen Gr\u00fcnden, mir Anfang des Jahres, die Pest nochmals einzog. Des B\u00fcchlein war ein Geschenk f\u00fcr die Scheffin vor 34 Jahren. Witzig fand ich Nelly\u00b4s kleinen Spruch, ob man zu jenem [&hellip;]<\/p>\n","protected":false},"author":6,"featured_media":0,"comment_status":"open","ping_status":"open","sticky":false,"template":"","format":"standard","meta":{"footnotes":""},"categories":[55,9,38],"tags":[],"class_list":["post-33823","post","type-post","status-publish","format-standard","hentry","category-alltaeglicher-wahnwitz","category-bucher","category-in-den-ewigen-jagdgrunden"],"_links":{"self":[{"href":"https:\/\/zonenklaus.de\/wordpress\/index.php?rest_route=\/wp\/v2\/posts\/33823","targetHints":{"allow":["GET"]}}],"collection":[{"href":"https:\/\/zonenklaus.de\/wordpress\/index.php?rest_route=\/wp\/v2\/posts"}],"about":[{"href":"https:\/\/zonenklaus.de\/wordpress\/index.php?rest_route=\/wp\/v2\/types\/post"}],"author":[{"embeddable":true,"href":"https:\/\/zonenklaus.de\/wordpress\/index.php?rest_route=\/wp\/v2\/users\/6"}],"replies":[{"embeddable":true,"href":"https:\/\/zonenklaus.de\/wordpress\/index.php?rest_route=%2Fwp%2Fv2%2Fcomments&post=33823"}],"version-history":[{"count":4,"href":"https:\/\/zonenklaus.de\/wordpress\/index.php?rest_route=\/wp\/v2\/posts\/33823\/revisions"}],"predecessor-version":[{"id":38065,"href":"https:\/\/zonenklaus.de\/wordpress\/index.php?rest_route=\/wp\/v2\/posts\/33823\/revisions\/38065"}],"wp:attachment":[{"href":"https:\/\/zonenklaus.de\/wordpress\/index.php?rest_route=%2Fwp%2Fv2%2Fmedia&parent=33823"}],"wp:term":[{"taxonomy":"category","embeddable":true,"href":"https:\/\/zonenklaus.de\/wordpress\/index.php?rest_route=%2Fwp%2Fv2%2Fcategories&post=33823"},{"taxonomy":"post_tag","embeddable":true,"href":"https:\/\/zonenklaus.de\/wordpress\/index.php?rest_route=%2Fwp%2Fv2%2Ftags&post=33823"}],"curies":[{"name":"wp","href":"https:\/\/api.w.org\/{rel}","templated":true}]}}