{"id":33833,"date":"2020-03-01T21:59:32","date_gmt":"2020-03-01T20:59:32","guid":{"rendered":"https:\/\/zonenklaus.de\/wordpress\/?p=33833"},"modified":"2020-03-02T00:26:45","modified_gmt":"2020-03-01T23:26:45","slug":"erdogan-hat-die-tore-geoeffnet-tausende-menschen-draengen-an-die-griechische-grenze","status":"publish","type":"post","link":"https:\/\/zonenklaus.de\/wordpress\/?p=33833","title":{"rendered":"Erdo\u011fan hat \u201edie Tore ge\u00f6ffnet\u201c: Tausende Menschen dr\u00e4ngen an die griechische Grenze &#8211;"},"content":{"rendered":"<p><a href=\"https:\/\/www.tagesspiegel.de\/themen\/reportage\/fluechtende-aus-der-tuerkei-was-bleibt-uns-uebrig-wenn-wir-als-menschen-leben-wollen\/25599000.html\">&#8230;dort empfangen sie Tr\u00e4nengas und Warnsch\u00fcsse.<\/a> <i>Die Vereinten Nationen <\/i><i><b>sprechen<\/b><\/i><i> von 13.000 Fl\u00fcchtlingen, die sich im t\u00fcrkischen Grenzgebiet zu Griechenland aufhalten. <\/i><br \/>\nAha, solche Einsch\u00e4tzungen der UN kennt man ja, h\u00e4tte mich auch sehr gewundert wenn sie pl\u00f6tzlich eine ganz anderen Variante aufgetischt h\u00e4tten. Das von dem Verein irgendwann jemand auf die Idee k\u00e4me und endlich mal N\u00e4gel mit K\u00f6pfen machen w\u00fcrde, darauf k\u00f6nnen wirklich alle Beteiligten bis zum Weltuntergang harren.<br \/>\nNach der hundertfachen Flut von vor f\u00fcnf Jahren, die irgendwann nach Westeuropa schwappte, hat sich nirgends etwas ver\u00e4ndert. \u00dcberall wird immer wieder auf die gef\u00e4hrliche Gleichg\u00fcltigkeit gesetzt, wobei man die bereits seit Jahrzehnten anstehenden Problematiken weiterhin vollkommen undurchsichtigen Selbstl\u00e4ufen \u00fcberl\u00e4sst,<i> <\/i>weil solche Chosen schon lange von allen kultiviert wurden und deshalb schleichend eine allgemeing\u00fcltig Akzeptanz gefunden haben.<br \/>\nW\u00e4hrenddessen <i>Politiker<\/i> sich in bestimmten Intervallen einen von der Palme wedeln trotz geistiger Erektionsst\u00f6rungen und dies geschieht unter vollem Einsatz ihrer bombastisch gestalteten paranoiden Selbstinszenierungen. Auf solch beliebigen Masturbationsperformances, werden dann unter sorgf\u00e4ltig arrangierter Medienbeteiligung, ewig vollkommen untaugliche aber pervertierten L\u00f6sungskonzepte ejakuliert&#8230;<!--more--><br \/>\nWas blieb denn Erdo\u011fan <span style=\"font-size: small;\"><b>(<\/b><\/span><span style=\"font-size: small;\">Dessen Namen sie immer noch nicht korrekt schreiben k\u00f6nnen <\/span><span style=\"font-size: small;\">und <\/span><span style=\"font-size: small;\">den ich absolut nicht ab kann.<\/span><span style=\"font-size: small;\"><b>)<\/b><\/span> <span style=\"font-size: medium;\">und den Griechen in jener Situation noch \u00fcbrig? Was ist denn in Westeuropa davon \u00fcbriggeblieben, als Frau Kanzler jenen dusseligen Spruch voller \u00dcberzeugung tr\u00e4llerte: <\/span><span style=\"font-size: medium;\"><i>Wir raffen das schon!<\/i><\/span><span style=\"font-size: medium;\"> &#8211; oder so \u00e4hnlich. Nebenher einige Stare in ihrer Umgebung mit der ihnen \u00fcblichen Einstellung kokettierte, dass sich mit gen\u00fcgend Knete wirklich alles regeln lie\u00dfe. <\/span><br \/>\n<span style=\"font-size: medium;\">Gut, Erdo\u011fan hat zur anf\u00e4nglich angedachten Symptombek\u00e4mpfung ein paar Milliarden Ficksechser erhalten, damit schien alles erledigt. Der Rest war in unseren Gefilden lediglich ein schleichender Gew\u00f6hnungsprozess, mit dem sich fast alle Untertanen dr\u00f6ge abfanden und wiedermal eine weitere Steilvorlage f\u00fcr den rechten Rand heraussprang.<\/span><br \/>\n<span style=\"font-size: medium;\">F\u00fcr die n\u00e4chste Zeit wird auch alles beim Alten bleiben! Da spielt es \u00fcberhaupt keine Rolle, wer sich demn\u00e4chst als Saisonkomiker in der Position einer CDU-Galionsfigur probieren darf. <\/span><br \/>\n<span style=\"font-size: medium;\">Was mich im Moment f\u00fcr die kommende V\u00f6lkerwanderung doch sehr beruhigt, war ein entsprechender Kommentar vom UN-H\u00e4uptling zum t\u00f6dlichen Coronar-Schnupfen, Mit leichter Betroffenheitsmine gab er sich w\u00e4hrend seiner <\/span><span style=\"font-size: medium;\"><i>Beschwichtigungsnotwahrheitsverk\u00fcndung<\/i><\/span><span style=\"font-size: medium;\"> doch sehr optimistisch, dass auch sein Verein etwas Engagiertes unternehmen will um alles entsprechend zu erledigen.<\/span><br \/>\n<span style=\"font-size: medium;\">Sch\u00e4tze mal, dass auf dem LANGEN MARSCH auch etwas f\u00fcr die Volksgesundheit der Wanderer getan wird, was letztlich auch den Eingeborenen in Westeuropa zugute kommt. <\/span><br \/>\n<span style=\"font-size: medium;\"><a href=\"https:\/\/zonenklaus.de\/wordpress\/wp-content\/uploads\/2020\/03\/H\u00e4nde.png\"><img loading=\"lazy\" decoding=\"async\" class=\"alignleft size-thumbnail wp-image-33829\" src=\"https:\/\/zonenklaus.de\/wordpress\/wp-content\/uploads\/2020\/03\/H\u00e4nde-150x148.png\" alt=\"\" width=\"150\" height=\"148\" srcset=\"https:\/\/zonenklaus.de\/wordpress\/wp-content\/uploads\/2020\/03\/H\u00e4nde-150x148.png 150w, https:\/\/zonenklaus.de\/wordpress\/wp-content\/uploads\/2020\/03\/H\u00e4nde-300x295.png 300w, https:\/\/zonenklaus.de\/wordpress\/wp-content\/uploads\/2020\/03\/H\u00e4nde.png 460w\" sizes=\"auto, (max-width: 150px) 100vw, 150px\" \/><\/a>Sie wollen wahrscheinlich Stationen einrichten, wo den Leuten immer wieder eingesch\u00e4rft wird, sich permanent ihre Vorderl\u00e4ufe zu waschen&amp;desinfizieren sowie in die Armbeuge zu niesen!<\/span><\/p>\n<p><span style=\"font-size: medium;\">PS. <\/span><a href=\"https:\/\/www.eurapon.de\/blog\/richtig-niesen-das-sollten-sie-wissen\/\"><span style=\"font-size: medium;\"><i>eurapon<\/i><\/span><\/a><span style=\"font-size: medium;\"> hat im vorauseilendem Gehorsam, politisch fast korrekt, auf seinen Niesanweisungen bereits auf Wei\u00dfbrote verzichtet und einen pigmentierten J\u00fcngling dargestellt, allerdings <\/span><span style=\"font-size: medium;\">ist jene Pr\u00e4sentation trotzdem <em>diskriminierend<\/em>, weil weder <em>Frolleins,<\/em> noch das dritte und vierte Geschlecht entsprechend dargestellt wurden<\/span><span style=\"font-size: medium;\">!<\/span><\/p>\n","protected":false},"excerpt":{"rendered":"<p>&#8230;dort empfangen sie Tr\u00e4nengas und Warnsch\u00fcsse. Die Vereinten Nationen sprechen von 13.000 Fl\u00fcchtlingen, die sich im t\u00fcrkischen Grenzgebiet zu Griechenland aufhalten. Aha, solche Einsch\u00e4tzungen der UN kennt man ja, h\u00e4tte mich auch sehr gewundert wenn sie pl\u00f6tzlich eine ganz anderen Variante aufgetischt h\u00e4tten. Das von dem Verein irgendwann jemand auf die Idee k\u00e4me und endlich [&hellip;]<\/p>\n","protected":false},"author":6,"featured_media":0,"comment_status":"open","ping_status":"open","sticky":false,"template":"","format":"standard","meta":{"footnotes":""},"categories":[55],"tags":[],"class_list":["post-33833","post","type-post","status-publish","format-standard","hentry","category-alltaeglicher-wahnwitz"],"_links":{"self":[{"href":"https:\/\/zonenklaus.de\/wordpress\/index.php?rest_route=\/wp\/v2\/posts\/33833","targetHints":{"allow":["GET"]}}],"collection":[{"href":"https:\/\/zonenklaus.de\/wordpress\/index.php?rest_route=\/wp\/v2\/posts"}],"about":[{"href":"https:\/\/zonenklaus.de\/wordpress\/index.php?rest_route=\/wp\/v2\/types\/post"}],"author":[{"embeddable":true,"href":"https:\/\/zonenklaus.de\/wordpress\/index.php?rest_route=\/wp\/v2\/users\/6"}],"replies":[{"embeddable":true,"href":"https:\/\/zonenklaus.de\/wordpress\/index.php?rest_route=%2Fwp%2Fv2%2Fcomments&post=33833"}],"version-history":[{"count":6,"href":"https:\/\/zonenklaus.de\/wordpress\/index.php?rest_route=\/wp\/v2\/posts\/33833\/revisions"}],"predecessor-version":[{"id":33839,"href":"https:\/\/zonenklaus.de\/wordpress\/index.php?rest_route=\/wp\/v2\/posts\/33833\/revisions\/33839"}],"wp:attachment":[{"href":"https:\/\/zonenklaus.de\/wordpress\/index.php?rest_route=%2Fwp%2Fv2%2Fmedia&parent=33833"}],"wp:term":[{"taxonomy":"category","embeddable":true,"href":"https:\/\/zonenklaus.de\/wordpress\/index.php?rest_route=%2Fwp%2Fv2%2Fcategories&post=33833"},{"taxonomy":"post_tag","embeddable":true,"href":"https:\/\/zonenklaus.de\/wordpress\/index.php?rest_route=%2Fwp%2Fv2%2Ftags&post=33833"}],"curies":[{"name":"wp","href":"https:\/\/api.w.org\/{rel}","templated":true}]}}