{"id":33849,"date":"2020-03-02T22:09:01","date_gmt":"2020-03-02T21:09:01","guid":{"rendered":"https:\/\/zonenklaus.de\/wordpress\/?p=33849"},"modified":"2021-06-21T06:37:24","modified_gmt":"2021-06-21T05:37:24","slug":"nur-die-allerduemmsten-kaelber-waehlen-ihren-schlaechter-selber","status":"publish","type":"post","link":"https:\/\/zonenklaus.de\/wordpress\/?p=33849","title":{"rendered":"&#8220;Nur die allerd\u00fcmmsten K\u00e4lber w\u00e4hlen ihren Schl\u00e4chter selber.&#8221;"},"content":{"rendered":"<p><a href=\"http:\/\/falschzitate.blogspot.com\/2018\/04\/nur-die-allerdummsten-kalber-wahlen.html\">Bertolt Brecht (angeblich)<\/a><br \/>\nWill mir allerdings nicht jene Geschichte vorwerfen lassen, wo es darum geht, auf den Splitter in einem fremden Auge hinzuweisen, aber den Balken vor der eigenen Birne nicht bemerken!<br \/>\nMir f\u00e4llt zwar auf, mit welchchiger Erscheinungsform von F\u00fchrerpers\u00f6nlichkeit die Amis<sup><b>*INNEN usw. <\/b><\/sup>seit geraumer Zeit bereits gesegnet sind, muss parallel dazu registrieren, dass sich auch hier schon l\u00e4nger selbstverliebte Polittraumt\u00e4nzer, vom Schlage eines dortigen <a href=\"https:\/\/www.spiegel.de\/politik\/ausland\/afghanistan-donald-trump-will-sich-mit-taliban-anfuehrern-treffen-a-097a3072-0813-435e-905a-980028450cfe\">Captain Chaos\u00b4<\/a>, ihre Startl\u00f6cher hacken.<br \/>\nWeshalb will World\u2019s Greatest Troll sich eigentlich mit Taliban-Anf\u00fchrern treffen?<br \/>\nWie verworren und kurzsichtig sind denn seine wahltechnischen Probel\u00e4ufe eigentlich?<br \/>\nJenen verhagelten Schachzug werden viele <a href=\"https:\/\/de.wikipedia.org\/wiki\/Redneck\">Rednecks<\/a> im <a href=\"https:\/\/www.lexas.de\/nordamerika\/usa\/regionen\/belt-regionen\/bible_belt.aspx\">Bible Belt<\/a> auf keinen Fall interpretieren k\u00f6nnen, auch wenn bei jedem von ihnen, der IQ einen entsprechenden Wert annehmen w\u00fcrde, welcher der momentanen mittleren Nachttemperatur irgendwo an der <a href=\"https:\/\/www.youtube.com\/watch?v=eGuZY6NVXqU\">Tobacco Road<\/a> entspr\u00e4che, nat\u00fcrlich an einer <i>Fahrenheit<\/i>-Skala abgelesen!<!--more--><br \/>\nDer Humorist und Philosoph <a href=\"https:\/\/de.wikipedia.org\/wiki\/Okie\">Will Rogers<\/a> wusste bereits vor Jahrzehnten, wie man bestimmte Eigenheiten seiner<em> Bibel-<\/em> und <em>Verfassungsgl\u00e4ubigen Landsleute<\/em> korrekt auf den Punkt bringt, daf\u00fcr schuf es das<em> Stage migration-Paradoxon<\/em>, als er meinte: <i>When the Okies left Oklahoma and moved to California, they raised the average intelligence level in both states.<\/i> <b>(<\/b><span style=\"font-size: small;\">deutsch: \u201e<\/span><span style=\"font-size: small;\"><i>Als die Einwohner von Oklahoma nach Kalifornien umzogen, hoben sie den Intelligenzdurchschnitt in beiden Staaten an.\u201c<\/i><\/span><span style=\"font-size: small;\"><b>) <\/b><\/span><br \/>\n<span style=\"font-size: medium;\">Jahre sp\u00e4ter interpretierte es Merle Haggard etwas lustiger mit seinem<\/span><a href=\"https:\/\/www.youtube.com\/watch?v=3dM03dG3zv4\"><i> <\/i><i>Okie from muskogee<\/i><\/a>!<br \/>\nMit Hilfe seiner recht <a href=\"https:\/\/de.wikipedia.org\/wiki\/Okie\">einf\u00e4ltigen Landsleute<\/a> wird Donald das Kind schon schaukeln, da werden die vielen auserw\u00e4hlten Mumien der Demokraten nicht gegen anstinken k\u00f6nnen und auch wir werden zum Blechen von ausstehenden k\u00fcnftiger Rechnungen, gnadenlos mit herangezogen!<br \/>\nWollte eben noch die \u00fcber 50 Millionen Erdlinge, welche die <i>Spanische Grippe, <\/i>nach dem I. Weltkrieg in ganz wenigen Jahren hinraffte, mit einer seltsam verkn\u00fcpften Hoffnung verbinden, welche ein weltumspannender Coronavirus-Befall ausl\u00f6sen k\u00f6nnte&#8230;<br \/>\nLasse es aber sein, denn da m\u00fcsste ich mich mit meiner gerade aufkommenden zynischen Anwandlung auf eine Ebene begeben, die mir eigentlich wesensfremd ist!<\/p>\n","protected":false},"excerpt":{"rendered":"<p>Bertolt Brecht (angeblich) Will mir allerdings nicht jene Geschichte vorwerfen lassen, wo es darum geht, auf den Splitter in einem fremden Auge hinzuweisen, aber den Balken vor der eigenen Birne nicht bemerken! Mir f\u00e4llt zwar auf, mit welchchiger Erscheinungsform von F\u00fchrerpers\u00f6nlichkeit die Amis*INNEN usw. seit geraumer Zeit bereits gesegnet sind, muss parallel dazu registrieren, dass [&hellip;]<\/p>\n","protected":false},"author":6,"featured_media":0,"comment_status":"open","ping_status":"open","sticky":false,"template":"","format":"standard","meta":{"footnotes":""},"categories":[55],"tags":[],"class_list":["post-33849","post","type-post","status-publish","format-standard","hentry","category-alltaeglicher-wahnwitz"],"_links":{"self":[{"href":"https:\/\/zonenklaus.de\/wordpress\/index.php?rest_route=\/wp\/v2\/posts\/33849","targetHints":{"allow":["GET"]}}],"collection":[{"href":"https:\/\/zonenklaus.de\/wordpress\/index.php?rest_route=\/wp\/v2\/posts"}],"about":[{"href":"https:\/\/zonenklaus.de\/wordpress\/index.php?rest_route=\/wp\/v2\/types\/post"}],"author":[{"embeddable":true,"href":"https:\/\/zonenklaus.de\/wordpress\/index.php?rest_route=\/wp\/v2\/users\/6"}],"replies":[{"embeddable":true,"href":"https:\/\/zonenklaus.de\/wordpress\/index.php?rest_route=%2Fwp%2Fv2%2Fcomments&post=33849"}],"version-history":[{"count":7,"href":"https:\/\/zonenklaus.de\/wordpress\/index.php?rest_route=\/wp\/v2\/posts\/33849\/revisions"}],"predecessor-version":[{"id":36762,"href":"https:\/\/zonenklaus.de\/wordpress\/index.php?rest_route=\/wp\/v2\/posts\/33849\/revisions\/36762"}],"wp:attachment":[{"href":"https:\/\/zonenklaus.de\/wordpress\/index.php?rest_route=%2Fwp%2Fv2%2Fmedia&parent=33849"}],"wp:term":[{"taxonomy":"category","embeddable":true,"href":"https:\/\/zonenklaus.de\/wordpress\/index.php?rest_route=%2Fwp%2Fv2%2Fcategories&post=33849"},{"taxonomy":"post_tag","embeddable":true,"href":"https:\/\/zonenklaus.de\/wordpress\/index.php?rest_route=%2Fwp%2Fv2%2Ftags&post=33849"}],"curies":[{"name":"wp","href":"https:\/\/api.w.org\/{rel}","templated":true}]}}