{"id":33855,"date":"2020-03-03T21:24:48","date_gmt":"2020-03-03T20:24:48","guid":{"rendered":"https:\/\/zonenklaus.de\/wordpress\/?p=33855"},"modified":"2022-07-16T14:25:11","modified_gmt":"2022-07-16T13:25:11","slug":"das-groesste-uebel-der-heutigen-jugend-besteht-darin-dass-man-nicht-mehr-dazu-gehoert","status":"publish","type":"post","link":"https:\/\/zonenklaus.de\/wordpress\/?p=33855","title":{"rendered":"\u201eDas gr\u00f6\u00dfte \u00dcbel der heutigen Jugend besteht darin, dass man nicht mehr dazu geh\u00f6rt.\u201c"},"content":{"rendered":"<p>Frage mich gerade, wann Salvador Dali das Bonmot steigen lie\u00df. Denn er geht seit 1989 nicht mehr einkaufen, also muss seine Einsch\u00e4tzung doch etwas weiter zur\u00fcckliegen. Vielleicht zu jener Zeit, als Teile unserer Generation noch nicht ganz so triefend umherirrten, wie sp\u00e4ter von den <em>sog. 68ern<\/em> vorgelebt, mit ihren kruden moralischen Anschauungen&#8230;<br \/>\nWenn Dali w\u00fcsste, was heute bei der Jugend abgeht, der w\u00fcrde im Grab rotieren, wie der Propeller eine JU 52. Da k\u00e4me n\u00e4mlich kein Bedauern mehr auf wegen der nostalgischen Bezugnahme zur j\u00fcngeren Generation. Bereits vor Jahren beschlich mich das untr\u00fcgliche Gef\u00fchl hinsichtlich meiner Beobachtungen betreffs vieler Heranwachsender, die zwar halb so alt wie ich waren, aber bereits doppelt so tot.<br \/>\nNun kann ich aber auch keine Ver\u00e4nderungen registrieren, hinsichtlich positiver Wandlungen f\u00fcr die kommende Zukunft. Mir schon klar, die wird auch nicht mehr so, wie sie fr\u00fcher mal war!<br \/>\nWie kam ich \u00fcberhaupt zum bisherigen Salm? Schon gut, <em>wir<\/em> <em>Alzheimer<\/em> m\u00fcssen eben zusammenhalten!<br \/>\nSchw\u00f6re in dem Zusammenhang, dass mich im Moment keine Figuren der <em>jung\/dynamisch\/erfolglosen<\/em>, nachr\u00fcckenden <i>Jungprobierpolitiker mit christlichem Touch,<\/i> zu den ketzerischen Eingebungen trieben.<br \/>\nSchon leicht m\u00f6glich, wenn ich da an die Preisklasse eines <a href=\"https:\/\/stefan-evers.de\/\"><i>Stefan Evers<\/i><\/a> denke, wobei hinter ihm bereits die noch schaurigere Steigerung lauert, Mutters\u00f6hnchen<em><a href=\"https:\/\/www.philipp-amthor.de\/\">\u00a0Philipp Amthor<\/a><\/em>&#8230;<br \/>\nWer in den folgenden Jahren unter deren<em> demokraturischen Knute<\/em> in die F\u00e4nge abgefeimter neoliberale Zeiten getrieben wird, der muss keine weiteren Feind mehr f\u00fcrchten, auch nicht die neuesten Mutation von Coronarviren.<br \/>\nKurz vor meinem Elektrobriefkasten stolperten meine entz\u00fcndeten \u00c4uglein \u00fcber die folgende Headline: <i>Eine kanadische \u00d6l-Firma soll hinter der Produktion von einem Sticker stecken, der Greta Thunberg in einer Sexposition zeigen soll.<\/i><!--more--><\/p>\n<p>&#8211; Wow, wollte es nicht glauben, obwohl mich dieses M\u00e4del nicht mehr interessiert, sie hat sich gut vermarkten und ausquetschen lassen, ansonsten passiert \u00fcberhaupt nichts mehr.<br \/>\nIn dem Zusammenhang f\u00e4llt mir noch etwas anderes ein. Frage mich n\u00e4mlich, wie lange sich die junge Generation, jene pervers ausgekl\u00fcgelte Hinhaltetaktik von Politik und Wirtschaft, noch gefallen lassen will.<br \/>\nIn irgendwelchen Hinterst\u00fcbchen haben Schreib-Stare sicherlich schon entsprechende Meinungsmachen ausgeknautscht, wenn der <i>langatmig\/friedliche<\/i> und <i>total demokratische Protest <\/i>endlich in <em>RAF-identische Aktionen<\/em> umschl\u00e4gt. Zumindest f\u00fcr solche F\u00e4lle harren bestimmt irgendwo Redenschreiber an ihren Tastaturen, um das entsprechende<em> Best\u00fcrzungsgeschw\u00e4tz<\/em> dann sofort auf den neuesten Stand zubringen und andere kreative Kollegen sind definitiv auch dabei und schnitzen in weiser Voraussicht schon die entsprechenden <em>Betroffenheitslarven<\/em> dazu&#8230;<br \/>\nEben kam ich \u00fcber die digitale Lifestyle-Postille: <a href=\"https:\/\/www.spreewild.de\/jugendmedientage-2019\/2019\/11\/jmt19-wie-arbeiten-redakteure-bei-noizz\/\"><em><b>Spreewild<\/b><\/em><b> <\/b><\/a><i>&#8211; ist die Website der Jugendredaktion der Berliner Zeitung &#8211; News, Schule, Politik und Freizeit &#8211; wir zeigen die Welt aus junger Perspektive. <\/i><br \/>\nAls Steigerung existiert noch das <a href=\"https:\/\/noizz.de\/news\/eine-kanadische-ol-firma-soll-hinter-der-produktion-von-einem-sticker-stecken-der\/87cpqrp\"><i>Medienangebot f\u00fcr junges und urbanes Publikum <\/i>aus dem Hause Springer<\/a>, der, die, das <a href=\"https:\/\/noizz.de\/\"><i>Noizz<\/i><\/a>!<br \/>\n<a href=\"https:\/\/zonenklaus.de\/wordpress\/wp-content\/uploads\/2020\/03\/Gretel-Tunfisch.jpg\"><img loading=\"lazy\" decoding=\"async\" class=\"alignleft size-thumbnail wp-image-33859\" src=\"https:\/\/zonenklaus.de\/wordpress\/wp-content\/uploads\/2020\/03\/Gretel-Tunfisch-122x150.jpg\" alt=\"\" width=\"122\" height=\"150\" srcset=\"https:\/\/zonenklaus.de\/wordpress\/wp-content\/uploads\/2020\/03\/Gretel-Tunfisch-122x150.jpg 122w, https:\/\/zonenklaus.de\/wordpress\/wp-content\/uploads\/2020\/03\/Gretel-Tunfisch-243x300.jpg 243w, https:\/\/zonenklaus.de\/wordpress\/wp-content\/uploads\/2020\/03\/Gretel-Tunfisch-624x770.jpg 624w, https:\/\/zonenklaus.de\/wordpress\/wp-content\/uploads\/2020\/03\/Gretel-Tunfisch.jpg 751w\" sizes=\"auto, (max-width: 122px) 100vw, 122px\" \/><\/a>Dort wurde ich entsprechend f\u00fcndig:<i> Kinderpornografie? Dieser sexualisierte Greta-Sticker erregt grade Aufsehen<\/i><br \/>\n<i><b>&#8211; <\/b><\/i>Gehe aber nicht auf das Niveau der Schreiberei ein, fasse im Telegrammstil <span style=\"font-size: small;\"><b>(<\/b><\/span><em><span style=\"font-size: small;\">Was damit gemeint ist, versteht doch von der verbl\u00f6denden iPhone-Generation auch niemand mehr<\/span><\/em><span style=\"font-size: small;\">!<\/span><span style=\"font-size: small;\"><b>) <\/b><\/span><span style=\"font-size: medium;\">alles zusammen, wer es nicht glaubt kann es im Original lesen!<\/span><br \/>\n<i>Auf dem Sticker sind Greta Thunbergs ber\u00fchmten zwei Z\u00f6pfe zu sehen, die zu einem nackten R\u00fccken geh\u00f6ren, auf dem Greta steht. An ihren Z\u00f6pfen h\u00e4lt sich von hinten eine Person fest. Die Zeichnung sieht aus wie eine Sexposition, die Doggy <\/i><b>(*) <\/b><i> genannt wird.<\/i><br \/>\n&#8211; Um aus der merkw\u00fcrdigen Skizze den <i>Doggy Style <\/i>abzuleiten, da geh\u00f6rt wirklich eine sehr krankhafte Phantasie dazu! Nicht wie skizziert, sondern entsprechend der Anweisung aus dem <a href=\"https:\/\/www.glamour.de\/liebe\/sex-tipps\/kamasutra-stellungen\">Kamasutra<\/a> ausgef\u00fchrt, die Z\u00f6pfe als Z\u00fcgel benutzt &#8211; allerdings nicht die von <em>Gretel Tunfisch<\/em> &#8211; dies kann ich mir schon recht erotisch vorstellen, aber dann auch mit <a href=\"https:\/\/de.wikipedia.org\/wiki\/Trense\">Trense<\/a>!<br \/>\nDoggy mit Z\u00fcgeln ist leider an mir vorbeigegangen, \u00e4hnlich der Nummer, die unter der Bezeichnung <em><a href=\"https:\/\/www.joyclub.de\/forum\/t77248-375.sex_im_auto_welches_war_das_kleinste.html\">Halteschlaufenfick<\/a><\/em> im VW-K\u00e4fer grassierte&#8230;<br \/>\nWenn dort <i>Merkel<\/i> oder<i> v. d. Leyen<\/i> gestanden h\u00e4tte, w\u00e4ren irgendwelche Deppen auch zu den entsprechenden Schlussfolgerungen gekommen, allerdings unter Aufsicht vom Staatsschutz!<br \/>\n<i>In Kanada ist man erst mit 18 Jahren vollj\u00e4hrig, Personen in pornografischen Bildern oder Zeichnungen darzustellen gilt nach dem Criminal Code of Canada als Kinderpornografie und kann im H\u00f6chstfall mit 14 Jahren Gef\u00e4ngnis bestraft werden. <\/i><br \/>\n&#8211; Da wird <em>das Gretelchen<\/em> mehrer Millionen Dollars als Schmerzensgel einstreichen k\u00f6nnen!<br \/>\n<i>Es kann zusammengefasst werden, dass der Sticker Greta Thunberg <b>sexualisiert und h\u00f6chst problematisch ist.<\/b> Mit dem Sticker wird sie abgewertet und als sexuelles Objekt reduziert. Der Sticker ist eine respektlose Aktion gegen Greta, ob sie nun von X-Site Energy kommt oder nicht.<\/i><\/p>\n<p>(<strong>*<\/strong>) Fand zur Erkl\u00e4rung noch<a href=\"https:\/\/www.gofeminin.de\/leidenschaft\/doggy-style-s1889840.html\"> eine andere Postille, welche ebenso komisch einher kommt!<\/a><br \/>\n<i>Es gibt jedoch auch Frauen (und M\u00e4nner), die mit der &#8220;animalischen&#8221; Stellung eher wenig anfangen k\u00f6nnen. Die Kritik am Doggy Style: Es fehlt der Blickkontakt und sich von hinten nehmen zu lassen, ohne seinen Partner dabei sehen zu k\u00f6nnen, ist eben nicht jedermanns Sache. <\/i><br \/>\nDie verantwortlichen Tanten haben leider noch nichts von Spiegeln und entsprechendem Licht geh\u00f6rt, eigentlich sehr schade<strong>!<\/strong><\/p>\n","protected":false},"excerpt":{"rendered":"<p>Frage mich gerade, wann Salvador Dali das Bonmot steigen lie\u00df. Denn er geht seit 1989 nicht mehr einkaufen, also muss seine Einsch\u00e4tzung doch etwas weiter zur\u00fcckliegen. Vielleicht zu jener Zeit, als Teile unserer Generation noch nicht ganz so triefend umherirrten, wie sp\u00e4ter von den sog. 68ern vorgelebt, mit ihren kruden moralischen Anschauungen&#8230; Wenn Dali w\u00fcsste, [&hellip;]<\/p>\n","protected":false},"author":6,"featured_media":0,"comment_status":"open","ping_status":"open","sticky":false,"template":"","format":"standard","meta":{"footnotes":""},"categories":[1,55],"tags":[],"class_list":["post-33855","post","type-post","status-publish","format-standard","hentry","category-allgemeines","category-alltaeglicher-wahnwitz"],"_links":{"self":[{"href":"https:\/\/zonenklaus.de\/wordpress\/index.php?rest_route=\/wp\/v2\/posts\/33855","targetHints":{"allow":["GET"]}}],"collection":[{"href":"https:\/\/zonenklaus.de\/wordpress\/index.php?rest_route=\/wp\/v2\/posts"}],"about":[{"href":"https:\/\/zonenklaus.de\/wordpress\/index.php?rest_route=\/wp\/v2\/types\/post"}],"author":[{"embeddable":true,"href":"https:\/\/zonenklaus.de\/wordpress\/index.php?rest_route=\/wp\/v2\/users\/6"}],"replies":[{"embeddable":true,"href":"https:\/\/zonenklaus.de\/wordpress\/index.php?rest_route=%2Fwp%2Fv2%2Fcomments&post=33855"}],"version-history":[{"count":11,"href":"https:\/\/zonenklaus.de\/wordpress\/index.php?rest_route=\/wp\/v2\/posts\/33855\/revisions"}],"predecessor-version":[{"id":38735,"href":"https:\/\/zonenklaus.de\/wordpress\/index.php?rest_route=\/wp\/v2\/posts\/33855\/revisions\/38735"}],"wp:attachment":[{"href":"https:\/\/zonenklaus.de\/wordpress\/index.php?rest_route=%2Fwp%2Fv2%2Fmedia&parent=33855"}],"wp:term":[{"taxonomy":"category","embeddable":true,"href":"https:\/\/zonenklaus.de\/wordpress\/index.php?rest_route=%2Fwp%2Fv2%2Fcategories&post=33855"},{"taxonomy":"post_tag","embeddable":true,"href":"https:\/\/zonenklaus.de\/wordpress\/index.php?rest_route=%2Fwp%2Fv2%2Ftags&post=33855"}],"curies":[{"name":"wp","href":"https:\/\/api.w.org\/{rel}","templated":true}]}}