{"id":33864,"date":"2020-03-04T22:03:04","date_gmt":"2020-03-04T21:03:04","guid":{"rendered":"https:\/\/zonenklaus.de\/wordpress\/?p=33864"},"modified":"2020-03-05T06:54:33","modified_gmt":"2020-03-05T05:54:33","slug":"das-zaenkischen-bergvolkes-aus-neufuenfland-bekam-die-regierung-die-es-verdiente-und-ohne-hilfe-der-afd","status":"publish","type":"post","link":"https:\/\/zonenklaus.de\/wordpress\/?p=33864","title":{"rendered":"Das z\u00e4nkische Bergvolk aus neuf\u00fcnflanD bekam die \u201eRegierung\u201c, die es verdiente und ohne Hilfe der AfD!"},"content":{"rendered":"<p>Nun muss sich wirklich niemand echauffieren im Berliner CDU-Rudel, wegen der dringend ben\u00f6tigten Kandidatenhelfer f\u00fcr den knallroten Wessi-Import<strong> &#8211;<\/strong> schon vergessen <strong>&#8211;<\/strong> eigentlich ist Frau Kanzler doch aus dem gleichen Holz geschnitzt<strong>!<\/strong><br \/>\nSeit Weimarer Zeiten haben bekanntlich Umfallerei und Renegatentum eine lange Tradition, m\u00f6chte dabei Katholen, Kommunisten und die entsprechenden braunen Massen, f\u00fcr jenen unstillbaren Hang, allesamt lobend erw\u00e4hnen<strong>!<\/strong><br \/>\n<a href=\"https:\/\/zonenklaus.de\/wordpress\/wp-content\/uploads\/2020\/03\/LINKE-erschie\u00dfen.mp3\">Die eine will endlich wiedermal herum ballern<\/a>, der aus dem gleichen Verein stammende, schl\u00e4gt nur eine<em> Arbeitstherapie<\/em> vor. Wen Neobolschewisten nicht sofort abknipsen, der kann ja in einem Steinbruch am Ettersberg sein entsprechendes Arbeitsauskommen finden<strong>!<\/strong><br \/>\nDemokraten aller Couleur sind schon ein sehr lustiges V\u00f6lkchen&#8230;<br \/>\nWobei<a href=\"https:\/\/www.merkur.de\/politik\/thueringen-wahl-ergebnis-ramelow-hoecke-live-ministerpraesident-afd-cdu-linke-news-reiche-erschiessen-zr-13568852.html\"> Herr H\u00f6cke<\/a> sich erst mal als tief moralisierender P\u00e4dago<em>ch<\/em>e einer Anstandslehranstalt verkauft und den roten Zecken <em>Manieren<\/em> beibringen will, wobei H\u00e4ndesch\u00fctteln heutzutage eigentlich MEGAOUT ist<strong>!<\/strong><\/p>\n","protected":false},"excerpt":{"rendered":"<p>Nun muss sich wirklich niemand echauffieren im Berliner CDU-Rudel, wegen der dringend ben\u00f6tigten Kandidatenhelfer f\u00fcr den knallroten Wessi-Import &#8211; schon vergessen &#8211; eigentlich ist Frau Kanzler doch aus dem gleichen Holz geschnitzt! Seit Weimarer Zeiten haben bekanntlich Umfallerei und Renegatentum eine lange Tradition, m\u00f6chte dabei Katholen, Kommunisten und die entsprechenden braunen Massen, f\u00fcr jenen unstillbaren [&hellip;]<\/p>\n","protected":false},"author":6,"featured_media":0,"comment_status":"open","ping_status":"open","sticky":false,"template":"","format":"standard","meta":{"footnotes":""},"categories":[55],"tags":[],"class_list":["post-33864","post","type-post","status-publish","format-standard","hentry","category-alltaeglicher-wahnwitz"],"_links":{"self":[{"href":"https:\/\/zonenklaus.de\/wordpress\/index.php?rest_route=\/wp\/v2\/posts\/33864","targetHints":{"allow":["GET"]}}],"collection":[{"href":"https:\/\/zonenklaus.de\/wordpress\/index.php?rest_route=\/wp\/v2\/posts"}],"about":[{"href":"https:\/\/zonenklaus.de\/wordpress\/index.php?rest_route=\/wp\/v2\/types\/post"}],"author":[{"embeddable":true,"href":"https:\/\/zonenklaus.de\/wordpress\/index.php?rest_route=\/wp\/v2\/users\/6"}],"replies":[{"embeddable":true,"href":"https:\/\/zonenklaus.de\/wordpress\/index.php?rest_route=%2Fwp%2Fv2%2Fcomments&post=33864"}],"version-history":[{"count":6,"href":"https:\/\/zonenklaus.de\/wordpress\/index.php?rest_route=\/wp\/v2\/posts\/33864\/revisions"}],"predecessor-version":[{"id":33871,"href":"https:\/\/zonenklaus.de\/wordpress\/index.php?rest_route=\/wp\/v2\/posts\/33864\/revisions\/33871"}],"wp:attachment":[{"href":"https:\/\/zonenklaus.de\/wordpress\/index.php?rest_route=%2Fwp%2Fv2%2Fmedia&parent=33864"}],"wp:term":[{"taxonomy":"category","embeddable":true,"href":"https:\/\/zonenklaus.de\/wordpress\/index.php?rest_route=%2Fwp%2Fv2%2Fcategories&post=33864"},{"taxonomy":"post_tag","embeddable":true,"href":"https:\/\/zonenklaus.de\/wordpress\/index.php?rest_route=%2Fwp%2Fv2%2Ftags&post=33864"}],"curies":[{"name":"wp","href":"https:\/\/api.w.org\/{rel}","templated":true}]}}