{"id":33873,"date":"2020-03-05T21:54:02","date_gmt":"2020-03-05T20:54:02","guid":{"rendered":"https:\/\/zonenklaus.de\/wordpress\/?p=33873"},"modified":"2020-12-10T09:43:42","modified_gmt":"2020-12-10T08:43:42","slug":"s-e-n-s-e-wir-naehern-uns-dem-ende","status":"publish","type":"post","link":"https:\/\/zonenklaus.de\/wordpress\/?p=33873","title":{"rendered":"SCHAUBUDE BERLIN: &#8220;S E N S E &#8211; wIR n\u00c4HERN uNS dEM eNDE!?&#8221;"},"content":{"rendered":"<p><a href=\"https:\/\/zonenklaus.de\/wordpress\/wp-content\/uploads\/2020\/03\/IMG_20200305_0002-Sense-1.jpg\"><img loading=\"lazy\" decoding=\"async\" class=\"alignleft size-thumbnail wp-image-33874\" src=\"https:\/\/zonenklaus.de\/wordpress\/wp-content\/uploads\/2020\/03\/IMG_20200305_0002-Sense-1-150x106.jpg\" alt=\"\" width=\"150\" height=\"106\" srcset=\"https:\/\/zonenklaus.de\/wordpress\/wp-content\/uploads\/2020\/03\/IMG_20200305_0002-Sense-1-150x106.jpg 150w, https:\/\/zonenklaus.de\/wordpress\/wp-content\/uploads\/2020\/03\/IMG_20200305_0002-Sense-1-300x212.jpg 300w, https:\/\/zonenklaus.de\/wordpress\/wp-content\/uploads\/2020\/03\/IMG_20200305_0002-Sense-1-1024x724.jpg 1024w, https:\/\/zonenklaus.de\/wordpress\/wp-content\/uploads\/2020\/03\/IMG_20200305_0002-Sense-1-768x543.jpg 768w, https:\/\/zonenklaus.de\/wordpress\/wp-content\/uploads\/2020\/03\/IMG_20200305_0002-Sense-1-1536x1086.jpg 1536w, https:\/\/zonenklaus.de\/wordpress\/wp-content\/uploads\/2020\/03\/IMG_20200305_0002-Sense-1-624x441.jpg 624w, https:\/\/zonenklaus.de\/wordpress\/wp-content\/uploads\/2020\/03\/IMG_20200305_0002-Sense-1.jpg 1715w\" sizes=\"auto, (max-width: 150px) 100vw, 150px\" \/><\/a><a href=\"https:\/\/zonenklaus.de\/wordpress\/wp-content\/uploads\/2020\/03\/IMG_20200305_0004-sense-2.jpg\"><img loading=\"lazy\" decoding=\"async\" class=\"alignleft size-thumbnail wp-image-33875\" src=\"https:\/\/zonenklaus.de\/wordpress\/wp-content\/uploads\/2020\/03\/IMG_20200305_0004-sense-2-150x106.jpg\" alt=\"\" width=\"150\" height=\"106\" srcset=\"https:\/\/zonenklaus.de\/wordpress\/wp-content\/uploads\/2020\/03\/IMG_20200305_0004-sense-2-150x106.jpg 150w, https:\/\/zonenklaus.de\/wordpress\/wp-content\/uploads\/2020\/03\/IMG_20200305_0004-sense-2-300x212.jpg 300w, https:\/\/zonenklaus.de\/wordpress\/wp-content\/uploads\/2020\/03\/IMG_20200305_0004-sense-2-1024x723.jpg 1024w, https:\/\/zonenklaus.de\/wordpress\/wp-content\/uploads\/2020\/03\/IMG_20200305_0004-sense-2-768x542.jpg 768w, https:\/\/zonenklaus.de\/wordpress\/wp-content\/uploads\/2020\/03\/IMG_20200305_0004-sense-2-1536x1085.jpg 1536w, https:\/\/zonenklaus.de\/wordpress\/wp-content\/uploads\/2020\/03\/IMG_20200305_0004-sense-2-624x441.jpg 624w, https:\/\/zonenklaus.de\/wordpress\/wp-content\/uploads\/2020\/03\/IMG_20200305_0004-sense-2.jpg 1709w\" sizes=\"auto, (max-width: 150px) 100vw, 150px\" \/><\/a><a href=\"https:\/\/www.youtube.com\/watch?v=eux2qnnslac\">Richtig!<\/a><br \/>\nF\u00fcr selbige Erkenntnis sollte aber f\u00e4lschlicherweise der <i>Pluralis Majestatis<\/i> nicht benutzt werden, denn letztlich ereilt selbiges Resultat irgendwann jeden von uns. Ebenso sind die Wege dorthin, mannigfaltiger denn jeglicher anderer Vorkommnisse bis zu dem Zeitpunkt, wenn man dem sympathischen Herrn mit der Sense begegnet und Bruder Hein lapidar abl\u00e4sst: \u201eNun reicht es aber!\u201c<br \/>\nWobei es einem mitunter vorkommt, dass man seinen willk\u00fcrlich anmutenden Erscheinungsformen vollkommen hilflos begegnet, wie er es den Auserw\u00e4hlten letztlich besorgt.<br \/>\n<a href=\"https:\/\/zonenklaus.de\/wordpress\/wp-content\/uploads\/2020\/03\/IMG_7244a1\u00e4.jpg\"><img loading=\"lazy\" decoding=\"async\" class=\"alignleft size-thumbnail wp-image-33944\" src=\"https:\/\/zonenklaus.de\/wordpress\/wp-content\/uploads\/2020\/03\/IMG_7244a1\u00e4-92x150.jpg\" alt=\"\" width=\"92\" height=\"150\" srcset=\"https:\/\/zonenklaus.de\/wordpress\/wp-content\/uploads\/2020\/03\/IMG_7244a1\u00e4-92x150.jpg 92w, https:\/\/zonenklaus.de\/wordpress\/wp-content\/uploads\/2020\/03\/IMG_7244a1\u00e4-184x300.jpg 184w, https:\/\/zonenklaus.de\/wordpress\/wp-content\/uploads\/2020\/03\/IMG_7244a1\u00e4.jpg 289w\" sizes=\"auto, (max-width: 92px) 100vw, 92px\" \/><\/a>Wobei eine Form des endg\u00fcltigen Fortgangs doch recht selten vorkommt, wenn irgendjemand im Angesicht des Todes, dem Sensenmannes noch zufrieden ausrufen kann: \u201eEs war ein erfolgreiches Leben! Nun zaudere nicht, walte deines Amtes, hau endlich rein! Ich will n\u00e4mlich nicht mehr einkaufen gehen!\u201c<br \/>\nSolch<i> gl\u00fcckliche F\u00fcgungen <\/i>sind leider sehr selten!<br \/>\nMeine damit allerdings derlei Erdlinge, denen im hohen Alter, ihr bislang strahlendes Lebenslicht schon merklich zu blaken beginnt. Ihnen dadurch klar wird, dass nach einem erf\u00fcllten Dasein, jetzt lediglich die endg\u00fcltige Erl\u00f6sung alles abrunden kann, im Idealfall im Kreise der respektvollen Lieben&#8230;<br \/>\n<strong>Toll<\/strong>, was das Team da gestern abgeliefert hat<strong>!<\/strong><br \/>\nWirklich: Team<b>!<\/b><br \/>\nDenn es kam mir nie das Gef\u00fchl hoch, dass <a href=\"https:\/\/www.flickr.com\/photos\/zonenklaus\/49621133118\/in\/dateposted-public\/\">Giovanni zwischen den beiden Frauen ein Quotenm\u00e4nnchen<\/a> mimen musste, wie es umgedreht oft der Fall ist.<br \/>\nEtwas erstaunte mich doch, endlich mal zu einem sehr interessanten Thema mehrheitlich Jungvolk unter den Zuschauern anzutreffen. <strong><span style=\"font-size: xx-small;\">(<\/span><\/strong><span style=\"font-size: xx-small;\">In unseren Winz-Theatern, im ehemaligen brit. Sektor, trifft man fast nur auf Mumienrudel, wobei ich dazugeh\u00f6re&#8230;<\/span><strong><span style=\"font-size: xx-small;\">)<\/span><\/strong><\/p>\n<p><!--more--><br \/>\nDaf\u00fcr wird es vielfache Gr\u00fcnde geben, es beginnt mit dem Laden <span style=\"font-size: small;\"><strong>(<\/strong>Wir sind gerne in der SCHAUBUDE!<strong>) <\/strong><\/span>und dann im tiefsten Osten, sicherlich waren auch viele gleichaltrige Freunde und Bekannte der Darsteller anwesend.<br \/>\nVielleicht kam ja auch wegen der Corona-Flippis ein leichter Wink mit dem Zaunpfahl, sich endlich mal mit dem Sensenmann und dessen Drumherum zu besch\u00e4ftigen. Denn der Herr existiert im ewig pr\u00e4senten Jugendwahn nirgendwo, wenn ich aber daran denke, wie viele Tote ich bereits in sehr jungen Jahren in meiner unmittelbaren Umgebung registrierte, da entwickelte sich irgendwann eine <a href=\"https:\/\/zonenklaus.de\/wordpress\/?p=624\">Gew\u00f6hungsphase<\/a>.<br \/>\nIm \u00dcbrigen fanden meine wichtigen <a href=\"https:\/\/zonenklaus.de\/wordpress\/wp-content\/uploads\/2020\/03\/Meine-andere-10.-Klasse.pdf\">Schul- und Lehrjahre<\/a> auf der Stra\u00dfe statt.<br \/>\nDabei kam es aber auch zu Erfahrungen, die in der Regel niemand machen muss. Wie es mir nichtsahnend passiert, noch keine 20 Jahre und dann stinkende aufgequollene Leichenteile aus <a href=\"https:\/\/zonenklaus.de\/wordpress\/wp-content\/uploads\/2020\/03\/EKB.pdf\">Explosionsschuttbergen<\/a> klauben&#8230;<br \/>\nInnerhalb k\u00fcrzester Zeit waren all jene Erlebnisse aber auch vergessen.<br \/>\nIm <a href=\"https:\/\/zonenklaus.de\/wordpress\/?p=25133\">SENSEN-St\u00fcck<\/a> wurde fast alles l\u00fcckenlos aneinandergereiht, ebenso testamentarische Eigenheiten. Muss aus eigenem Erleben da etwas hinzuf\u00fcgen!<br \/>\n<a href=\"https:\/\/zonenklaus.de\/wordpress\/wp-content\/uploads\/2020\/03\/Peace-Kopf.jpg\"><img loading=\"lazy\" decoding=\"async\" class=\"alignleft size-thumbnail wp-image-33947\" src=\"https:\/\/zonenklaus.de\/wordpress\/wp-content\/uploads\/2020\/03\/Peace-Kopf-99x150.jpg\" alt=\"\" width=\"99\" height=\"150\" srcset=\"https:\/\/zonenklaus.de\/wordpress\/wp-content\/uploads\/2020\/03\/Peace-Kopf-99x150.jpg 99w, https:\/\/zonenklaus.de\/wordpress\/wp-content\/uploads\/2020\/03\/Peace-Kopf-197x300.jpg 197w, https:\/\/zonenklaus.de\/wordpress\/wp-content\/uploads\/2020\/03\/Peace-Kopf-673x1024.jpg 673w, https:\/\/zonenklaus.de\/wordpress\/wp-content\/uploads\/2020\/03\/Peace-Kopf-624x950.jpg 624w, https:\/\/zonenklaus.de\/wordpress\/wp-content\/uploads\/2020\/03\/Peace-Kopf.jpg 738w\" sizes=\"auto, (max-width: 99px) 100vw, 99px\" \/><\/a>Vor rund 20 Jahren hakte die Tochter der Scheffin, ihren obligatorischen Schnippelkurs an der Uni ab. Wir hockten eines abends zusammen, da fiel das Stichwort: Testament! Niemand nahm mir ab, dass ich zwei solcher Teile abgefasst hatte. Kramte eins hervor, welches nat\u00fcrlich niemand lesen konnte, weil in S\u00fctterlin geschrieben, las es dann vor.<br \/>\nDort stand auch der Hinweis, dass ich mich an der Uni zerschnippeln lassen wollte. Darauf entfuhr mir ein Spruch in Richtung der angehenden Medizinerin, welcher bei ihrer Mutter nicht gut ankam.<br \/>\n<a href=\"https:\/\/zonenklaus.de\/wordpress\/wp-content\/uploads\/2020\/03\/IMG_6530\u00e4.jpg\"><img loading=\"lazy\" decoding=\"async\" class=\"alignleft size-thumbnail wp-image-33877\" src=\"https:\/\/zonenklaus.de\/wordpress\/wp-content\/uploads\/2020\/03\/IMG_6530\u00e4-113x150.jpg\" alt=\"\" width=\"113\" height=\"150\" srcset=\"https:\/\/zonenklaus.de\/wordpress\/wp-content\/uploads\/2020\/03\/IMG_6530\u00e4-113x150.jpg 113w, https:\/\/zonenklaus.de\/wordpress\/wp-content\/uploads\/2020\/03\/IMG_6530\u00e4-225x300.jpg 225w, https:\/\/zonenklaus.de\/wordpress\/wp-content\/uploads\/2020\/03\/IMG_6530\u00e4-768x1024.jpg 768w, https:\/\/zonenklaus.de\/wordpress\/wp-content\/uploads\/2020\/03\/IMG_6530\u00e4-624x832.jpg 624w, https:\/\/zonenklaus.de\/wordpress\/wp-content\/uploads\/2020\/03\/IMG_6530\u00e4.jpg 1056w\" sizes=\"auto, (max-width: 113px) 100vw, 113px\" \/><\/a>\u201eMich kannst du ja an dem Tattoo erkennen, dem Gammler! Den entfernst du vorsichtig und stellst dann ein Lesezeichen f\u00fcr deine Mama her!\u201c<br \/>\nHatte dieses Unget\u00fcm n\u00e4chtens, reichlich bezecht, im ersten Lehrjahr zu sticheln begonnen, um den Arm herum sollten die <em>Rolling Stones<\/em> entstehen.<br \/>\nMeine Steuernummer kam nach einer <i>Reform<\/i> hinzu, als es hie\u00df, jene Ziffern erh\u00e4lt man bis zur Urne, geschah dies im neuen Jahrtausend?<br \/>\nDas Testament flatterte noch etwas l\u00e4nger in der K\u00fcche herum, als es ein sachkundiger Besuch mal in die Hand bekam und tat er sofort kund, dass dieses Schriftst\u00fcck ung\u00fcltig sei! Man darf n\u00e4mlich zur Vollstreckung nichts notieren, was anschlie\u00dfend nie erf\u00fcllt werden kann!<br \/>\nEs ging mir darum, mich ausschlachten zulassen, verbrennen, dann die Asche ins Getriebe vom Dienstwagen des gerade regierenden B\u00fcrgermeisters zu kippen&#8230;<\/p>\n<p>Noch einige Bemerkungen in eigener Sache.<br \/>\nLeider tauchte Chopins<a href=\"https:\/\/www.youtube.com\/watch?v=2zM5aUh-FgI\"> &#8216;Funeral March&#8217;<\/a> nicht auf. <b>(<\/b><span style=\"font-size: small;\">Hatte fr\u00fcher eine ellenlange Fassung die unwahrscheinlich gut bekifft r\u00fcberkam, im Zusammenhang mit einer recht guten Lichtorgel, ebenso <a href=\"https:\/\/www.youtube.com\/watch?v=BLfRkbmIFYI\">Tschaikowskys Overture 1812.<\/a><\/span><span style=\"font-size: small;\"><b>)<\/b><\/span><br \/>\nAuch vermisste ich den Hinweis, dass anl\u00e4sslich einer Beerdigung niemals ein s<span style=\"font-size: small;\">pezieller Hit von <a href=\"https:\/\/www.youtube.com\/watch?v=kSYblBKZ75Y\"><i>Franz Eugen Helmuth Manfred Nidl<\/i><\/a> intoniert werden darf! <\/span><br \/>\n&#8211; W\u00e4hrend der Vorstellung kam der Ton zwischendurch nicht immer ganz korrekt r\u00fcber, war aber schon geil, wie sie auch das Licht unter den Verh\u00e4ltnissen ausbaldowert hatte.<br \/>\nDer absolute I-Punkt w\u00e4re nat\u00fcrlich auch ein Followspot gewesen&#8230;<\/p>\n","protected":false},"excerpt":{"rendered":"<p>Richtig! F\u00fcr selbige Erkenntnis sollte aber f\u00e4lschlicherweise der Pluralis Majestatis nicht benutzt werden, denn letztlich ereilt selbiges Resultat irgendwann jeden von uns. Ebenso sind die Wege dorthin, mannigfaltiger denn jeglicher anderer Vorkommnisse bis zu dem Zeitpunkt, wenn man dem sympathischen Herrn mit der Sense begegnet und Bruder Hein lapidar abl\u00e4sst: \u201eNun reicht es aber!\u201c Wobei [&hellip;]<\/p>\n","protected":false},"author":6,"featured_media":0,"comment_status":"open","ping_status":"open","sticky":false,"template":"","format":"standard","meta":{"footnotes":""},"categories":[1,55,38],"tags":[],"class_list":["post-33873","post","type-post","status-publish","format-standard","hentry","category-allgemeines","category-alltaeglicher-wahnwitz","category-in-den-ewigen-jagdgrunden"],"_links":{"self":[{"href":"https:\/\/zonenklaus.de\/wordpress\/index.php?rest_route=\/wp\/v2\/posts\/33873","targetHints":{"allow":["GET"]}}],"collection":[{"href":"https:\/\/zonenklaus.de\/wordpress\/index.php?rest_route=\/wp\/v2\/posts"}],"about":[{"href":"https:\/\/zonenklaus.de\/wordpress\/index.php?rest_route=\/wp\/v2\/types\/post"}],"author":[{"embeddable":true,"href":"https:\/\/zonenklaus.de\/wordpress\/index.php?rest_route=\/wp\/v2\/users\/6"}],"replies":[{"embeddable":true,"href":"https:\/\/zonenklaus.de\/wordpress\/index.php?rest_route=%2Fwp%2Fv2%2Fcomments&post=33873"}],"version-history":[{"count":30,"href":"https:\/\/zonenklaus.de\/wordpress\/index.php?rest_route=\/wp\/v2\/posts\/33873\/revisions"}],"predecessor-version":[{"id":35675,"href":"https:\/\/zonenklaus.de\/wordpress\/index.php?rest_route=\/wp\/v2\/posts\/33873\/revisions\/35675"}],"wp:attachment":[{"href":"https:\/\/zonenklaus.de\/wordpress\/index.php?rest_route=%2Fwp%2Fv2%2Fmedia&parent=33873"}],"wp:term":[{"taxonomy":"category","embeddable":true,"href":"https:\/\/zonenklaus.de\/wordpress\/index.php?rest_route=%2Fwp%2Fv2%2Fcategories&post=33873"},{"taxonomy":"post_tag","embeddable":true,"href":"https:\/\/zonenklaus.de\/wordpress\/index.php?rest_route=%2Fwp%2Fv2%2Ftags&post=33873"}],"curies":[{"name":"wp","href":"https:\/\/api.w.org\/{rel}","templated":true}]}}