{"id":34078,"date":"2020-03-22T21:35:20","date_gmt":"2020-03-22T20:35:20","guid":{"rendered":"https:\/\/zonenklaus.de\/wordpress\/?p=34078"},"modified":"2020-03-27T23:13:47","modified_gmt":"2020-03-27T22:13:47","slug":"die-einschraenkungen-sind-regeln-keine-empfehlungen","status":"publish","type":"post","link":"https:\/\/zonenklaus.de\/wordpress\/?p=34078","title":{"rendered":"&#8220;Die Einschr\u00e4nkungen sind Regeln, keine Empfehlungen&#8221;"},"content":{"rendered":"<p><i>Wegen der anhaltenden Coronakrise haben sich Bund und L\u00e4nder auf einen Neunpunkteplan geeinigt. Kanzlerin Merkel mahnte anschlie\u00dfend, die Regelungen einzuhalten &#8211; andernfalls drohen Strafen. <\/i><br \/>\n<a href=\"https:\/\/www.spiegel.de\/politik\/deutschland\/angela-merkel-zur-coronakrise-die-einschraenkungen-sind-regeln-keine-empfehlungen-a-4d499147-8ab7-4cd7-a86c-53eda0742b44#kommentare\">So ganz stimmt es nicht<\/a>, weil das Merkel ihren Laden nicht 100 pro im Griff hat. Herr S\u00f6der kann immer noch nichts mit dem Begriff <i>F\u00f6deralismus<\/i> anfangen. Wenn es ihm etwas n\u00fctzt, dann geb\u00e4rdet er sich als \u00fcbergro\u00dfer Moralist und zeitweise kann man in ihm die Reinkarnation eines Hyperdemokraten vermuten. Hinzu kommt, das Kuschen seiner Kollegen in anderen Provinzen, garantieren ihm dadurch ein freies Schussfeld.<br \/>\nZumindest hat Frau Kanzler einen Mehrpunkteplan vorgestellt, glaube <i>neune<\/i> sollen es sein, aber so halbseiden, allerdings mit imagin\u00e4ren Strafandrohungen, mit denen niemand etwas anfangen kann. Werden demn\u00e4chst Delinquenten massenhaft, im entsprechenden Abstand an den Pranger gestellt? Oder werden \u00f6ffentlich ausgepeitscht und m\u00fcssen anschlie\u00dfend ihre schn\u00f6den Vergehen hundertfach niederschreiben?<br \/>\nDa war vor ein paar Jahrhunderte Adolph Franz Friedrich Ludwig Freiherr Knigge, doch etwas anders drauf. Gut, er war ein Blaubl\u00fcter und es geschah w\u00e4hrend der Aufkl\u00e4rungs\u00e4ra. Alles nun vollkommen bedeutungslos, weil Schnee <span style=\"font-size: small;\"><b>(<\/b><\/span><span style=\"font-size: small;\"><i>Nicht mit Koks verwechseln!<\/i><\/span><span style=\"font-size: small;\"><b>)<\/b><\/span> von gestern! Au\u00dferdem galt der Freiherr als geradlinig und kam deshalb, Zeit seines Lebens, ohne hartn\u00e4ckiges Renegatentum aus.<br \/>\nAnfangs l\u00e4sst Frau Kanzler ab: <i>&#8220;Bitte ziehen Sie alle mit. Zeigen Sie Vernunft und Herz&#8221;, appellierte sie weiter. Das eigene Verhalten sei nun das wirksamste Mittel &#8211; ein Impfstoff gegen das Virus sei noch nicht gefunden. <\/i><br \/>\nWeshalb reiten eigentlich viele Para-E<i>ks<\/i>perten ewig auf dem nicht vorhandenen Impfstoff herum? Was soll der im Nachhinein eigentlich bewirken?<br \/>\nIm heutigen TAGESSPITZEL erhitzt sich Martenstein \u00fcber leicht schr\u00e4ge Meinungen zum Virus, wobei alle etwas vergessen haben, wenn es ums Ableben im hohen Alter geht und betroffene Zeitgenossen oftmals schon out of order herum vegetieren, Ihr Ableben oftmals einer Erl\u00f6sung gleichkommt, auf der anderen Seite, <em>sie die Rentenkassen merklich entlasten k\u00f6nnen<\/em>. Bin mit der Ansicht kein Ma\u00dfstab, hatte ich doch gar nicht mit solchem Alter gerechnet, dass ich noch in den Genuss der Rente kommen w\u00fcrde. Hatte deshalb fast allen Papierkram, so wie ankam, gleich entsorgt. Aus meinen Ostzeiten gab es auch keine konkreten Belege&#8230;<br \/>\nMeine Lebenseinstellung kann doch als etwas anderes gelten, was ansonsten die Richtschnur vom Mainstream darstellt.<br \/>\nKam mir morgen wieder in den Sinn, allerdings nur, weil ich es leid bin, auf allen Radiostationen ewig den Coro-Schei\u00df einzuziehen. Deshalb wurde mal wieder das<a href=\"https:\/\/www.radio.de\/s\/johnnycashradio\"> <i>Johannes Bargeld Radio<\/i><\/a> aktiviert, im Zusammenhang mit der Info, dass <i><b>Kenny Rogers nicht mehr einkaufen geht<\/b><\/i><b>. <\/b><br \/>\nDa lief der Hit: <a href=\"https:\/\/www.youtube.com\/watch?v=TViGS1ePGp8\"><i>Bull Rider<\/i><\/a> und eine Zeile wurde dabei ewig wiederholt &#8211; <i>Live fast, die young&#8230;<\/i><br \/>\nAls das eigentlich gro\u00dfes Problem in heutigen Tagen kann doch die Tatsachen gelten, dass die breite Masse immer Angst vorm Leben hatte, aber nebenher das Ende mehr oder weniger erfolgreich verdr\u00e4ngte. Aber nun aus heiterem Himmel, vom nahen Horizont die noch gr\u00f6\u00dferer Angst vor der Sense von Bruder Hein, sich momentan noch sehr sachte bemerkbar macht &#8211; wie nun damit umgehen? Wird sich sehr schnell wandeln und nicht so lahmarschig. Augenblicklich ist jeder erst mal damit besch\u00e4ftigt, sich an den Sumpf der Endzeit zu gew\u00f6hnen, in dem wir nun herum waten und niemand wei\u00df, wo er jetzt schlagartig die Zeit zum Verdr\u00e4ngen herbekommen kann&#8230;<!--more--><br \/>\nM\u00f6chte abschlie\u00dfen noch auf einen Punkt eingehen, welcher lautet: <i>Dienstleistungsbetriebe im Bereich der K\u00f6rperpflege wie Friseure, Kosmetikstudios, Massagepraxen, <\/i><i><b>Tattoostudios und \u00e4hnliche Betriebe<\/b><\/i><i> werden geschlossen, weil in diesem Bereich eine k\u00f6rperliche N\u00e4he unabdingbar ist. Medizinisch notwendige Behandlungen bleiben weiter m\u00f6glich. <\/i><br \/>\n&#8230;<i><b>\u00e4hnliche Betriebe<\/b><\/i><b>! <\/b>Handelt es sich dabei um die verklemmte Definition f\u00fcr Bordelle, weil dort auch gestichelt und gestochen wird?<br \/>\n<b><i>&#8230;weil in diesem Bereich eine k\u00f6rperliche N\u00e4he unabdingbar ist<\/i>!<\/b><br \/>\nRichtig erkannt, dies bleibt nicht aus, auch wenn Typen oftmals solche Etablissements nur aufsuchen, weil sie zu faul zum Wixen sind. Dabei dem Irrtum aufsitzen, wenn sie meinen, die entsprechend Frauen werden schon alles richten, schlie\u00dflich wurden doch zeitlich begrenzt ihre K\u00f6rper gekauft. Dabei sind die Zeiten lange vorbei, wo der Kunde sich als K\u00f6nig f\u00fchlen konnte, allerdings war jene Ansicht noch nie auf eine Spermatherapie \u00fcbertragbar!<br \/>\n<a href=\"https:\/\/zonenklaus.de\/wordpress\/wp-content\/uploads\/2020\/03\/01aEndf..jpg\"><img loading=\"lazy\" decoding=\"async\" class=\"alignleft size-thumbnail wp-image-34079\" src=\"https:\/\/zonenklaus.de\/wordpress\/wp-content\/uploads\/2020\/03\/01aEndf.-150x111.jpg\" alt=\"\" width=\"150\" height=\"111\" srcset=\"https:\/\/zonenklaus.de\/wordpress\/wp-content\/uploads\/2020\/03\/01aEndf.-150x111.jpg 150w, https:\/\/zonenklaus.de\/wordpress\/wp-content\/uploads\/2020\/03\/01aEndf.-300x222.jpg 300w, https:\/\/zonenklaus.de\/wordpress\/wp-content\/uploads\/2020\/03\/01aEndf..jpg 580w\" sizes=\"auto, (max-width: 150px) 100vw, 150px\" \/><\/a>Dies hat eben sowenig in einer staatlich sanktionierten sexuellen Notgemeinschaft seine G\u00fcltigkeit, egal wie man sie auch sehen will&#8230;<br \/>\nHier noch das Abbild einer <i>Coro-Lorgnette-Maske, <\/i>welche nicht nur zum Vorspiel von sexuellen Eskapaden geeignet ist! <i> <\/i><\/p>\n<p><b>PS. <\/b>Hier noch etwas aus der Presse!<br \/>\n<a href=\"https:\/\/www.tagesspiegel.de\/wissen\/coronavirus-in-deutschland-und-der-welt-in-den-usa-mehr-als-100-tote-in-24-stunden\/25560996.html\">Merkw\u00fcrdige Headline!<\/a><br \/>\nBin mir sicher, 100 Leute kneifen doch t\u00e4glich nach irgendwelchen Schie\u00dfereien ihren Arsch zu, die vielen Verkehrstoten sind mir nicht erw\u00e4hnenswert!<\/p>\n","protected":false},"excerpt":{"rendered":"<p>Wegen der anhaltenden Coronakrise haben sich Bund und L\u00e4nder auf einen Neunpunkteplan geeinigt. Kanzlerin Merkel mahnte anschlie\u00dfend, die Regelungen einzuhalten &#8211; andernfalls drohen Strafen. So ganz stimmt es nicht, weil das Merkel ihren Laden nicht 100 pro im Griff hat. Herr S\u00f6der kann immer noch nichts mit dem Begriff F\u00f6deralismus anfangen. Wenn es ihm etwas [&hellip;]<\/p>\n","protected":false},"author":6,"featured_media":0,"comment_status":"open","ping_status":"open","sticky":false,"template":"","format":"standard","meta":{"footnotes":""},"categories":[55,38],"tags":[],"class_list":["post-34078","post","type-post","status-publish","format-standard","hentry","category-alltaeglicher-wahnwitz","category-in-den-ewigen-jagdgrunden"],"_links":{"self":[{"href":"https:\/\/zonenklaus.de\/wordpress\/index.php?rest_route=\/wp\/v2\/posts\/34078","targetHints":{"allow":["GET"]}}],"collection":[{"href":"https:\/\/zonenklaus.de\/wordpress\/index.php?rest_route=\/wp\/v2\/posts"}],"about":[{"href":"https:\/\/zonenklaus.de\/wordpress\/index.php?rest_route=\/wp\/v2\/types\/post"}],"author":[{"embeddable":true,"href":"https:\/\/zonenklaus.de\/wordpress\/index.php?rest_route=\/wp\/v2\/users\/6"}],"replies":[{"embeddable":true,"href":"https:\/\/zonenklaus.de\/wordpress\/index.php?rest_route=%2Fwp%2Fv2%2Fcomments&post=34078"}],"version-history":[{"count":6,"href":"https:\/\/zonenklaus.de\/wordpress\/index.php?rest_route=\/wp\/v2\/posts\/34078\/revisions"}],"predecessor-version":[{"id":34136,"href":"https:\/\/zonenklaus.de\/wordpress\/index.php?rest_route=\/wp\/v2\/posts\/34078\/revisions\/34136"}],"wp:attachment":[{"href":"https:\/\/zonenklaus.de\/wordpress\/index.php?rest_route=%2Fwp%2Fv2%2Fmedia&parent=34078"}],"wp:term":[{"taxonomy":"category","embeddable":true,"href":"https:\/\/zonenklaus.de\/wordpress\/index.php?rest_route=%2Fwp%2Fv2%2Fcategories&post=34078"},{"taxonomy":"post_tag","embeddable":true,"href":"https:\/\/zonenklaus.de\/wordpress\/index.php?rest_route=%2Fwp%2Fv2%2Ftags&post=34078"}],"curies":[{"name":"wp","href":"https:\/\/api.w.org\/{rel}","templated":true}]}}