{"id":34253,"date":"2020-04-10T18:02:18","date_gmt":"2020-04-10T17:02:18","guid":{"rendered":"https:\/\/zonenklaus.de\/wordpress\/?p=34253"},"modified":"2020-04-15T19:47:55","modified_gmt":"2020-04-15T18:47:55","slug":"k-frage-bei-der-union","status":"publish","type":"post","link":"https:\/\/zonenklaus.de\/wordpress\/?p=34253","title":{"rendered":"K-Frage bei der Union:"},"content":{"rendered":"<p><a href=\"https:\/\/web.de\/magazine\/politik\/k-frage-union-soeder-merz-laschet-34604902\">S\u00f6der klar vor Merz und Laschet<\/a>, von welcher Seite betrachtet?<br \/>\nWas bedeutet es eigentlich, wenn nun Heinz S\u00f6der sein Trachtenh\u00fctchen in den Ring schmei\u00dft?<br \/>\nF\u00fcr Bundesgermanien und Europa lediglich die Wahl, zwischen Pest, Cholera und Corvd-19, oder?<br \/>\n<i>CSU-Chef S\u00f6der hat mit seinem Corona-Krisenmanagement<\/i><b>*<\/b><i> viele Sympathiepunkte gewonnen. In der K-Frage der Union liegt er nun weit vor der Konkurrenz aus der CDU &#8211; beteuert aber weiter, dass er die Kanzlerkandidatur nicht anstrebt.<\/i><br \/>\nWo soll ich denn verwertbare Ergebnisse seines <i><b>*CKM\u00b4s <\/b><\/i>f\u00fcr den <i>deutschen Nationalstaat &#8211; der gesamten Republik<\/i> und letztlich f\u00fcr Europa erkennen?<br \/>\nMuss daf\u00fcr sein <i>Cocktail-Small-Talk<\/i> herhalten, den Gro\u00dfteile der <i>publikativen Gewalt<\/i> im vorausgaloppierendem Gehorsam bereits l\u00e4ngere Zeit marktschreierisch ausposaunt?<!--more--><br \/>\nEtwa seit den Tagen, als dem CSU-H\u00e4uptling, in der bundesweit mit Vorsatz allumfassend verschleppten Covid-19-Anfangsphase pl\u00f6tzlich einfiel, das <i><b>Grundgesetz<\/b><\/i> des <i><b>f\u00f6deralistisch aufgebauten freiheitlich-demokratischen <\/b><\/i>und <i><b>sozialen Rechtsstaates,<\/b><\/i><b> <\/b>vertreten von <i><b>einer nach dem Verh\u00e4ltniswahlrecht gew\u00e4hlten Bundesregierung<\/b><\/i>, schlicht an seinem verl\u00e4ngerten R\u00fccken vorbeirauschen zulassen&#8230;<br \/>\nWenn ich mich dunkel erinnere, m\u00fcssen doch s\u00e4mtliche Regierungsstare auf den Wortlaut UNSERER provisorischen Verfassung auch gabeln, auf vormals sogar recht vern\u00fcnftige ausgelegte Formulierungen, die aber mittlerweile zu allumfassenden Beschwichtigungsnotwahrheiten <i>mutiert werden. <\/i><br \/>\nSiehe einen Satz retour!<br \/>\nGott sei Dank, heutzutage empfinde ich beim Anblick jenes fettgedruckten und kursiv gesetzten <i>demokratisch anmutenden Fachjargon<\/i> nicht mehr allzu viel. Schon klar, es irren aber noch Zeitgenossen herum, die im Angesicht von solch fragw\u00fcrdigen <i>politpornographischen Aussagen <\/i>prompt einen Abgang bekommen. Ich muss allerdings in solchen Momenten m\u00e4chtig Obacht geben, dass mir mein restliches Sperma nicht flockig wird&#8230;<br \/>\nHinzu kommt, je mehr solche <i>nachhaltig konstruktiven<\/i> Beteuerungen der ablehnenden <i>S\u00f6dernschen<\/i> Art, den Plebsen vorges\u00e4uselt werden, desto wahrscheinlicher ist es doch, dass bereits treue Vasallen seine Startl\u00f6cher betonieren. Weil am Horizont die spezielle f\u00fcr ihn zu modulierende <i>K-Frage<\/i> dr\u00e4ut!<br \/>\nWette um eine Flasche Gehacktes, dass nebenher schon lange Geheimgespr\u00e4che voll im Gange sind, mit AKK, der Frau Kanzler, einem Stab <i>P\u00fccho-<\/i> und <i>Soziolochen<\/i>, Parteienforschern, Statistikern, Gef\u00e4lligkeitsjournalisten aller medialen Branchen und irgendwelchen Allerweltse<i>ks<\/i>perten aus vielen Ecken UNSERER Erdenscheibe.<br \/>\nW\u00fcnsche noch einen restlichen, Feiertag ohne Covd-19!<br \/>\nMir f\u00e4llt eine sehr wichtige Durchsage ein!<br \/>\n<b>Leute, ihr m\u00fcsst nicht mehr Schei\u00dfpapier hamstern! <\/b><br \/>\nKomme dazu mit einem Spruch vom r\u00f6tlichen <i>Martin Andersen Nex\u00f6, <\/i>der mal eine allgemeing\u00fcltige Betrachtung ablie\u00df: <i>Jeder Tag stellt seine Probleme, die unabweislich nach einer L\u00f6sung verlangen, um hinterher vielleicht in neuer Gestalt aufzutauchen. <\/i><br \/>\n<strong>So isses halt!<\/strong><br \/>\n<b>&#8211; <\/b><a href=\"https:\/\/www.gmx.net\/magazine\/panorama\/minister-altmaier-entdeckt-coronakrise-bodybuilding-34605616\">Hasi Altmaier entdeckt z. B. \u201eIn Coronakrise Bodybuilding f\u00fcr sich.\u201c<\/a> <span style=\"font-size: xx-small;\"><b>(<\/b><\/span><span style=\"font-size: xx-small;\">Dank in die kalte Heimat!<\/span><span style=\"font-size: xx-small;\"><b>)<\/b><\/span><br \/>\nGanz sch\u00f6n aufwendig!<br \/>\n<b>&#8211; <\/b>Mit ganz viel beten, noch mehr saufen und ganz, ganz viel wixen, k\u00f6nnen <span class=\"st\"><em>COVID-19<\/em><\/span><em>, 20 usw.<\/em> ebenso bek\u00e4mpft werden!<br \/>\nBloody Bullshit, bin wieder abgedriftet!<br \/>\n<b>&#8211; <\/b>Retour zum weiter oben bereits erw\u00e4hnten Papier!<br \/>\nDa sich die Zeiten rasant \u00e4ndern, wird demn\u00e4chst die gedruckte Ausgabe UNSERER Verfassung bestimmt nicht mehr ben\u00f6tigt. Entsprechend separiert, kann sie dann der ganz speziellen Verwendung anheim fallen! Ist bei Papier von <em>80<\/em> &#8211; 100 <em>g<\/em>\/m\u00b2, anf\u00e4nglich etwas gew\u00f6hnungsbed\u00fcrftig!<br \/>\nMit meinem Zonenmigrationshintergrund f\u00e4llt mir noch ein, die Kursb\u00fccher der Deutschen Reichsbahn waren immer absolut begehrt, sie besa\u00dfen sehr d\u00fcnnes und haltbares Papier. In einem stabilen h\u00f6lzernen Herzh\u00e4uschen, musste deshalb nicht viel gerissen werden, da wurde lediglich ein 80er Nagel durch den Folianten gedroschen und man konnte anschlie\u00dfend blattweise abrei\u00dfen&#8230;.<\/p>\n","protected":false},"excerpt":{"rendered":"<p>S\u00f6der klar vor Merz und Laschet, von welcher Seite betrachtet? Was bedeutet es eigentlich, wenn nun Heinz S\u00f6der sein Trachtenh\u00fctchen in den Ring schmei\u00dft? F\u00fcr Bundesgermanien und Europa lediglich die Wahl, zwischen Pest, Cholera und Corvd-19, oder? CSU-Chef S\u00f6der hat mit seinem Corona-Krisenmanagement* viele Sympathiepunkte gewonnen. In der K-Frage der Union liegt er nun weit [&hellip;]<\/p>\n","protected":false},"author":6,"featured_media":0,"comment_status":"open","ping_status":"open","sticky":false,"template":"","format":"standard","meta":{"footnotes":""},"categories":[55],"tags":[],"class_list":["post-34253","post","type-post","status-publish","format-standard","hentry","category-alltaeglicher-wahnwitz"],"_links":{"self":[{"href":"https:\/\/zonenklaus.de\/wordpress\/index.php?rest_route=\/wp\/v2\/posts\/34253","targetHints":{"allow":["GET"]}}],"collection":[{"href":"https:\/\/zonenklaus.de\/wordpress\/index.php?rest_route=\/wp\/v2\/posts"}],"about":[{"href":"https:\/\/zonenklaus.de\/wordpress\/index.php?rest_route=\/wp\/v2\/types\/post"}],"author":[{"embeddable":true,"href":"https:\/\/zonenklaus.de\/wordpress\/index.php?rest_route=\/wp\/v2\/users\/6"}],"replies":[{"embeddable":true,"href":"https:\/\/zonenklaus.de\/wordpress\/index.php?rest_route=%2Fwp%2Fv2%2Fcomments&post=34253"}],"version-history":[{"count":3,"href":"https:\/\/zonenklaus.de\/wordpress\/index.php?rest_route=\/wp\/v2\/posts\/34253\/revisions"}],"predecessor-version":[{"id":34306,"href":"https:\/\/zonenklaus.de\/wordpress\/index.php?rest_route=\/wp\/v2\/posts\/34253\/revisions\/34306"}],"wp:attachment":[{"href":"https:\/\/zonenklaus.de\/wordpress\/index.php?rest_route=%2Fwp%2Fv2%2Fmedia&parent=34253"}],"wp:term":[{"taxonomy":"category","embeddable":true,"href":"https:\/\/zonenklaus.de\/wordpress\/index.php?rest_route=%2Fwp%2Fv2%2Fcategories&post=34253"},{"taxonomy":"post_tag","embeddable":true,"href":"https:\/\/zonenklaus.de\/wordpress\/index.php?rest_route=%2Fwp%2Fv2%2Ftags&post=34253"}],"curies":[{"name":"wp","href":"https:\/\/api.w.org\/{rel}","templated":true}]}}