{"id":34255,"date":"2020-04-11T00:37:51","date_gmt":"2020-04-10T23:37:51","guid":{"rendered":"https:\/\/zonenklaus.de\/wordpress\/?p=34255"},"modified":"2026-03-14T19:56:06","modified_gmt":"2026-03-14T18:56:06","slug":"so-viel-wissen-ueber-unser-nichtwissen-gab-es-noch-nie","status":"publish","type":"post","link":"https:\/\/zonenklaus.de\/wordpress\/?p=34255","title":{"rendered":"\u201eSo viel Wissen \u00fcber unser Nichtwissen gab es noch nie&#8221;*"},"content":{"rendered":"<p><a href=\"https:\/\/www.fr.de\/kultur\/gesellschaft\/juergen-habermas-coronavirus-krise-covid19-interview-13642491.html?utm_source=pocket-newtab\">J\u00fcrgen Habermas \u00fcber Corona<\/a><br \/>\nGab schon etwas her, den Herren mal live zu erleben!<br \/>\nIst bereits sehr lange her.<br \/>\nDamals teilten die getrockneten Autobahnteile, nebst ihres stacheldr\u00e4htigen Makramee\u00b4s, noch in voller Pracht das innerst\u00e4dtische Berlin.<br \/>\nMit vielen ernstzunehmende Philosophen ist Bundesgermanien momentan nicht gerade gesegnet, allerdings h\u00e4tten es doch zwei oder drei Leute mal etwas ablassen k\u00f6nnen <span style=\"font-size: xx-small;\"><b>(<\/b><\/span><span style=\"font-size: xx-small;\">Allerdings niemals <\/span><em><span style=\"font-size: xx-small;\">Julian <\/span><\/em><em><span style=\"font-size: xx-small;\">Nie da<\/span><\/em><em><span style=\"font-size: xx-small;\"> \u2013<\/span><\/em> <em><span style=\"font-size: xx-small;\">R\u00fcmelin!<\/span><\/em><em><span style=\"font-size: xx-small;\"><b>)<\/b><\/span><\/em> oder sie haben es getan und ich es einfach nicht registriert.<br \/>\n<a href=\"https:\/\/zonenklaus.de\/wordpress\/wp-content\/uploads\/2020\/04\/JE-SUIS-CORONIX-.jpg\"><img loading=\"lazy\" decoding=\"async\" class=\"alignleft size-thumbnail wp-image-34229\" src=\"https:\/\/zonenklaus.de\/wordpress\/wp-content\/uploads\/2020\/04\/JE-SUIS-CORONIX--124x150.jpg\" alt=\"\" width=\"124\" height=\"150\" srcset=\"https:\/\/zonenklaus.de\/wordpress\/wp-content\/uploads\/2020\/04\/JE-SUIS-CORONIX--124x150.jpg 124w, https:\/\/zonenklaus.de\/wordpress\/wp-content\/uploads\/2020\/04\/JE-SUIS-CORONIX--248x300.jpg 248w, https:\/\/zonenklaus.de\/wordpress\/wp-content\/uploads\/2020\/04\/JE-SUIS-CORONIX-.jpg 600w\" sizes=\"auto, (max-width: 124px) 100vw, 124px\" \/><\/a>Schade, dass sich Professor Habermas so vorsichtig an die Materie heranpirschte, auf der anderen Seite auch verst\u00e4ndlich, wurde doch von allen Seiten und H\u00f6hen bereits genug Porzellan zerdeppert und es ist kein hundertprozentiges Ende abzusehen.<br \/>\nWird wohl auch niemand mehr erleben, zumal eine heftige Dezimierung der menschlichen Spezies f\u00fcr das Fortbestehen, nicht zuletzt f\u00fcr die langzeitige Erholung von Flora und Fauna, den gesamten Planeten betreffend, wahrscheinlich die einzige Chance zusehen ist&#8230;<br \/>\nDabei gab es immer schon warnende Traumt\u00e4nzer, die vollkommen hilflos gegen die immerw\u00e4hrende, viel gef\u00e4hrlichere Pandemie <em>der geistigen Unterern\u00e4hrung angingen<\/em> und noch nicht mal ansatzweise etwas erreichen konnten.<br \/>\nDie Interpretation der Headline weist doch in Richtung der weiteren geistigen Verarmung der Meute.<br \/>\nEs gab Zeiten, da galt eine \u00e4hnliche Aussage:<a href=\"http:\/\/platon-heute.de\/vom-nichtwissen.html\"> \u201eIch wei\u00df, dass ich nichts wei\u00df\u201c<\/a>, als das eigentliche Highlight der damaligen philosophischen Erkenntnis und alles liegt mehr als 2600 Jahre zur\u00fcck!<br \/>\nLiegt sicher auch daran, dass <em>Sokrates<\/em> solo umherirrte und au\u00dfer ihm sowieso niemand sein Bonmont verstand. Er deshalb vom Heer der vollkommen verbl\u00f6deten Sklaven, sogar wie ein Popstar angehimmelt wurde.<br \/>\nHeute ist es umgekehrt, jeder Bl\u00f6dmax mit unendlich vielen Laufmaschen an seinen Synapsen, findet irgendwo die M\u00f6glichkeit seine verbalen D\u00fcnnschiss-Aerosole, sofort digital gewandelt, irgendwo abzulassen. Wobei scheinbar vorhandene intellektuelle Bruchst\u00fccke absolut keine brauchbaren Wertigkeiten besitzen m\u00fcssen! Denn je mehr un\u00fcberschaubare Quantit\u00e4t ausgeschissen wird, desto h\u00f6her wird sie anschlie\u00dfend gehandelt, w\u00e4hrend ihrer globalen Verbreitung. Allerdings ist es mit einem gro\u00dfen Vorteil behaftet, wenn der entsprechende E<i>ks<\/i>perte auf viele <i>Silvester<\/i> verweisen kann, die er an einer ber\u00fchmten <i>Unit\u00e4t stupidierte<\/i>!<br \/>\nHabermas wird es bestimmt nicht richten k\u00f6nnen, auch wenn sich noch haufenweise ernstzunehmende und ausgeschlafene Durchblicker ihm anschl\u00f6ssen. Solche Aufbegehrenden Menschen werden dann n\u00e4mlich von Politikerkreisen gnadenlos kaltgestellt.<a href=\"https:\/\/www.deutschlandfunk.de\/aufstand-des-gewissens.724.de.html?dram:article_id=98753\"> Adenauer hat es schlie\u00dflich vorgemacht<\/a>, Habermas kann auch auf \u00e4hnliche Vorkommnisse verweisen, die er pers\u00f6nlich erlebte.<!--more-->In zehn Tagen steht die Deadline im Raum, an jenem vollkommen aus der Luft gegriffener Termin.<br \/>\nHatte versucht, mir vorzustellen, weshalb es gerade der 20. April sein musste&#8230;<br \/>\nVerzichte auf weitere Betrachtungen in diese Richtung!<br \/>\nWie wollen denn die Stare eigentlich ihre Statistiken entsprechen frisieren, um der vollkommen misslichen Lage, wie angek\u00fcndigt, zu entwischen? Sie basteln bestimmt, wie wild an k\u00fcnftigen Sondersendungen, wo sie uns dann euphorisch eine beachtliche Anzahl von verwonnenen Siegen offerieren werden.<br \/>\nWenn ich peripher irgendwelche Meldungen aufschnappe, aus irgendwelchen <i>Nachrichten<\/i> im Radio und der Glotze, wei\u00df nicht &#8211; ist alles so merkw\u00fcrdig widersprechend, was mir irgendwann auf der Stra\u00dfe entgegen wabert, aber bezeichnend!<br \/>\nDas teilweise irrwitzig kastrierte Leben, kotzt mich ganz sch\u00f6n an, weil es oftmals mit vollkommen unn\u00fctzen G\u00e4ngeleien verbunden ist, wo ich den Betroffenen doch gern die Fresse polieren w\u00fcrde&#8230;<br \/>\nDabei besa\u00df ich fr\u00fcher eine ungemein hohe Leidensschwelle!<br \/>\nFinde schon, gewisse Scheinfreiheiten sollte man doch garantiert bekommen, da nicht absehbar ist, wie lange sich diese Malaise noch hinzieht.<br \/>\nBin n\u00e4mlich nicht gewillt, auf Dauer ein kniendes Leben hinzunehmen, dann schon lieber noch mal richtig aufdrehen, sei es f\u00fcr den Preis, anschlie\u00dfend liegend zu sterben&#8230;<br \/>\n<i>Man lebt nur durch den Geist, alles andere ist dem Tod geweiht! <\/i> <span style=\"font-size: xx-small;\"><b>(<\/b><\/span><span style=\"font-size: xx-small;\">Willibald Pirckheimer, 1470-1530<\/span><span style=\"font-size: xx-small;\"><b>)<\/b><\/span><br \/>\nMir f\u00e4llt noch ein <a href=\"https:\/\/www.fr.de\/politik\/sterbehilfe-urteil-frei-tod-13560324.html\">Wink mit dem Zaunpfahl ein,<\/a> <em>er betrifft die freiwillige R\u00fcckgabe seines eigenen Lebens<\/em>. Bekommt doch alles im Zusammenhang mir Corvid-19 eine ganz andere Wertigkeit!<\/p>\n<p>*Da m\u00fcssen wir uns bei den <em>chronisch unterv\u00f6gelten Nerds, s\u00e4mtlicher Geschlechter<\/em>, bedanken!<br \/>\nDie ihre <em>ganz wichtigen<\/em> Spezialinteressen mit sozialen Defiziten permanent kultivierten und deshalb auf die breite Palette des Lebens verzichteten, daf\u00fcr aber immer Milliarden verpulvern&#8230;<\/p>\n","protected":false},"excerpt":{"rendered":"<p>J\u00fcrgen Habermas \u00fcber Corona Gab schon etwas her, den Herren mal live zu erleben! Ist bereits sehr lange her. Damals teilten die getrockneten Autobahnteile, nebst ihres stacheldr\u00e4htigen Makramee\u00b4s, noch in voller Pracht das innerst\u00e4dtische Berlin. Mit vielen ernstzunehmende Philosophen ist Bundesgermanien momentan nicht gerade gesegnet, allerdings h\u00e4tten es doch zwei oder drei Leute mal etwas [&hellip;]<\/p>\n","protected":false},"author":6,"featured_media":0,"comment_status":"open","ping_status":"open","sticky":false,"template":"","format":"standard","meta":{"footnotes":""},"categories":[55],"tags":[],"class_list":["post-34255","post","type-post","status-publish","format-standard","hentry","category-alltaeglicher-wahnwitz"],"_links":{"self":[{"href":"https:\/\/zonenklaus.de\/wordpress\/index.php?rest_route=\/wp\/v2\/posts\/34255","targetHints":{"allow":["GET"]}}],"collection":[{"href":"https:\/\/zonenklaus.de\/wordpress\/index.php?rest_route=\/wp\/v2\/posts"}],"about":[{"href":"https:\/\/zonenklaus.de\/wordpress\/index.php?rest_route=\/wp\/v2\/types\/post"}],"author":[{"embeddable":true,"href":"https:\/\/zonenklaus.de\/wordpress\/index.php?rest_route=\/wp\/v2\/users\/6"}],"replies":[{"embeddable":true,"href":"https:\/\/zonenklaus.de\/wordpress\/index.php?rest_route=%2Fwp%2Fv2%2Fcomments&post=34255"}],"version-history":[{"count":8,"href":"https:\/\/zonenklaus.de\/wordpress\/index.php?rest_route=\/wp\/v2\/posts\/34255\/revisions"}],"predecessor-version":[{"id":45085,"href":"https:\/\/zonenklaus.de\/wordpress\/index.php?rest_route=\/wp\/v2\/posts\/34255\/revisions\/45085"}],"wp:attachment":[{"href":"https:\/\/zonenklaus.de\/wordpress\/index.php?rest_route=%2Fwp%2Fv2%2Fmedia&parent=34255"}],"wp:term":[{"taxonomy":"category","embeddable":true,"href":"https:\/\/zonenklaus.de\/wordpress\/index.php?rest_route=%2Fwp%2Fv2%2Fcategories&post=34255"},{"taxonomy":"post_tag","embeddable":true,"href":"https:\/\/zonenklaus.de\/wordpress\/index.php?rest_route=%2Fwp%2Fv2%2Ftags&post=34255"}],"curies":[{"name":"wp","href":"https:\/\/api.w.org\/{rel}","templated":true}]}}