{"id":34282,"date":"2020-04-13T22:51:01","date_gmt":"2020-04-13T21:51:01","guid":{"rendered":"https:\/\/zonenklaus.de\/wordpress\/?p=34282"},"modified":"2020-05-14T23:38:53","modified_gmt":"2020-05-14T22:38:53","slug":"fratzenradio-br-ostern-mit-samuel-koch","status":"publish","type":"post","link":"https:\/\/zonenklaus.de\/wordpress\/?p=34282","title":{"rendered":"Fratzenradio-BR, Ostern mit Samuel Koch"},"content":{"rendered":"<p><a href=\"https:\/\/www.br.de\/br-fernsehen\/programmkalender\/ausstrahlung-2089038.html\">Religion &amp; Orientierung<\/a><br \/>\nHeutzutage ist \u00f6fters Vorsicht angesagt, hinzu kommt auch die ewige Dusseligkeit der Mitmen\u00adschen, weil nun jeder Idiot sich \u00fcberall aufspielen darf. Solange man noch nicht erschossen wird, versuche ich dem Unbill auf meine Art die Stirn zu bieten. Tourte mit dem Drahtesel herum, machte einige Bilder und kam dann zu sp\u00e4t zum Treffpunkt der Zecher. Also nachhause, noch ein Rest vom Grillen vor der Glotze eingepickt.<br \/>\nBeim zappen landete ich auch auf dem Bazi-Kanal, in dem Moment tauchte der vermeintliche Depp auf.<br \/>\nBrachte es dabei bestimmt auf 10 Minuten vor dem Monitor, dann wurde alles abgew\u00fcrgt, schaute anschlie\u00dfend aber im Netz mal nach. Nicht zum aushalten und eigentlich eine Frechheit, wenn man die M\u00f6glichkeit hat, das Leben von unmittelbaren Bekannten\u00a0 in einem AOK-Shopper zu erleben.<br \/>\nTragisch Unf\u00e4lle dabei, ein Kumpel der hielt es nach einigen Jahren nicht mehr aus, weil hinterher auch sein Umfeld im Arsch war und er nicht die Kohle besa\u00df, sein Leben freiwillig in der Schweiz zur\u00fcckzugeben, sich deshalb mit der Tochter eines Seilers verm\u00e4hlte&#8230;<br \/>\nOder ein Bekannter, der von einem Besoffenen angekarrt wurde oder die unbekannte Frau, welche sich jahrelang von ihrem Typen, im Suff verpr\u00fcgeln lie\u00df. <span style=\"font-size: xx-small;\">(Sie habe ich nie kennengelernt, kannte aber aus alten Zeiten, den schlagenden Helden&#8230;) <\/span><span style=\"font-size: medium;\">Irgendwann in einem gr\u00f6\u00dferen Nest an der Oder, \u00fcber die Balkonbr\u00fcstung den Abstieg wagte. Die H\u00f6he h\u00e4tte eigentlich gereicht, allerdings stand unten ein etwas ausgewachsener Busch&#8230;<\/span><br \/>\n<span style=\"font-size: medium;\">Sehr lange im Krankenhaus, dann Reha, im Hochhaus dann ewig der Lift kaputt. Einige Wochen hielt ihr Besch\u00e4ler eine relative sufffreie Phase durch, dann begann das alte Spielchen wieder. Irgendwann der neuerliche Versuch, diesmal aus dem Rollger\u00e4t heraus und unten wuchs kein Geh\u00f6lz&#8230;\u00a0<\/span><br \/>\n<!--more-->An jenem Abend, als Meister Koch sich mit solch dussliger Aktion \u00f6ffentlich prostituieren wollte und sich dann zus\u00e4tzlich noch zu bl\u00f6de anstellte, war ich bei Schwiegermutter. Wenn sie dann alle vor der Glotze hockten wollten, konnte ich mich immer vorher verpissen, ohne gro\u00dfe Reden zu schwingen, weil ich mir solchen Schei\u00df nicht einzog. Konnte ich schon als Kind nicht ab, als mich manchmal dann Schulkameraden zu den Western am Sonntag einluden. So weit entbl\u00f6dete ich mich nie, mein Leben nach dem Fernsehprogramm zurichten.<br \/>\nWar schon lustig, wenn Anfang der 1970er, Kumpels aus den <i>T\u00e4lern der toten Auge<\/i>n bei mir waren und unbedingt Sonntags, 18:30, die Tarzanschinken glotzen mussten und anschlie\u00dfend als Tramper, mit der Bahn zur\u00fcckfuhren&#8230;<br \/>\nAm n\u00e4chsten Tag lief Koch\u00b4s <em>Stunt<\/em> ewig in den Nachrichten, dies kotzte mich auch gewaltig an. Witzig fand ich die doofe Larve vom <i>s\u00fc\u00dfen Wuschelk\u00f6pfchen<\/i> und seine Frage, zum scheinbar sich <em>ausru\u00adhenden Sprungk\u00fcnstler\u00b4s<\/em>: \u201eTut es denn weh?\u201c<br \/>\nIm Netz nun der vollkommen idiotische Text: <i>Durch einen tragischen Unfall vor einem Millionen-Publikum \u00e4nderte sich das Leben von Samuel Koch schlagartig. In der Sendung &#8220;Wetten, dass ..?&#8221; verungl\u00fcckte der damals 23-j\u00e4hrige Kunstturner bei einem waghalsigen Salto mit Sprungstiefeln. Seither ist er querschnittgel\u00e4hmt. Auch wenn er mit seinem Schicksal und Gott anfangs haderte, seinen Glauben hat Koch nicht verloren&#8230; <\/i><br \/>\nKann der Knabe froh sein, dass er seinen Glauben nicht verloren hat. (Hi, hi, hi.)<br \/>\n<i>Reduziert auf das, was seit dem Unfall k\u00f6rperlich noch m\u00f6glich ist, stellt er sich existenzielle Fragen. &#8220;Was macht mich aus? Wie schaffe ich alles?&#8221; &#8211; Seine Antwort: Ich bete. <\/i><br \/>\nIst das nicht sch\u00f6n? Unten herum total unslustig und als Ersatz die Beterei!<br \/>\nIch wei\u00df, es wird ein Haufen Leute geben, die den restlichen Text mit tiefer Betroffenheit studieren, mich hat er \u00fcberhaupt nicht interessiert! Doch schon etwas, allerdings kam mir eine unbeschreibliche Wut hoch und die Frage, wie viel Millionen Euronen durfte er denn bisher verbraten?<br \/>\nMeinetwegen kann er t\u00e4glich mehrere Tausende verballern finde es aber den anderen Leuten gegen\u00ad\u00fcber unversch\u00e4mt, wird sicher f\u00fcr den Vijo-Schnippsel auch noch Quotenm\u00e4use einstreichen k\u00f6n\u00adnen?<br \/>\n<i>Seine Prominenz nutzt Koch, um anderen Menschen Mut zu machen und soziale Projekte zu unter\u00adst\u00fctzen. Er selbst hat den gemeinn\u00fctzigen Verein &#8220;Samuel Koch und Freunde&#8221; gegr\u00fcndet, mit dem er Menschen in Notlagen hilft. Seinen Glauben, die Botschaft des Neuen Testaments, hat er f\u00fcr sich als lebenserhaltend entdeckt.<\/i><br \/>\nMir gab immer das Alte Testament die entsprechenden Tips!<br \/>\nDa plappert das M\u00e4del aus dem Off, <em><strong>er kann den Moment genie\u00dfen<\/strong><\/em>, <em>dies<\/em> kann <em>ich sogar nachvollziehen<\/em><strong>! <\/strong>Mit meiner ausgepr\u00e4gten Weisungsresistenz versuche ich es bereits seit Kindheitstagen immer wieder, da hat sich bis heute nichts ge\u00e4ndert und es bereitet mir weiterhin bannigen Spa\u00df. Da musste ich mir wirklich keine Querschnittl\u00e4hmung zulegen!<br \/>\nWie arm muss eigentlich ein Kind dran sein, wenn er irgendwann auf vermeintliche Anweisungen hin, die unerf\u00fcllten Tr\u00e4ume der Altvorderen erf\u00fcllen soll! Und dabei irgendwann seine eigenen Belange hinten anstellen muss, dabei hilflos verinnerlicht, dass er sich letztlich wie der Esel f\u00fchlt, dem es zu wohl wurde und deshalb auf\u00b4s Eis ging&#8230;<br \/>\nIn seinem Fall, wird er nun wieder ausgenutzt, wobei ich jene gesehen Methode noch erb\u00e4rmlicher finde, weil die Kirche ihn nun zus\u00e4tzlich, als Werbetr\u00e4ger, f\u00fcr ihre Belange vor den Karren spannt<\/p>\n","protected":false},"excerpt":{"rendered":"<p>Religion &amp; Orientierung Heutzutage ist \u00f6fters Vorsicht angesagt, hinzu kommt auch die ewige Dusseligkeit der Mitmen\u00adschen, weil nun jeder Idiot sich \u00fcberall aufspielen darf. Solange man noch nicht erschossen wird, versuche ich dem Unbill auf meine Art die Stirn zu bieten. Tourte mit dem Drahtesel herum, machte einige Bilder und kam dann zu sp\u00e4t zum [&hellip;]<\/p>\n","protected":false},"author":6,"featured_media":0,"comment_status":"open","ping_status":"open","sticky":false,"template":"","format":"standard","meta":{"footnotes":""},"categories":[55],"tags":[],"class_list":["post-34282","post","type-post","status-publish","format-standard","hentry","category-alltaeglicher-wahnwitz"],"_links":{"self":[{"href":"https:\/\/zonenklaus.de\/wordpress\/index.php?rest_route=\/wp\/v2\/posts\/34282","targetHints":{"allow":["GET"]}}],"collection":[{"href":"https:\/\/zonenklaus.de\/wordpress\/index.php?rest_route=\/wp\/v2\/posts"}],"about":[{"href":"https:\/\/zonenklaus.de\/wordpress\/index.php?rest_route=\/wp\/v2\/types\/post"}],"author":[{"embeddable":true,"href":"https:\/\/zonenklaus.de\/wordpress\/index.php?rest_route=\/wp\/v2\/users\/6"}],"replies":[{"embeddable":true,"href":"https:\/\/zonenklaus.de\/wordpress\/index.php?rest_route=%2Fwp%2Fv2%2Fcomments&post=34282"}],"version-history":[{"count":4,"href":"https:\/\/zonenklaus.de\/wordpress\/index.php?rest_route=\/wp\/v2\/posts\/34282\/revisions"}],"predecessor-version":[{"id":34552,"href":"https:\/\/zonenklaus.de\/wordpress\/index.php?rest_route=\/wp\/v2\/posts\/34282\/revisions\/34552"}],"wp:attachment":[{"href":"https:\/\/zonenklaus.de\/wordpress\/index.php?rest_route=%2Fwp%2Fv2%2Fmedia&parent=34282"}],"wp:term":[{"taxonomy":"category","embeddable":true,"href":"https:\/\/zonenklaus.de\/wordpress\/index.php?rest_route=%2Fwp%2Fv2%2Fcategories&post=34282"},{"taxonomy":"post_tag","embeddable":true,"href":"https:\/\/zonenklaus.de\/wordpress\/index.php?rest_route=%2Fwp%2Fv2%2Ftags&post=34282"}],"curies":[{"name":"wp","href":"https:\/\/api.w.org\/{rel}","templated":true}]}}