{"id":34291,"date":"2020-04-15T11:51:40","date_gmt":"2020-04-15T10:51:40","guid":{"rendered":"https:\/\/zonenklaus.de\/wordpress\/?p=34291"},"modified":"2020-04-15T15:10:39","modified_gmt":"2020-04-15T14:10:39","slug":"ein-bunt-zusammengewuerfelter-haufen-von-polithobbykoechen-wollen-aus-dem-ungeniessbaren-corona-moppelkotz-nun-ein-mehrgaengemenue-koecheln","status":"publish","type":"post","link":"https:\/\/zonenklaus.de\/wordpress\/?p=34291","title":{"rendered":"Ein bunt zusammengew\u00fcrfelter Haufen von Polithobbyk\u00f6chen, wollen aus dem ungenie\u00dfbaren &#8220;Corona-Moppelkotz&#8221; nun ein Mehrg\u00e4ngemen\u00fc k\u00f6cheln&#8230;"},"content":{"rendered":"<p>Unter kanzlerischer Schirmherrscht der Fastfoodgenie\u00dferin Merkel, soll es heute gelingen. Munkeln wenigstens s\u00e4mtliche Kaffeesatzleser der Republik, tausende Sp\u00f6kenkieker, noch mehr Allerweltsweltse<i>ks<\/i>perten, unz\u00e4hlige Medien-Heinze<sup><b>INNEN usw.<\/b><\/sup>, unisono selbstverfreilich Freund und Feind unterschiedlichster Couleur.<br \/>\nVornweg nat\u00fcrlich Armin<i> Napoleon<\/i> Laschet aus den sumpfigen Gefilden der Rheinebene und der kleine h\u00fcnenhafte, fast-k\u00f6nigliche Anf\u00fchrer, des z\u00e4nkischen Bergvolkes n\u00f6rdlich der Alpen&#8230;<br \/>\nVielleicht irren ja nicht ganz so blinde Zeitgenossen durch den bundesgermanischen Polit-Dschungel, denen schon mal etwas aufgefallen ist. In erster Linie nat\u00fcrlich bei den Medien, denen es ja allerdings um die menschlichen Belange in ihren Berichterstattungen gehen sollte. Schwerlich darzustellen, denn es kommt mir oftmals so vor, dass der zeitweise ganz erb\u00e4rmliche Gef\u00e4lligkeitsjournalismus viel mehr darstellt und deshalb ganz weit weg vom eigentlichen Informationsauftrag umher geistert.<br \/>\nNeben der latent vorhandenen arschkriecherischen Komponente, ausgesprochen erotische Anwandlungen ausgelebt werden k\u00f6nnen&#8230;<br \/>\nBewundernswert ist ein Wesensmerkmal bei vielen Politikern<sup><b>INNEN usw. <\/b><\/sup>sie bewegen sich auf dem Politischen Parkett so elegant, dass sie nicht ewig auf journalistischen Schleimspuren auf die Fresse fliegen&#8230;<br \/>\nWeshalb Wirtschaftsminister Peter Altmaier vor einem halben Jahr abschmierte, ist mir allerdings nicht bekannt.<br \/>\nHat mich auch bisher auch nicht interessiert!<br \/>\nAber in den angedeuteten Zusammenhang war mein Interesse aber ein ganz anderes!<br \/>\nHabe deshalb flugs mal das Netz bem\u00fcht &#8211; <a href=\"https:\/\/www.youtube.com\/watch?v=nQU1yolAzak\">wie ein Ausrutscher<\/a> sah sein missgl\u00fcckter Stunt allerdings nicht aus<br \/>\nDer Mann ist nicht nur mir in vieler Hinsicht so farblos, dass ich ihm noch nicht mal die t\u00e4gliche Spiegeltrinkerei zutraue, geschweige den Genuss wesentlich stilvollerer Drogen&#8230;<br \/>\nVielleicht \u00e4ngstigt er sich manchmal vor seinem eigenen Schatten, der ihn diesmal erschreckte, deshalb sein trudelnder Abgang&#8230;<br \/>\nBin wieder abgeschw<i>ifffffen!<\/i><br \/>\nWollte n\u00e4mlich vorhin bereits auf etwas hinaus, betrifft Herrn S\u00f6der! Der permanent mit seinem kanzleranwartschaftlichen Antipoden der christlichen Konkurrenz, dem Herrn Laschet quer liegt.<br \/>\nWird der Name <i>S\u00f6der<\/i> erw\u00e4hnt, kommt vorher grunds\u00e4tzlich die vorangesetzte Bemerkung, dass es sich bei ihm um den Ministerpr\u00e4sident und dem Vorsitzender der CSU handelt. Ist f\u00fcr unsereins doch recht langweilig, oder handelt es sich um eine Anweisung, weil er seine bajuwarischen Untertanen f\u00fcr ein recht schlichtes V\u00f6lkchen h\u00e4lt?<br \/>\nDagegen h\u00e4tte ja in den vergangenen Wochen wirklich etwas tun k\u00f6nnen, in der einmaligen Phase der Schei\u00dfpapierhamsterei!<br \/>\nAuf jeden Abschnitt sein Konterfei, allerdings dies mit Maske, so als visuelle Prophylaxe!<br \/>\nMeine ich aber nicht!<br \/>\nNebenher w\u00e4re ein wesentlich wichtigerer Argument zum Tragen gekommen, denn damit h\u00e4tte sich dann wirklich jeder Arsch, im CSU-Einzugsbereich, an ihn gew\u00f6hnen k\u00f6nnen&#8230;<!--more-->Geboren wird schlie\u00dflich ein erstaunlich konstruktives Verbal-Gebilde, an denen sich hinterher die gesamte Blase, zumindest die kommenden Stunden daran weiterhin vergehen k\u00f6nnen, bis es folglich verreckt&#8230;<br \/>\nK\u00f6nnte jetzt haufenweise mit Zitaten ejakulieren, da g\u00e4be sogar die Bibel ein Haufen Zeugs her, betreffs aller noch lebender Individuen und f\u00fcr s\u00e4mtliche Eventualit\u00e4ten!<br \/>\nDann gibt es auch noch die ollen Kamllen aus dem Bundespalaverhaus, zeitlos und treffend! Kann leider nicht damit dienen, wo die ehemaligen <em>Kommentatoren<\/em> sich heute herumtreiben, <a href=\"https:\/\/zonenklaus.de\/wordpress\/wp-content\/uploads\/2020\/04\/WehnerTr\u00f6te.mp3\">oben<\/a> oder <a href=\"https:\/\/zonenklaus.de\/wordpress\/wp-content\/uploads\/2020\/04\/entweder-es-geht-durch.mp3\">unten&#8230;<\/a><br \/>\n<b>PS.<\/b> Werde mich h\u00fcten, vom exorbitant vorhandenen D\u00fcnnschiss aus dem digitalen Bermudadreieck etwas zu verlinken!<br \/>\nHerauskommen sowieso nur irgendwelche Momentaufnahmen dusseliger Selbstdarstellungen f\u00fcr UNSERE \u00c4uglein<i>s. <\/i>Ellenlange gehaltlose Reste von Dampfplaudereien werden die Hochwaffeln allerdings nicht weiter belasten &#8211; weil seit Wochen bereits, die L\u00f6ffel auf Durchzug programmiert sind.<br \/>\nAllerdings wird der n\u00e4chst zwingende Termin einer neuerlichen und <i>ganz wichtigen Masturbationsperformance<\/i> bekannt gegeben. \u00dcber jenen neuerlichen Event muss sich niemand eine R\u00fcbe machen! Selbstverst\u00e4ndlich wird alles noch viel gr\u00f6\u00dfer &#8211; viel, viel bunter &#8211; ganz schick und mit viel Beroffenheitssalbadern gew\u00fcrzt, <b>daf\u00fcr noch inhaltsleerer! <\/b><br \/>\n<a href=\"https:\/\/zonenklaus.de\/wordpress\/wp-content\/uploads\/2020\/04\/Serves.mp3\">Was wollen wir denn noch mehr?<\/a><\/p>\n","protected":false},"excerpt":{"rendered":"<p>Unter kanzlerischer Schirmherrscht der Fastfoodgenie\u00dferin Merkel, soll es heute gelingen. Munkeln wenigstens s\u00e4mtliche Kaffeesatzleser der Republik, tausende Sp\u00f6kenkieker, noch mehr Allerweltsweltseksperten, unz\u00e4hlige Medien-HeinzeINNEN usw., unisono selbstverfreilich Freund und Feind unterschiedlichster Couleur. Vornweg nat\u00fcrlich Armin Napoleon Laschet aus den sumpfigen Gefilden der Rheinebene und der kleine h\u00fcnenhafte, fast-k\u00f6nigliche Anf\u00fchrer, des z\u00e4nkischen Bergvolkes n\u00f6rdlich der Alpen&#8230; Vielleicht [&hellip;]<\/p>\n","protected":false},"author":6,"featured_media":0,"comment_status":"open","ping_status":"open","sticky":false,"template":"","format":"standard","meta":{"footnotes":""},"categories":[55],"tags":[],"class_list":["post-34291","post","type-post","status-publish","format-standard","hentry","category-alltaeglicher-wahnwitz"],"_links":{"self":[{"href":"https:\/\/zonenklaus.de\/wordpress\/index.php?rest_route=\/wp\/v2\/posts\/34291","targetHints":{"allow":["GET"]}}],"collection":[{"href":"https:\/\/zonenklaus.de\/wordpress\/index.php?rest_route=\/wp\/v2\/posts"}],"about":[{"href":"https:\/\/zonenklaus.de\/wordpress\/index.php?rest_route=\/wp\/v2\/types\/post"}],"author":[{"embeddable":true,"href":"https:\/\/zonenklaus.de\/wordpress\/index.php?rest_route=\/wp\/v2\/users\/6"}],"replies":[{"embeddable":true,"href":"https:\/\/zonenklaus.de\/wordpress\/index.php?rest_route=%2Fwp%2Fv2%2Fcomments&post=34291"}],"version-history":[{"count":10,"href":"https:\/\/zonenklaus.de\/wordpress\/index.php?rest_route=\/wp\/v2\/posts\/34291\/revisions"}],"predecessor-version":[{"id":34304,"href":"https:\/\/zonenklaus.de\/wordpress\/index.php?rest_route=\/wp\/v2\/posts\/34291\/revisions\/34304"}],"wp:attachment":[{"href":"https:\/\/zonenklaus.de\/wordpress\/index.php?rest_route=%2Fwp%2Fv2%2Fmedia&parent=34291"}],"wp:term":[{"taxonomy":"category","embeddable":true,"href":"https:\/\/zonenklaus.de\/wordpress\/index.php?rest_route=%2Fwp%2Fv2%2Fcategories&post=34291"},{"taxonomy":"post_tag","embeddable":true,"href":"https:\/\/zonenklaus.de\/wordpress\/index.php?rest_route=%2Fwp%2Fv2%2Ftags&post=34291"}],"curies":[{"name":"wp","href":"https:\/\/api.w.org\/{rel}","templated":true}]}}