{"id":34316,"date":"2020-04-15T21:34:50","date_gmt":"2020-04-15T20:34:50","guid":{"rendered":"https:\/\/zonenklaus.de\/wordpress\/?p=34316"},"modified":"2020-04-16T10:33:07","modified_gmt":"2020-04-16T09:33:07","slug":"wurde-dies-nun-ein-sog-sockenschuss-oder-haben-sie-sich-maechtig-ins-knie-gefickt","status":"publish","type":"post","link":"https:\/\/zonenklaus.de\/wordpress\/?p=34316","title":{"rendered":"Wurde dies nun ein sog. Sockenschuss oder haben sie sich m\u00e4chtig ins Knie gefickt?"},"content":{"rendered":"<p><span style=\"font-size: medium;\">Kam heute etwas sp\u00e4ter vom nachmitt\u00e4glichen Gerstenkaltschalen-Event nachhause. Las noch verbotenerweise auf eine Bank den TAGESSPITZEL aus, der war \u00fcberraschenderweise etwas kastriert was den Corona-Virus betraf. <\/span><br \/>\n<span style=\"font-size: medium;\">Der Rest war nat\u00fcrlich die \u00fcbliche G\u00fclle!<\/span><br \/>\n<span style=\"font-size: medium;\">Hielt mich anschlie\u00dfend noch, bei Thoben, an einem Pappbecher fest, wobei lediglich sein Kaffee und der dortige Stienbich akzeptabel ist und traf dort einige andere Bekannte.<\/span><br \/>\n<span style=\"font-size: medium;\">Die Pandemie kam nicht aufs Trapez, finde ich auch langweilig, zumal in meiner Umgebung noch nichts erw\u00e4hnenswertes passierte. <\/span><br \/>\n<span style=\"font-size: medium;\">Die beiden Leute, welche letzte Woche den Abflug t\u00e4tigten, verabschiedeten sich recht unspektakul\u00e4r. Frau <i>Dingensknecht, <\/i>besch\u00e4ftigte sich bereits seit Jahren mit ihrem Abdriften und alles geschah in Richtung ihrer 90 Lenze, wobei sie von der Umgebung nicht mehr viel registrierte&#8230;<\/span><br \/>\n<span style=\"font-size: medium;\">Bei R. war es etwas anderes, zumal sie gerade 65 erreicht hatte, allerdings lie\u00df sie in den letzten Jahren nichts aus. Heiratete ihren Freund aus UK, der meinte, in <i>old Germany<\/i> w\u00fcrden sie seine geschlechtsspezifische Malaise besser richten, aber der Anschiss lauerte bekanntlich \u00fcberall. Nebenher begab sich Madame auch noch mehrfach auf den entsprechenden Tisch. Beim letzten Fight siegte ihr Lungenkrebs.<\/span><br \/>\n<span style=\"font-size: medium;\">Wie gesagt ein Dahinscheiden ohne die gewissen Schlagzeilen, sie kann man unter den langweiligen statistischen Belegen abbuchen, dass auch heute noch <i>vern\u00fcnftig<\/i> gestorben wird! <\/span><br \/>\n<span style=\"font-size: medium;\">Fand recht schnell einen Artikel in dem ich ganz kurz auf etwas hinweisen m\u00f6chte, es betrifft eine witzige Zahlenspielerei im Amiland.<\/span><br \/>\n<a href=\"https:\/\/www.morgenpost.de\/vermischtes\/article228837147\/Coronavirus-USA-Mehr-als-2200-Corona-Tote-an-einem-Tag-Trump-Tote.html\"><span style=\"font-size: medium;\"><strong><a href=\"https:\/\/zonenklaus.de\/wordpress\/wp-content\/uploads\/2020\/04\/JE-SUIS-CORONIX-.jpg\"><img loading=\"lazy\" decoding=\"async\" class=\"alignleft size-thumbnail wp-image-34229\" src=\"https:\/\/zonenklaus.de\/wordpress\/wp-content\/uploads\/2020\/04\/JE-SUIS-CORONIX--124x150.jpg\" alt=\"\" width=\"124\" height=\"150\" srcset=\"https:\/\/zonenklaus.de\/wordpress\/wp-content\/uploads\/2020\/04\/JE-SUIS-CORONIX--124x150.jpg 124w, https:\/\/zonenklaus.de\/wordpress\/wp-content\/uploads\/2020\/04\/JE-SUIS-CORONIX--248x300.jpg 248w, https:\/\/zonenklaus.de\/wordpress\/wp-content\/uploads\/2020\/04\/JE-SUIS-CORONIX-.jpg 600w\" sizes=\"auto, (max-width: 124px) 100vw, 124px\" \/><\/a>Mopo gibt bekannt: <\/strong><\/span><\/a><span style=\"font-size: medium;\"><i>Mindestens 618.000 Menschen: In keinem Land der Welt haben sich mehr Menschen mit dem Coronavirus infiziert als in den USA<\/i><\/span><br \/>\n<span style=\"font-size: medium;\"><i>Rund 27.000 US-Amerikaner sind bislang an den Folgen der Erkrankung gestorben sein. Allein in New York gibt es mehr als 10.000 Todesf\u00e4lle<\/i><\/span><br \/>\n<span style=\"font-size: medium;\">Vergleiche auch mal Birnen mit fauligen \u00c4pfeln, t\u00e4tige aber keineswegs irgendwelche Rechenexempel! Da die Schule bald wieder beginnt k\u00f6nnen dies ja irgendwelche Pauker probieren!<\/span><br \/>\n<span style=\"font-size: medium;\">Also, bei 328.200.000 Millionen Einwohnern (2019) betr\u00e4gt der momentane, noch lebende Kollateralschaden lediglich runde 620.000! <\/span><br \/>\n<span style=\"font-size: medium;\">27.000 haben es vorgezogen abzutreten, ist da \u00fcberhaupt belegt, dass alle von <i>Coronix <\/i>hingerafft wurden?<\/span><br \/>\n<!--more--><\/p>\n<p><span style=\"font-size: medium;\">Nehme jetzt aber ein Beispiel aus Zentraleuropa, da bietet sich Li<b>e<\/b>chtenstein an! Dabei handelt es sich um <b>ein L\u00e4ndchen<\/b> zwischen der Eidgenossenschaft und den \u00d6siland! <\/span><br \/>\n<span style=\"font-size: medium;\"><b>Aber<\/b> <b>8ung! <\/b><i>Ich meine auf keinen Fall Lichtenstein, jenes kleine Nest im Landkreis Zwickau in Sachsen. <\/i><\/span><br \/>\n<span style=\"font-size: medium;\">Meine Zahlenspielerei k\u00e4me da nat\u00fcrlich noch besser r\u00fcber. Laut Wiki h\u00f6hlen in <i>Li<\/i><i><b>e<\/b><\/i><i>chtenstein<\/i> sogar 38.557 (2019) Piepels &#8211; im s\u00e4chsischen <i>Lichtenstein <\/i>aber nur 11.285! Verstanden? <\/span><br \/>\n<span style=\"font-size: medium;\">O.K. &#8211; f\u00fcr eine St\u00e4dtchen auch schon beachtlich! Lasse aber die Anzahl der st\u00e4dtischen Bev\u00f6lkerung au\u00dfen vor, bleibe deshalb beim Musterfall Li<b>e<\/b>chtenstein! <\/span><br \/>\n<span style=\"font-size: medium;\">Nun geht es schon mal gar nicht, dass es in dem Land <i>618.000 <\/i>infizierte B\u00fcrger geben k\u00f6nnte. Mir aber klar, jeder popelige Statistiker w\u00fcrde das hinbekommen, besonders mit dem Auftrag von einem Politiker! <\/span><br \/>\n<span style=\"font-size: medium;\">Allerdings k\u00f6nnte in Li<b>e<\/b>chtenstein <span style=\"font-size: small;\"><b>(<\/b><\/span><a href=\"https:\/\/www.gemeinde-lichtenstein.de\/,Lde\/731335.html\"><span style=\"font-size: small;\">Nicht die Kuhbl\u00e4ke im S\u00e4chsischen!<\/span><\/a><span style=\"font-size: small;\"><b>) <\/b><\/span>selten dummer Fall eintreten, dass sogar 27.000 den Arsch zukneifen w\u00fcrden, dies w\u00e4re f\u00fcr den Fortbestand des F\u00fcrstentums allerdings sehr, sehr sch\u00e4dlich und ich will es mir auch nicht weiter vorstellen, <i>Pionierehrenwort<\/i> &#8211; wirklich nicht!<\/span><br \/>\n<span style=\"font-size: medium;\">Verstanden, was ich damit ausdr\u00fccken will, nicht mit dem Ehrenwort! Nein! Sondern mit der skrupellosen Zahlenspielerei! <\/span><br \/>\n<span style=\"font-size: medium;\">Ob ich nun die steigende Zahl von erkrankten und abgenippelten Briten heranz\u00f6ge oder die in Italien, man k\u00f6nnte ewig zu anderen Schlussfolgerungen gelangen. Was die statistischen Belange dort betreffen, k\u00f6nnte es doch sein, dass die pfiffigen Itaker alles einfach zu ihren Gunsten frisierten, aus wer wei\u00df was f\u00fcr Gr\u00fcnden&#8230; <\/span><br \/>\n<span style=\"font-size: medium;\">Die steigenden Zahlen in Britannia sind aber auch leicht zu durchschauen, m\u00f6glicherweise haben deren Beamte ein Kleinigkeit noch nicht durchschaut. Massentest sind billiger geworden und werden deshalb wesentlich \u00f6fters vorgenommen, was folglich zu steigenden Kurven f\u00fchrt, weil die entsprechenden B\u00fcrohengste in jenen dr\u00f6gen Tagen auch noch wesentlich korrekter arbeiten&#8230; <\/span><br \/>\n<span style=\"font-size: medium;\">Eine weitere Spielerei lie\u00dfe sich mit den Einwohnerzahlen beider L\u00e4nder und denen des Amilandes und den entsprechenden Opfern lebenden oder toten Gutes durchf\u00fchren&#8230;<\/span><br \/>\n<span style=\"font-size: medium;\">Mir fiel eben <\/span><span lang=\"ru-RU\">\u041f\u0430\u0432\u0435\u043b \u0418\u0432\u0430\u043d\u043e\u0432\u0438\u0447 \u0427\u0438\u0447\u0438\u043a\u043e\u0432<\/span> ein, der mit den <span style=\"font-size: medium;\"><a href=\"https:\/\/ru.wikipedia.org\/wiki\/%D0%9C%D1%91%D1%80%D1%82%D0%B2%D1%8B%D0%B5_%D0%B4%D1%83%D1%88%D0%B8\">\u041c\u0451\u0440\u0442\u0432\u044b\u0435 \u0434\u0443\u0448\u0438<\/a>, langwierig eine recht gute Gesch\u00e4ftsidee verwirklichte&#8230;<\/span><\/p>\n<p><span style=\"font-size: medium;\">Ist noch nicht fertig!<\/span><\/p>\n","protected":false},"excerpt":{"rendered":"<p>Kam heute etwas sp\u00e4ter vom nachmitt\u00e4glichen Gerstenkaltschalen-Event nachhause. Las noch verbotenerweise auf eine Bank den TAGESSPITZEL aus, der war \u00fcberraschenderweise etwas kastriert was den Corona-Virus betraf. Der Rest war nat\u00fcrlich die \u00fcbliche G\u00fclle! Hielt mich anschlie\u00dfend noch, bei Thoben, an einem Pappbecher fest, wobei lediglich sein Kaffee und der dortige Stienbich akzeptabel ist und traf [&hellip;]<\/p>\n","protected":false},"author":6,"featured_media":0,"comment_status":"open","ping_status":"open","sticky":false,"template":"","format":"standard","meta":{"footnotes":""},"categories":[55],"tags":[],"class_list":["post-34316","post","type-post","status-publish","format-standard","hentry","category-alltaeglicher-wahnwitz"],"_links":{"self":[{"href":"https:\/\/zonenklaus.de\/wordpress\/index.php?rest_route=\/wp\/v2\/posts\/34316","targetHints":{"allow":["GET"]}}],"collection":[{"href":"https:\/\/zonenklaus.de\/wordpress\/index.php?rest_route=\/wp\/v2\/posts"}],"about":[{"href":"https:\/\/zonenklaus.de\/wordpress\/index.php?rest_route=\/wp\/v2\/types\/post"}],"author":[{"embeddable":true,"href":"https:\/\/zonenklaus.de\/wordpress\/index.php?rest_route=\/wp\/v2\/users\/6"}],"replies":[{"embeddable":true,"href":"https:\/\/zonenklaus.de\/wordpress\/index.php?rest_route=%2Fwp%2Fv2%2Fcomments&post=34316"}],"version-history":[{"count":3,"href":"https:\/\/zonenklaus.de\/wordpress\/index.php?rest_route=\/wp\/v2\/posts\/34316\/revisions"}],"predecessor-version":[{"id":34319,"href":"https:\/\/zonenklaus.de\/wordpress\/index.php?rest_route=\/wp\/v2\/posts\/34316\/revisions\/34319"}],"wp:attachment":[{"href":"https:\/\/zonenklaus.de\/wordpress\/index.php?rest_route=%2Fwp%2Fv2%2Fmedia&parent=34316"}],"wp:term":[{"taxonomy":"category","embeddable":true,"href":"https:\/\/zonenklaus.de\/wordpress\/index.php?rest_route=%2Fwp%2Fv2%2Fcategories&post=34316"},{"taxonomy":"post_tag","embeddable":true,"href":"https:\/\/zonenklaus.de\/wordpress\/index.php?rest_route=%2Fwp%2Fv2%2Ftags&post=34316"}],"curies":[{"name":"wp","href":"https:\/\/api.w.org\/{rel}","templated":true}]}}