{"id":34335,"date":"2020-04-16T12:36:35","date_gmt":"2020-04-16T11:36:35","guid":{"rendered":"https:\/\/zonenklaus.de\/wordpress\/?p=34335"},"modified":"2020-04-16T17:22:13","modified_gmt":"2020-04-16T16:22:13","slug":"der-erahnte-sog-sockenschuss-ist-wohl-doch-ein-laengerfristiger-kniefuck-ohne-entsprechende-hoehepunkte","status":"publish","type":"post","link":"https:\/\/zonenklaus.de\/wordpress\/?p=34335","title":{"rendered":"Der erahnte sog. Sockenschuss, ist wohl doch ein l\u00e4ngerfristiger Kniefuck ohne entsprechende H\u00f6hepunkte&#8230;."},"content":{"rendered":"<p><a href=\"https:\/\/zonenklaus.de\/wordpress\/wp-content\/uploads\/2020\/04\/JE-SUIS-CORONIX-.jpg\"><img loading=\"lazy\" decoding=\"async\" class=\"alignleft size-thumbnail wp-image-34229\" src=\"https:\/\/zonenklaus.de\/wordpress\/wp-content\/uploads\/2020\/04\/JE-SUIS-CORONIX--124x150.jpg\" alt=\"\" width=\"124\" height=\"150\" srcset=\"https:\/\/zonenklaus.de\/wordpress\/wp-content\/uploads\/2020\/04\/JE-SUIS-CORONIX--124x150.jpg 124w, https:\/\/zonenklaus.de\/wordpress\/wp-content\/uploads\/2020\/04\/JE-SUIS-CORONIX--248x300.jpg 248w, https:\/\/zonenklaus.de\/wordpress\/wp-content\/uploads\/2020\/04\/JE-SUIS-CORONIX-.jpg 600w\" sizes=\"auto, (max-width: 124px) 100vw, 124px\" \/><\/a>Es kotzt mich alles m\u00e4chtig an!<br \/>\nEine Steigerung erfuhr alles noch, als ich gegen 18 Uhr noch was, die Glotze einschaltete.<br \/>\nIrgendwann kam es mir, dies sollte sich wohl um eine Pressekonferenz handeln.<br \/>\nGott nochmal, was stotterte Frau Kanzler auf den merkw\u00fcrdigen Fragen umher, als ich neben ihr die anderen Larven gewahrte, wurde sofort ausgeschaltet.<br \/>\nZur Abendschau ging es \u00e4hnlich weiter, die Scheffin wollte wissen, mit welchen unbegreiflichen Merkw\u00fcrdigkeiten wir demn\u00e4chst wieder maltr\u00e4tiert werden.<br \/>\nWeshalb die E<span style=\"font-size: medium;\"><i>ks<\/i><\/span><span style=\"font-size: medium;\">perten auf unbedingte Schulabschl\u00fcsse bestehen, wei\u00df der Deibel. Dabei gab es in beiden Weltkriegen massenhaft Notabiture, genauso anderweitige Abschl\u00fcsse, die letztlich niemanden geschadet haben. Viele Notabiturienten w\u00e4hrend des ersten Krieges waren sogar entsprechend drauf und zettelten 30 Jahre sp\u00e4ter, freudig einen neuerlichen Weltbrand an. Deren Folgen auch \u00fcber 90 Jahre sp\u00e4ter nicht ausgestanden sind! <\/span><\/p>\n<p>Bringe hier ein kurzes Beispiel aus dem angesagtem<i> Bildungsschatz<\/i> der Penne in den 1990er Jahren.<br \/>\nFolgendes passierte w\u00e4hrend des Aufbaus einer neuen K\u00fcche f\u00fcr das Kind, die sich auf ihr Physikum vorbereitete. Sie setzte sich, als s\u00e4mtliche Staubarbeiten zu Ende waren, in den Raum und fluchte l\u00e4ngere Zeit vor sich hin.<br \/>\nDann kam die Erkl\u00e4rung, zu Gymnasialzeiten hatte sie <i>Latein<\/i> und <i>Physik<\/i> abgew\u00e4hlt.<em> Letzteres zum Medizinstudium absolut nicht ben\u00f6tigt w\u00fcrde<\/em>. Musste zwischendurch etwas besorgen, kam nach einer Stunde retour, immer noch das gleiche Spiel. Schaute mir den Haufen von vollgeklierten DINA4 B\u00f6gen an und begann zu lachen. Solche Reaktion kommt nicht immer gut an, wie in jenem Moment. Ihr schossen daraufhin die Tr\u00e4nen in die Augen und ich raucht daraufhin am Fenster einen Glimmer und schaute mir den Testbogen an. Konnte nicht anders und belustigte mich weiterhin. Madame rief daraufhin eine Freundin an und wollte sich verkr\u00fcmeln.<br \/>\nVorher legte sie noch los, weshalb in der 10. Klasse Physik zwingend abgew\u00e4hlt wurde, nicht etwa, weil ihr das Fach nicht lag, dieser Lehrer war eine Arschgeige, der nebenher auch nichts erkl\u00e4ren konnte.<br \/>\nMeinen Einwand, alles was ich auf dem Zettel fand, sei Physik 7te und 8e Klasse und jeder Absolvent eines Schwachstromkollegs w\u00fcrde es hinbekommen, lie\u00df sie nochmals hochgehen. Es ging n\u00e4mlich um ganz billige Aufgaben im Rahmen der Ohmschen Gesetze.<br \/>\nW\u00fcrde ihr dabei helfen, aber nur unter der Bedingung, dass ich in der K\u00fcche rauchen d\u00fcrfte. L\u00f6ste aus dem Kopf die erste Aufgabe und gab dann ein Erkl\u00e4rung ab, ersten war Physik mein Lieblingsfach, au\u00dferdem wollte ich ja mal Funkamateur werden&#8230;<br \/>\n<a href=\"https:\/\/zonenklaus.de\/wordpress\/wp-content\/uploads\/2020\/04\/U-R-I.png\"><img loading=\"lazy\" decoding=\"async\" class=\"alignleft size-thumbnail wp-image-34333\" src=\"https:\/\/zonenklaus.de\/wordpress\/wp-content\/uploads\/2020\/04\/U-R-I-150x116.png\" alt=\"\" width=\"150\" height=\"116\" srcset=\"https:\/\/zonenklaus.de\/wordpress\/wp-content\/uploads\/2020\/04\/U-R-I-150x116.png 150w, https:\/\/zonenklaus.de\/wordpress\/wp-content\/uploads\/2020\/04\/U-R-I.png 255w\" sizes=\"auto, (max-width: 150px) 100vw, 150px\" \/><\/a>Malte ihr das URI-Dreieck auf und der Rest lief ohne weitere Probleme. Allerdings kam eine uns\u00e4gliche Wut hinzu, auf den Idioten von Physiklehrer, der diese Eselsbr\u00fccke nicht vermittelt hatte&#8230;<br \/>\n<!--more-->Nun zur Frau dr. der Physik, die heute \u00e4hnlich reagierte, als didaktischer Tiefflieger mit einer bahnbrechenden Meldung: <a href=\"https:\/\/www.sueddeutsche.de\/politik\/coronavirus-news-deutschland-1.4828033\"><span style=\"font-size: medium;\"><i><b>&#8220;Es ist ein zerbrechlicher Zwischenerfolg&#8221;<\/b><\/i><\/span><\/a><span style=\"font-size: medium;\">.<\/span><br \/>\nWas soll denn diese Aussage?<br \/>\nSie l\u00e4sst aber abgrundtief blicken und weist auf den vorhandenen intellektuellen Zustand dieser gro\u00dfen Macher hin und was<a href=\"https:\/\/www.zeit.de\/zeit-wissen\/2018\/01\/wert-menschen-gedankenexperiment-summe\"> ihnen der einzelne Untertan eigentlich noch wert ist.<\/a> Meine damit allerdings nicht die Brutto-Aufrechnung in frei konvertierbarer W\u00e4hrung, sondern das moralische Miteinander in Tara ausgedr\u00fcckt!<br \/>\nDa heutzutage Schei\u00dfkompromisse inflation\u00e4r angeboten werden, h\u00e4tte jenes Ergebnis sofort in die Tonne geh\u00f6rt. Aber die Medien werden sich darauf st\u00fcrzen, dar\u00fcber hinaus multiple Orgasmen vermelden und alles entsprechen vorgekaut, den Untertanen zwischen ihre Fressleiten stopfen. Des Weiteren entsprechend frisierte Gef\u00e4lligkeitsstatistiken anpreisen, der Rest wird dann dann in <em>Talkshows<\/em> nachgebessert und alle sind zufrieden, bis runter zu den erstaunten Plebsen.<br \/>\n<span style=\"font-size: medium;\">Diesmal wird es vielleicht nicht ganz so verst\u00e4ndnisvoll primitiv ablaufen, es betrifft besonders den vollkommen unverst\u00e4ndliche Sachverhalt, weiterhin verbotener Gottesdienste! Ausgerechnet zusammen gewurstelt von den Kleingartenverb\u00e4nden, die mit einer ganz gewissen moralischen Aussage, den dritten Buchstabens im hiesigen Alphabet entsprechend verbraten! <\/span><br \/>\n<span style=\"font-size: medium;\">Das<\/span><b><span style=\"font-size: medium;\"> \u201eC\u201c<\/span><\/b><span style=\"font-size: medium;\">, f\u00fcr CHRISTLICH, scheint gerade in den jetzigen Phasen ausgedient zuhaben! Ist wohl langfristig mehr <\/span><b><span style=\"font-size: medium;\"><i>C<\/i><\/span><\/b><span style=\"font-size: medium;\"><i>hose oder <\/i><\/span><b><span style=\"font-size: medium;\"><i>C<\/i><\/span><\/b><span style=\"font-size: medium;\"><i>haos<\/i><\/span><span style=\"font-size: medium;\"> damit gemeint. Wahrscheinlich geht es den vielen Auguren auch nur noch um ihre uns\u00e4glichen Selbstinszenierung mit Hilfe ihrer neoliberal tickenden kalten Herzen. <\/span><br \/>\n<span style=\"font-size: medium;\">Da beklagt Kirchens schon lange die \u00dcberalterungen und den unaufhaltsamen Schwund in ihren Sprengeln und nun jene unverst\u00e4ndliche Ansage. Dabei lie\u00dfe sich auch in kleineren Kirchengeb\u00e4uden sogar ein Abstand von mindestens f\u00fcnf Metern einf\u00fchren&#8230;<\/span><br \/>\n<span style=\"font-size: medium;\">Sehe schon, Frau Kanzler h\u00e4utet sich mal wieder. Alles begann ja mit ihrer <\/span><span style=\"font-size: medium;\"><i>demokratisch anmutenden<\/i><\/span><span style=\"font-size: medium;\"> Emanzipation, von Honeckers heimlicher letzter Rache, \u00fcber Birne\u00b4s <\/span><span style=\"font-size: medium;\"><i>M\u00e4dchen,<\/i><\/span><span style=\"font-size: medium;\"> hin zu ihrem unaufhaltsamen Aufstieg zur Frau Kanzler. <\/span><br \/>\n<span style=\"font-size: medium;\">Nun sollen die Kirchen daran glauben, wobei ich immer registrierte, dass trotz des Schwundes in den Gemeinden, Pastoren und Priester noch ein Haufen Autorit\u00e4t besa\u00dfen, sogar dort, wo sich kirchliche <i>B<\/i>\u00fcrdentr\u00e4ger, mehr als erw\u00fcnscht, um den jungen Nachwuchs k\u00fcmmerten&#8230; <\/span><br \/>\n<span style=\"font-size: medium;\">Mit den <i>Beschl\u00fcssen<\/i>, welche Frau Kanzler unter <a href=\"https:\/\/www.welt.de\/politik\/deutschland\/article207271097\/Corona-Fahrplan-Schulen-Kontaktsperre-Geschaefte-Das-sind-die-Beschluesse.html\"><i>Fahrplan<\/i> <\/a>anpreist, handelt es sich auch wieder nur um undurchsichtige Luftnummern f\u00fcr fast s\u00e4mtliche Untertanen. Was dieses weitere Verbot von religi\u00f6sen Handlungen betrifft, da haben sich die Macher nicht nur in die Nesseln gesetzt, sondern dort auch noch in ihre Knie gef<i>u<\/i>ckt! <\/span><br \/>\n<span style=\"font-size: medium;\">Vielleicht steigt der eine oder andere doch noch dahinter, auch im hohen Alter der Risikogruppe, in welch krankhaftem Zustand sich UNSERER <i>blitzsaubere<\/i> Konsumgesellschaft, bereits lange vor der Corvid-19-Malaise befand. <\/span><br \/>\n<span style=\"font-size: medium;\">Zu aller Beruhigung!<\/span><br \/>\n<span style=\"font-size: medium;\">Egal wie alles ausgehen wird, trotz weiter steigender Kollateralsch\u00e4den in s\u00e4mtliche Richtungen, m\u00fcssen WIR uns anschlie\u00dfen auf keine tiefgreifenden Ver\u00e4nderungen einstellen, <b>die allerdings nur den chaotischen Umgang mit der Krankheit betreffen&#8230;<\/b><\/span><\/p>\n","protected":false},"excerpt":{"rendered":"<p>Es kotzt mich alles m\u00e4chtig an! Eine Steigerung erfuhr alles noch, als ich gegen 18 Uhr noch was, die Glotze einschaltete. Irgendwann kam es mir, dies sollte sich wohl um eine Pressekonferenz handeln. Gott nochmal, was stotterte Frau Kanzler auf den merkw\u00fcrdigen Fragen umher, als ich neben ihr die anderen Larven gewahrte, wurde sofort ausgeschaltet. [&hellip;]<\/p>\n","protected":false},"author":6,"featured_media":0,"comment_status":"open","ping_status":"open","sticky":false,"template":"","format":"standard","meta":{"footnotes":""},"categories":[1],"tags":[],"class_list":["post-34335","post","type-post","status-publish","format-standard","hentry","category-allgemeines"],"_links":{"self":[{"href":"https:\/\/zonenklaus.de\/wordpress\/index.php?rest_route=\/wp\/v2\/posts\/34335","targetHints":{"allow":["GET"]}}],"collection":[{"href":"https:\/\/zonenklaus.de\/wordpress\/index.php?rest_route=\/wp\/v2\/posts"}],"about":[{"href":"https:\/\/zonenklaus.de\/wordpress\/index.php?rest_route=\/wp\/v2\/types\/post"}],"author":[{"embeddable":true,"href":"https:\/\/zonenklaus.de\/wordpress\/index.php?rest_route=\/wp\/v2\/users\/6"}],"replies":[{"embeddable":true,"href":"https:\/\/zonenklaus.de\/wordpress\/index.php?rest_route=%2Fwp%2Fv2%2Fcomments&post=34335"}],"version-history":[{"count":3,"href":"https:\/\/zonenklaus.de\/wordpress\/index.php?rest_route=\/wp\/v2\/posts\/34335\/revisions"}],"predecessor-version":[{"id":34339,"href":"https:\/\/zonenklaus.de\/wordpress\/index.php?rest_route=\/wp\/v2\/posts\/34335\/revisions\/34339"}],"wp:attachment":[{"href":"https:\/\/zonenklaus.de\/wordpress\/index.php?rest_route=%2Fwp%2Fv2%2Fmedia&parent=34335"}],"wp:term":[{"taxonomy":"category","embeddable":true,"href":"https:\/\/zonenklaus.de\/wordpress\/index.php?rest_route=%2Fwp%2Fv2%2Fcategories&post=34335"},{"taxonomy":"post_tag","embeddable":true,"href":"https:\/\/zonenklaus.de\/wordpress\/index.php?rest_route=%2Fwp%2Fv2%2Ftags&post=34335"}],"curies":[{"name":"wp","href":"https:\/\/api.w.org\/{rel}","templated":true}]}}