{"id":34341,"date":"2020-04-17T20:23:10","date_gmt":"2020-04-17T19:23:10","guid":{"rendered":"https:\/\/zonenklaus.de\/wordpress\/?p=34341"},"modified":"2022-09-28T21:20:45","modified_gmt":"2022-09-28T20:20:45","slug":"morgen-wilhelm-reich-und-die-kinder-der-zukunft","status":"publish","type":"post","link":"https:\/\/zonenklaus.de\/wordpress\/?p=34341","title":{"rendered":"Morgen &#8211; Wilhelm Reich und die Kinder der Zukunft"},"content":{"rendered":"<p><a href=\"https:\/\/www.deutschlandfunkkultur.de\/wilhelm-reich-und-die-kinder-der-zukunft-mein-reich-komme.3682.de.html?dram:article_id=469759\">Deutschlandfunk Kultur &#8211; Feature, vom 18.04.2020, 18:05 Uhr<\/a><br \/>\nMein Reich komme, von Christian W. Find<br \/>\nMir fiel in dem Moment etwas nicht ein &#8211; wem ich irgendwann mal meine vielen kg <i>W. Reich<\/i>, eine sehr gelungene Raubdruckausgabe, geschenkt hatte. Wei\u00df nur, dass sie mit etlichen anderen B\u00fcchern, nach dem Mauerfall, im Osten landeten.<br \/>\nVielleicht bei Philosophen-Rudi, ob der \u00fcberhaupt noch lebt?<br \/>\nFrage es ich mich momentan ebenso, dies betr\u00e4fe aber E., den gro\u00dfen <strong>RD<\/strong>-Verleger. Eine Gesamtausgabe \u00fcberlie\u00df er mir, als ehemaligen Zoni, nach einer gnadenlosen Zecherei im Zwiebelfisch, den \u00fcblichen ideologischen Luftk\u00e4mpfe am Tresen.<br \/>\nBesser gesagt, ich holte sie mir ab, dies geschah Ende der \u00b470er.<br \/>\nMitte der \u00b490er sollte ich ihm dann helfen einige Restbest\u00e4nde zu entsorgen &#8211; mehrere Paletten mit <i>Reichs Gesamtausgaben&#8230;<\/i><br \/>\nEigentlich h\u00e4tte ich sie erst mal in unserem Keller lagern k\u00f6nnen, um sie anschlie\u00dfend nach und nach dann zu verklickern. Aber die Scheffin inszenierte deshalb einen Aufstand, ich glaube, sie landeten so in der M\u00fcllverbrennung &#8211; welch Schande!<br \/>\nEtwas sp\u00e4ter bekam ich mit, Anfang der \u00b480, dass ein gewisser <a href=\"https:\/\/de.wikipedia.org\/wiki\/Bernd_Senf\"><em>Bernd Senf,<\/em><\/a> nachmittags in der FHW <span style=\"font-size: small;\"><b>(<\/b><\/span><span style=\"font-size: small;\">im gleichen Geb\u00e4ude machte ich mein Neckermann-Abitur<\/span><span style=\"font-size: small;\"><b>)<\/b><\/span>, <a href=\"https:\/\/www.youtube.com\/results?search_query=Bernd+senf\">Reich- und \u00d6konomie-Seminare<\/a> anbot. Die gingen manchmal bis in die Puppen, wenn uns Mischa, der SEW-Hausmeister, nicht vorher rausschmiss. Viele Zusammenk\u00fcnfte, wo jeder auftauchen konnte, waren in der Regel total \u00fcbermackert mit Softies und Frauenverstehen der Nickelbrillenfraktion, nebst ihrer violetten Latzhosen. Je nachdem, welche Riege \u00fcberwog, landete man entweder im \u201eVerdi\u201c, einer annehmbaren recht preisg\u00fcnstigen Pizzeria am <i>Bayrischen Platz<\/i> oder im \u201eFelsenkeller\u201c, \u00fcberf\u00fcllt mit Anspruchs-68er Linxwixern&#8230;<br \/>\nFast s\u00e4mtliche meiner <strong>R<\/strong>aub-<strong>D<\/strong>rucke verschenkte ich irgendwann. Letztens fiel mir aber ein sehr kleines Restexemplar wiedermal in die H\u00e4nde. Allerdings h\u00e4tte ich mit meinem Fachwissen, f\u00fcr einen Erg\u00e4nzungsband sorgen sollen. War schon witzig, was es da alles f\u00fcr publizierte Hilfen gab, mit Tricks und Tips, s\u00e4mtliche Lebenslagen betreffend&#8230;<!--more--><br \/>\n<a href=\"https:\/\/zonenklaus.de\/wordpress\/wp-content\/uploads\/2020\/04\/KF-1\u00e4\u00e4.jpg\"><img loading=\"lazy\" decoding=\"async\" class=\"alignleft size-thumbnail wp-image-34343\" src=\"https:\/\/zonenklaus.de\/wordpress\/wp-content\/uploads\/2020\/04\/KF-1\u00e4\u00e4-108x150.jpg\" alt=\"\" width=\"108\" height=\"150\" srcset=\"https:\/\/zonenklaus.de\/wordpress\/wp-content\/uploads\/2020\/04\/KF-1\u00e4\u00e4-108x150.jpg 108w, https:\/\/zonenklaus.de\/wordpress\/wp-content\/uploads\/2020\/04\/KF-1\u00e4\u00e4-216x300.jpg 216w, https:\/\/zonenklaus.de\/wordpress\/wp-content\/uploads\/2020\/04\/KF-1\u00e4\u00e4.jpg 304w\" sizes=\"auto, (max-width: 108px) 100vw, 108px\" \/><\/a><a href=\"https:\/\/zonenklaus.de\/wordpress\/wp-content\/uploads\/2020\/04\/KF-2\u00e4\u00e4.jpg\"><img loading=\"lazy\" decoding=\"async\" class=\"alignleft size-thumbnail wp-image-34344\" src=\"https:\/\/zonenklaus.de\/wordpress\/wp-content\/uploads\/2020\/04\/KF-2\u00e4\u00e4-150x110.jpg\" alt=\"\" width=\"150\" height=\"110\" srcset=\"https:\/\/zonenklaus.de\/wordpress\/wp-content\/uploads\/2020\/04\/KF-2\u00e4\u00e4-150x110.jpg 150w, https:\/\/zonenklaus.de\/wordpress\/wp-content\/uploads\/2020\/04\/KF-2\u00e4\u00e4-300x219.jpg 300w, https:\/\/zonenklaus.de\/wordpress\/wp-content\/uploads\/2020\/04\/KF-2\u00e4\u00e4.jpg 591w\" sizes=\"auto, (max-width: 150px) 100vw, 150px\" \/><\/a><a href=\"https:\/\/zonenklaus.de\/wordpress\/wp-content\/uploads\/2020\/04\/Kf-3\u00e4\u00e4.jpg\"><img loading=\"lazy\" decoding=\"async\" class=\"alignleft size-thumbnail wp-image-34345\" src=\"https:\/\/zonenklaus.de\/wordpress\/wp-content\/uploads\/2020\/04\/Kf-3\u00e4\u00e4-101x150.jpg\" alt=\"\" width=\"101\" height=\"150\" srcset=\"https:\/\/zonenklaus.de\/wordpress\/wp-content\/uploads\/2020\/04\/Kf-3\u00e4\u00e4-101x150.jpg 101w, https:\/\/zonenklaus.de\/wordpress\/wp-content\/uploads\/2020\/04\/Kf-3\u00e4\u00e4-202x300.jpg 202w, https:\/\/zonenklaus.de\/wordpress\/wp-content\/uploads\/2020\/04\/Kf-3\u00e4\u00e4.jpg 282w\" sizes=\"auto, (max-width: 101px) 100vw, 101px\" \/><\/a><\/p>\n","protected":false},"excerpt":{"rendered":"<p>Deutschlandfunk Kultur &#8211; Feature, vom 18.04.2020, 18:05 Uhr Mein Reich komme, von Christian W. Find Mir fiel in dem Moment etwas nicht ein &#8211; wem ich irgendwann mal meine vielen kg W. Reich, eine sehr gelungene Raubdruckausgabe, geschenkt hatte. Wei\u00df nur, dass sie mit etlichen anderen B\u00fcchern, nach dem Mauerfall, im Osten landeten. Vielleicht bei [&hellip;]<\/p>\n","protected":false},"author":6,"featured_media":0,"comment_status":"open","ping_status":"open","sticky":false,"template":"","format":"standard","meta":{"footnotes":""},"categories":[1,55],"tags":[],"class_list":["post-34341","post","type-post","status-publish","format-standard","hentry","category-allgemeines","category-alltaeglicher-wahnwitz"],"_links":{"self":[{"href":"https:\/\/zonenklaus.de\/wordpress\/index.php?rest_route=\/wp\/v2\/posts\/34341","targetHints":{"allow":["GET"]}}],"collection":[{"href":"https:\/\/zonenklaus.de\/wordpress\/index.php?rest_route=\/wp\/v2\/posts"}],"about":[{"href":"https:\/\/zonenklaus.de\/wordpress\/index.php?rest_route=\/wp\/v2\/types\/post"}],"author":[{"embeddable":true,"href":"https:\/\/zonenklaus.de\/wordpress\/index.php?rest_route=\/wp\/v2\/users\/6"}],"replies":[{"embeddable":true,"href":"https:\/\/zonenklaus.de\/wordpress\/index.php?rest_route=%2Fwp%2Fv2%2Fcomments&post=34341"}],"version-history":[{"count":7,"href":"https:\/\/zonenklaus.de\/wordpress\/index.php?rest_route=\/wp\/v2\/posts\/34341\/revisions"}],"predecessor-version":[{"id":34348,"href":"https:\/\/zonenklaus.de\/wordpress\/index.php?rest_route=\/wp\/v2\/posts\/34341\/revisions\/34348"}],"wp:attachment":[{"href":"https:\/\/zonenklaus.de\/wordpress\/index.php?rest_route=%2Fwp%2Fv2%2Fmedia&parent=34341"}],"wp:term":[{"taxonomy":"category","embeddable":true,"href":"https:\/\/zonenklaus.de\/wordpress\/index.php?rest_route=%2Fwp%2Fv2%2Fcategories&post=34341"},{"taxonomy":"post_tag","embeddable":true,"href":"https:\/\/zonenklaus.de\/wordpress\/index.php?rest_route=%2Fwp%2Fv2%2Ftags&post=34341"}],"curies":[{"name":"wp","href":"https:\/\/api.w.org\/{rel}","templated":true}]}}