{"id":34352,"date":"2020-04-17T22:25:26","date_gmt":"2020-04-17T21:25:26","guid":{"rendered":"https:\/\/zonenklaus.de\/wordpress\/?p=34352"},"modified":"2021-04-15T15:15:11","modified_gmt":"2021-04-15T14:15:11","slug":"am-hinkelstein-in-der-wilhelmsaue-in-gefuehlter-covid-19-freier-zone","status":"publish","type":"post","link":"https:\/\/zonenklaus.de\/wordpress\/?p=34352","title":{"rendered":"Am Hinkelstein in der Wilhelmsaue &#8211; in gef\u00fchlter COVID-19-freier Zone&#8230;"},"content":{"rendered":"<p>&#8230;schr\u00e4g gegen\u00fcber vom <a href=\"https:\/\/leute.tagesspiegel.de\/charlottenburg-wilmersdorf\/macher\/2019\/03\/15\/75037\/die-rueckkehr-des-schoeler-schloesschens\/\">Schoeler-Schl\u00f6sschen<\/a>. In dem mal die private Bibliothek von Bruder Johannes untergebracht werden sollte, daf\u00fcr alles mit Millionenaufwand renoviert wurde. Aber anschlie\u00dfend festgestellt wurde, dass wegen zu geringer Deckenbelastung, seine gesammelten Schwarten dort nicht gestapelt werden konnten. Seit vielen Jahren steht das h\u00fcbsche H\u00e4uschen nun leer herum.<br \/>\nKenne es auch von innen, denn kurzfristig gab es dort n\u00e4mlich eine reduzierte gastronomische Betreuung.<br \/>\nIn vielen geklitterten, besser gesagt, auf vermeintliche Anweisungen hin, fehlte wie oftmals der Hinweis seiner fr\u00fcheren Nutzung unter <i>Adolf dem G\u00fctigen<\/i>!<br \/>\nAuch anl\u00e4sslich des 100sten Geburtstages von Richie Weizs\u00e4ckers, dessen fortlaufende cham\u00e4lionide Karriere, in der Hitlerjugend am Gymnasium Kirchenfeld begann und in der Reichshauptstadt endete.<br \/>\n<b>WIKI meint dazu<\/b>, ist aber alles nachweisbar<b>:<\/b> <u>1937 legte Weizs\u00e4cker sein Abitur am Bismarck-Gymnasium (heute Goethe-Gymnasium) in Berlin-Wilmersdorf mit knapp 17 Jahren ab. Er war F\u00e4hnleinf\u00fchrer der Hitlerjugend im Jungbann 37 in Berlin Wilmersdorf-Zehlendorf und erf\u00fcllte die <\/u><i><u>Kriterien nationalsozialistischer Begabtenf\u00f6rderung<\/u><\/i><u>. Nach seinem Schulabschluss <\/u><i><u>reiste<\/u><\/i><u> <\/u><u><b>(<\/b><\/u><b>?!?) <\/b><u>Weizs\u00e4cker <\/u><u>nach Oxford (Gro\u00dfbritannien) und Grenoble (Frankreich), um dort Vorlesungen \u00fcber Philosophie und Geschichte zu besuchen.<\/u><br \/>\nDieses Privileg wurde, in jenen Tagen, nur sehr wenigen strammen Nazi-<i>Nachw\u00fcchslern<\/i> zuteil!<br \/>\nMitte 1981 \u00fcbernham er den Posten eines Regierenden B\u00fcrgermeisters, im Hintergrund befand sich ein Rudel von recht illustren Leutchen.<br \/>\nDie erste Amtshandlung seines Innensenators bestand darin, nun wieder eine harte Linie bei den weichen Drogen zufahren. Denn bis dato gab es schon so etwas, wie eine stillschweigende Abmachung, was den Besitz von THC-haltiger Kost anging, wenn es um winzige Mengen zum Eigenbedarf ging&#8230;<br \/>\n<!--more-->Hockte ein l\u00e4ngeres Weilchen am<a href=\"https:\/\/www.flickr.com\/photos\/zonenklaus\/49789172792\/in\/dateposted-public\/\"> Dorfauen-Hinkelstein<\/a> herum, bei selbstgebackenem Brot, edlem Tee und meiner neuerlichen Kreation von Quark mit Lein\u00f6l.<br \/>\nSeit geraumer Zeit besitzen wir eine <a href=\"https:\/\/www.tupperware.de\/shop\/de-de\/tupperr-turbo-chef.html?gclid=EAIaIQobChMI3KWbgMHw6AIVb4BQBh3Q4Ab0EAQYASABEgLkA_D_BwE\">Wunderwaffe von Tupper<\/a>, <span style=\"font-size: xx-small;\"><b>(<\/b>Sie ist allerdings arschteuer!<b>) <\/b><\/span>dies Ger\u00e4t brachte mich auf eine Idee. Hatte n\u00e4mlich ein recht ansehnlichen Strau\u00df B\u00e4rlauch von der Nachbarin erhalten, welches entsprechend verarbeitet wurde &#8211; zwei Drittel Magerquark, ein Drittel Ayran, Schlotten, B\u00e4rlauch, ein viertel Liter Lein\u00f6l und den \u00fcblichen Gew\u00fcrzen.<br \/>\nW\u00e4hrend unseres versp\u00e4teten Diskussionsfr\u00fchst\u00fccks, tauchte mit einem Mal noch zwei G\u00e4ste auf, aus den Augenwinkeln betrachtet, <a href=\"https:\/\/de.wikipedia.org\/wiki\/Brandmaus\">zwei Haselm\u00e4use, dann gewahrte ich aber die Streifen<\/a>.<br \/>\nDann schwante mir etwas, hatte ich doch vor l\u00e4ngerer Zeit etwas von anderen Viren vernommen, in desssen Zusammenhang von<a href=\"https:\/\/de.wikipedia.org\/wiki\/R%C3%B6telmaus\"> <i>R\u00f6telm\u00e4usen<\/i><\/a> gesprochen wurden. Mit anschlie\u00dfender Hilfe vom Netz, war dann wieder alles abrufbar. Es handelte sich bei unseren G\u00e4sten, um <a href=\"https:\/\/www.flickr.com\/photos\/zonenklaus\/49786312651\/in\/dateposted-public\/\">Brandm\u00e4use,<\/a> die liebend gern sich multifunktional pr\u00e4sentieren, wenn es um die Verbreitung <a href=\"https:\/\/www.infektionsschutz.de\/erregersteckbriefe\/hantaviren.html\"><i>Hantaviren<\/i><\/a>, in Mittel- und Nordosteuropa das <a href=\"http:\/\/www.ibl-international.com\/media\/catalog\/product\/R\/E\/RE57471_IFU_de_Hanta_Dobrava_IgG_IgM_V2013_05_sym3.pdf\"><i>Dobrava-Virus<\/i><\/a>, in Asien das <a href=\"https:\/\/instmikrobiobw.de\/startseite\/einrichtungen\/arbeitsgruppen-fuer-spezielle-pathogene\/hantaviren\">Hantaan-Virus<\/a> geht.<b>*<\/b><br \/>\nUnd welcher Verwandte taucht in dem Zusammenhang \u00fcberall mit auf?<br \/>\nRichtig!<br \/>\nDas <i>Coronavirus SARS-CoV-2<\/i>, wem dies noch nicht reicht, denjenigen kann ich nur den Kontakt zu jenen niedlichen Nagern empfehlen!<br \/>\n<i>&#8211;<a href=\"https:\/\/www.bundesgesundheitsministerium.de\/coronavirus\/coronavirus-leichte-sprache.html\"> Informationen zum Corona-Virus in Leichter Sprache<\/a><\/i><br \/>\n<i>Das wird so aus-gesprochen: Ko ro na wi rus.<\/i><br \/>\n<i>Das ist ein besonderes Virus.<\/i><br \/>\n<i>Ein Virus ist ein sehr kleines Teilchen&#8230;<\/i><br \/>\n<a href=\"https:\/\/zonenklaus.de\/wordpress\/wp-content\/uploads\/2020\/04\/01.jpg\"><img loading=\"lazy\" decoding=\"async\" class=\"alignleft size-thumbnail wp-image-34354\" src=\"https:\/\/zonenklaus.de\/wordpress\/wp-content\/uploads\/2020\/04\/01-150x86.jpg\" alt=\"\" width=\"150\" height=\"86\" srcset=\"https:\/\/zonenklaus.de\/wordpress\/wp-content\/uploads\/2020\/04\/01-150x86.jpg 150w, https:\/\/zonenklaus.de\/wordpress\/wp-content\/uploads\/2020\/04\/01-300x171.jpg 300w, https:\/\/zonenklaus.de\/wordpress\/wp-content\/uploads\/2020\/04\/01-624x357.jpg 624w, https:\/\/zonenklaus.de\/wordpress\/wp-content\/uploads\/2020\/04\/01.jpg 630w\" sizes=\"auto, (max-width: 150px) 100vw, 150px\" \/><\/a><a href=\"https:\/\/zonenklaus.de\/wordpress\/wp-content\/uploads\/2020\/04\/02.jpg\"><img loading=\"lazy\" decoding=\"async\" class=\"alignleft size-thumbnail wp-image-34355\" src=\"https:\/\/zonenklaus.de\/wordpress\/wp-content\/uploads\/2020\/04\/02-150x125.jpg\" alt=\"\" width=\"150\" height=\"125\" srcset=\"https:\/\/zonenklaus.de\/wordpress\/wp-content\/uploads\/2020\/04\/02-150x125.jpg 150w, https:\/\/zonenklaus.de\/wordpress\/wp-content\/uploads\/2020\/04\/02.jpg 300w\" sizes=\"auto, (max-width: 150px) 100vw, 150px\" \/><\/a><a href=\"https:\/\/zonenklaus.de\/wordpress\/wp-content\/uploads\/2020\/04\/03.jpg\"><img loading=\"lazy\" decoding=\"async\" class=\"alignleft size-thumbnail wp-image-34356\" src=\"https:\/\/zonenklaus.de\/wordpress\/wp-content\/uploads\/2020\/04\/03-150x78.jpg\" alt=\"\" width=\"150\" height=\"78\" srcset=\"https:\/\/zonenklaus.de\/wordpress\/wp-content\/uploads\/2020\/04\/03-150x78.jpg 150w, https:\/\/zonenklaus.de\/wordpress\/wp-content\/uploads\/2020\/04\/03-300x156.jpg 300w, https:\/\/zonenklaus.de\/wordpress\/wp-content\/uploads\/2020\/04\/03.jpg 480w\" sizes=\"auto, (max-width: 150px) 100vw, 150px\" \/><\/a><a href=\"https:\/\/zonenklaus.de\/wordpress\/wp-content\/uploads\/2020\/04\/04.jpg\"><img loading=\"lazy\" decoding=\"async\" class=\"alignleft size-thumbnail wp-image-34357\" src=\"https:\/\/zonenklaus.de\/wordpress\/wp-content\/uploads\/2020\/04\/04-150x100.jpg\" alt=\"\" width=\"150\" height=\"100\" srcset=\"https:\/\/zonenklaus.de\/wordpress\/wp-content\/uploads\/2020\/04\/04-150x100.jpg 150w, https:\/\/zonenklaus.de\/wordpress\/wp-content\/uploads\/2020\/04\/04-300x200.jpg 300w, https:\/\/zonenklaus.de\/wordpress\/wp-content\/uploads\/2020\/04\/04-1024x683.jpg 1024w, https:\/\/zonenklaus.de\/wordpress\/wp-content\/uploads\/2020\/04\/04-768x512.jpg 768w, https:\/\/zonenklaus.de\/wordpress\/wp-content\/uploads\/2020\/04\/04-624x416.jpg 624w, https:\/\/zonenklaus.de\/wordpress\/wp-content\/uploads\/2020\/04\/04.jpg 1280w\" sizes=\"auto, (max-width: 150px) 100vw, 150px\" \/><\/a><a href=\"https:\/\/zonenklaus.de\/wordpress\/wp-content\/uploads\/2020\/04\/05.jpg\"><img loading=\"lazy\" decoding=\"async\" class=\"alignleft size-thumbnail wp-image-34358\" src=\"https:\/\/zonenklaus.de\/wordpress\/wp-content\/uploads\/2020\/04\/05-150x125.jpg\" alt=\"\" width=\"150\" height=\"125\" srcset=\"https:\/\/zonenklaus.de\/wordpress\/wp-content\/uploads\/2020\/04\/05-150x125.jpg 150w, https:\/\/zonenklaus.de\/wordpress\/wp-content\/uploads\/2020\/04\/05.jpg 300w\" sizes=\"auto, (max-width: 150px) 100vw, 150px\" \/><\/a>Dies sehe ich anders, pinne als als Beweis einige Bildchen von prestigetr\u00e4chtigen Nasen in den Text, welche Gr\u00f6\u00dfe ihnen so vorschwebt.<br \/>\n<a href=\"https:\/\/zonenklaus.de\/wordpress\/wp-content\/uploads\/2020\/04\/01-1.jpg\"><img loading=\"lazy\" decoding=\"async\" class=\"alignleft size-thumbnail wp-image-34368\" src=\"https:\/\/zonenklaus.de\/wordpress\/wp-content\/uploads\/2020\/04\/01-1-150x86.jpg\" alt=\"\" width=\"150\" height=\"86\" srcset=\"https:\/\/zonenklaus.de\/wordpress\/wp-content\/uploads\/2020\/04\/01-1-150x86.jpg 150w, https:\/\/zonenklaus.de\/wordpress\/wp-content\/uploads\/2020\/04\/01-1-300x171.jpg 300w, https:\/\/zonenklaus.de\/wordpress\/wp-content\/uploads\/2020\/04\/01-1-624x357.jpg 624w, https:\/\/zonenklaus.de\/wordpress\/wp-content\/uploads\/2020\/04\/01-1.jpg 630w\" sizes=\"auto, (max-width: 150px) 100vw, 150px\" \/><\/a>Gebe dazu noch eine leichte hinkende Definition, was die Menge solch merkw\u00fcrdiger Viecher ausmacht. Also, ein exorbitant gro\u00dfes Rudel von <i>Coronarixen<\/i> ist mit den blo\u00dfen Augen nicht erkennbar! Anders w\u00fcrde es bei relativ kleinen, aber sehr nervigen Mitbewohnern aussehen, meine die<a href=\"https:\/\/www.anticimex.com\/de-ch\/schadlingsbestimmung\/schadlingslexikon\/pharaoameise\/\"> Pharaoameisen<\/a>. Zum eigentlichen Verst\u00e4ndnis etwas, betrifft die Anzahl des Getiers und die daraus resultierende Menge im darstellenden Vergleich.<br \/>\nEine runde Millionen dieser Qu\u00e4lgeister, optimal in einander kuschelnd, w\u00fcrden ein Volumen, von der Gr\u00f6\u00dfe einer M\u00e4nnerfaust ergeben! Nicht die eines <i>Pygm\u00e4ens<\/i> aber auch nicht die von <i>Muhammad Ali<\/i>, sondern irgendwie dazwischen&#8230;<br \/>\n<b><\/b><\/p>\n<p><b>*<\/b>H\u00e4tten die Medien-Heinze<b><sup>*INNEN usw.<\/sup><\/b> in den letzten Jahren, in irgendeiner Form, bei den drei genannten Virenarten solch Heckmeck veranstaltet, nat\u00fcrlich in trauter Gemeinsamkeit mit pathologisch vorbelasteten Kaffeesatzlesern<b><sup>*INNEN usw.<\/sup><\/b>, W\u00fcnschelruteng\u00e4ngern<b><sup>*INNEN usw.<\/sup><\/b>, Sp\u00f6kenkiekern<b><sup>*INNEN usw<\/sup><\/b>, Sehern<b><sup>*INNEN usw.<\/sup><\/b>, Schefffpr\u00e4sidentenobere<i>ks<\/i>perten<b><sup>*INNEN usw.<\/sup><\/b>, Heerscharen von Statistikern<b><sup>*INNEN usw. <\/sup><\/b>, fast h\u00e4tte ich die Legion von Politikern<b><sup>*INNEN usw.<\/sup><\/b> aller nur m\u00f6glichen Str\u00f6mungen auf UNSERER ERDENSCHEIBE vergessen, nebst der Myriaden von Verbalwixern<b><sup>*INNEN usw. <\/sup><\/b>und, und, und &#8211; mehrheitlich h\u00e4tte sich bereits, nach mehreren solcher Aktionen, eine tiefsitzende krankhafte Lethargie unter den Plebsen breitgemacht und mehrheitlich w\u00fcrden <i>m\u00fcndigen B\u00fcrger,<\/i> nun den daraus resultierenden Diktaturen lechzend zu Kreuze kriechen&#8230;<br \/>\nDabei ist bisher noch gar nichts passiert, au\u00dfer der oftmaligen Nerverei von wichtigtuerischen Kleingeistern&#8230;<\/p>\n<p><strong> &#8211; <\/strong>Bin gerade dabei, 10 DINA4-Seiten in eine lesbare Form zubringen. Jener Bericht bezieht sich auf die Retourkutsche nach dem letzten Krieg und lautet: <i>Kriegsende und drei Jahre in russischer Kriegsgefangenschaft <\/i><br \/>\nSchon mal etwas davon geh\u00f6rt, dass hunderttausende Menschen, <a href=\"https:\/\/www.welt.de\/geschichte\/zweiter-weltkrieg\/article157973155\/Warum-Leningrad-belagert-und-nicht-erobert-wurde.html\">900 Tage, im eingekesselten Leningrad,<\/a> um ihr \u00dcberleben k\u00e4mpften?<br \/>\nSchon mal versucht, dar\u00fcber nachzudenken, wenn man 3 mal 7 im Knast bekommt?<br \/>\nDie Kellerfenster ausgehangen, im vielleicht 15 Quadratmeter gro\u00dfen Loch, von 6 Uhr bis 22 Uhr die Pritsche angeschlossen. Man sich noch nicht mal auf den Deckel des vollgeschissenen K\u00fcbels setzen kann und nur jeden dritten Tag warmes Essen&#8230;<br \/>\nIch k\u00f6nnte weiter machen!<br \/>\nDurfte die Zeit genie\u00dfen, weil ich zum Schichtwechsel, einen Kumpel in der anderen Kolonne gegr\u00fc\u00dft hatte, dies firmierte unter<i> illegaler Verbindungsaufname<\/i>. MEIN ERZIEHER &#8211; so wurde im <i>humanen sozialistischen Strafvollzug<\/i> gewisses Pack genannt &#8211; wollte mit mir einen KOMPROMISS aushandeln! Den Namen des<i> Mitt\u00e4ters<\/i>, dann w\u00e4re ich au\u00dfen vor gewesen und er h\u00e4tte in den Bunker gemusst<\/p>\n","protected":false},"excerpt":{"rendered":"<p>&#8230;schr\u00e4g gegen\u00fcber vom Schoeler-Schl\u00f6sschen. In dem mal die private Bibliothek von Bruder Johannes untergebracht werden sollte, daf\u00fcr alles mit Millionenaufwand renoviert wurde. Aber anschlie\u00dfend festgestellt wurde, dass wegen zu geringer Deckenbelastung, seine gesammelten Schwarten dort nicht gestapelt werden konnten. Seit vielen Jahren steht das h\u00fcbsche H\u00e4uschen nun leer herum. Kenne es auch von innen, denn [&hellip;]<\/p>\n","protected":false},"author":6,"featured_media":0,"comment_status":"open","ping_status":"open","sticky":false,"template":"","format":"standard","meta":{"footnotes":""},"categories":[55],"tags":[],"class_list":["post-34352","post","type-post","status-publish","format-standard","hentry","category-alltaeglicher-wahnwitz"],"_links":{"self":[{"href":"https:\/\/zonenklaus.de\/wordpress\/index.php?rest_route=\/wp\/v2\/posts\/34352","targetHints":{"allow":["GET"]}}],"collection":[{"href":"https:\/\/zonenklaus.de\/wordpress\/index.php?rest_route=\/wp\/v2\/posts"}],"about":[{"href":"https:\/\/zonenklaus.de\/wordpress\/index.php?rest_route=\/wp\/v2\/types\/post"}],"author":[{"embeddable":true,"href":"https:\/\/zonenklaus.de\/wordpress\/index.php?rest_route=\/wp\/v2\/users\/6"}],"replies":[{"embeddable":true,"href":"https:\/\/zonenklaus.de\/wordpress\/index.php?rest_route=%2Fwp%2Fv2%2Fcomments&post=34352"}],"version-history":[{"count":12,"href":"https:\/\/zonenklaus.de\/wordpress\/index.php?rest_route=\/wp\/v2\/posts\/34352\/revisions"}],"predecessor-version":[{"id":36520,"href":"https:\/\/zonenklaus.de\/wordpress\/index.php?rest_route=\/wp\/v2\/posts\/34352\/revisions\/36520"}],"wp:attachment":[{"href":"https:\/\/zonenklaus.de\/wordpress\/index.php?rest_route=%2Fwp%2Fv2%2Fmedia&parent=34352"}],"wp:term":[{"taxonomy":"category","embeddable":true,"href":"https:\/\/zonenklaus.de\/wordpress\/index.php?rest_route=%2Fwp%2Fv2%2Fcategories&post=34352"},{"taxonomy":"post_tag","embeddable":true,"href":"https:\/\/zonenklaus.de\/wordpress\/index.php?rest_route=%2Fwp%2Fv2%2Ftags&post=34352"}],"curies":[{"name":"wp","href":"https:\/\/api.w.org\/{rel}","templated":true}]}}