{"id":34394,"date":"2020-04-22T22:34:13","date_gmt":"2020-04-22T21:34:13","guid":{"rendered":"https:\/\/zonenklaus.de\/wordpress\/?p=34394"},"modified":"2021-06-26T22:54:46","modified_gmt":"2021-06-26T21:54:46","slug":"ich-gruesse-alle-corona-fans-aus-nah-und-fern","status":"publish","type":"post","link":"https:\/\/zonenklaus.de\/wordpress\/?p=34394","title":{"rendered":"Ich gr\u00fc\u00dfe alle Corona-Fans &#8211; aus Nah und Fern!"},"content":{"rendered":"<p><a href=\"https:\/\/zonenklaus.de\/wordpress\/wp-content\/uploads\/2020\/04\/JE-SUIS-CORONIX-.jpg\"><img loading=\"lazy\" decoding=\"async\" class=\"size-thumbnail wp-image-34229 alignleft\" src=\"https:\/\/zonenklaus.de\/wordpress\/wp-content\/uploads\/2020\/04\/JE-SUIS-CORONIX--124x150.jpg\" alt=\"\" width=\"124\" height=\"150\" srcset=\"https:\/\/zonenklaus.de\/wordpress\/wp-content\/uploads\/2020\/04\/JE-SUIS-CORONIX--124x150.jpg 124w, https:\/\/zonenklaus.de\/wordpress\/wp-content\/uploads\/2020\/04\/JE-SUIS-CORONIX--248x300.jpg 248w, https:\/\/zonenklaus.de\/wordpress\/wp-content\/uploads\/2020\/04\/JE-SUIS-CORONIX-.jpg 600w\" sizes=\"auto, (max-width: 124px) 100vw, 124px\" \/><\/a><\/p>\n<p>&nbsp;<\/p>\n<p>Die aus Berlin und nat\u00fcrlich die im fernen Bern!<br \/>\nLange nichts mehr von den vielen Flippies vernommen,<br \/>\nhatte gerade meine recht kleine Schublade ge\u00f6ffnet,<br \/>\nin der ich ab und zu sehr nervige Angelegenheiten der<br \/>\nVerdr\u00e4ngung anheim fallen lasse, nun dies!<\/p>\n<p>Ehe ich die Worte von Andres Thiel f\u00fcr ewig dort versenken, m\u00f6chte ich sie vorher noch \u00fcbers Volk streuen! Ich geh\u00f6re ja auch zu den Kamelen oder sind es Esel? Welche immer sofort an den Stellen auftauchen, wo gerade Gras <span style=\"font-size: small;\"><b>(<\/b><\/span><em><span style=\"font-size: small;\">Ist politisch absolut inkorrekt, <a href=\"https:\/\/www.myhomebook.de\/gardening\/hanf-anpflanzen\">meine nat\u00fcrlich kein Gras,<\/a> obwohl es fr\u00fcher in dem Spruch gebr\u00e4uchlich war! Es m\u00fcsste heute besser Rasen hei\u00dfen!<\/span><\/em><span style=\"font-size: small;\"><b>) <\/b><\/span>\u00fcber irgendeine Sache gewachsen ist und fresse es flugs wieder ab. In Folge von Covid19 wurde ich allerdings eines Besseren belehrt, denn die ewig vorzufindende Menge reicht absolut nicht aus, um endlich mal soviel zu fressen, wie ich eigentlich kotzen k\u00f6nnte!<br \/>\n<a href=\"https:\/\/zonenklaus.de\/wordpress\/wp-content\/uploads\/2020\/04\/Coronavirus_-Die-Freiheit-ist-vorbei-nun-kommt-der-Corona-Staat.pdf\">Andu Thiel\u00b4s Text gef\u00e4llt mir!<\/a>\u00a0Au\u00dferdem trifft er phasenweise auf bundesgermanische Sachverhalt zu, wie ein Arsch auf den Eimer!<br \/>\nAuf seine kurzen anarchistischen Betrachtungen will ich nicht weiter eingehen, daf\u00fcr gibt es aber zwei Links, um noch mehr Verwirrung zu stiften!<br \/>\n<a href=\"https:\/\/www.spiegel.de\/spiegel\/print\/d-14020636.html\">\u201eAnarchie bleibt das Fernziel der Menschheit\u201c<\/a><br \/>\n<a href=\"https:\/\/books.google.de\/books?id=5OHcDwAAQBAJ&amp;pg=PT187&amp;lpg=PT187&amp;dq=Anarchie+bedeutet+keine+Unordnung,+sondern+ordnung+ohne+unterordnung&amp;source=bl&amp;ots=Px5lN7xJAB&amp;sig=ACfU3U3YtmAlwy7QCJLf3ymfXxPiSMghmA&amp;hl=de&amp;sa=X&amp;ved=2ahUKEwi1yZfl4vzoAhUKTBUIHd-pCBYQ6AEwA3oECBAQAQ#v=onepage&amp;q=Anarchie%20bedeutet%20keine%20Unordnung%2C%20sondern%20ordnung%20ohne%20unterordnung&amp;f=false\">Anarchie bedeutet keine Unterordnung, sondern Ordnung ohne Unterordnung<\/a><br \/>\n<a href=\"https:\/\/zonenklaus.de\/wordpress\/wp-content\/uploads\/2020\/04\/mASKA.jpg\"><img loading=\"lazy\" decoding=\"async\" class=\"alignleft size-thumbnail wp-image-34399\" src=\"https:\/\/zonenklaus.de\/wordpress\/wp-content\/uploads\/2020\/04\/mASKA-125x150.jpg\" alt=\"\" width=\"125\" height=\"150\" srcset=\"https:\/\/zonenklaus.de\/wordpress\/wp-content\/uploads\/2020\/04\/mASKA-125x150.jpg 125w, https:\/\/zonenklaus.de\/wordpress\/wp-content\/uploads\/2020\/04\/mASKA-251x300.jpg 251w, https:\/\/zonenklaus.de\/wordpress\/wp-content\/uploads\/2020\/04\/mASKA-856x1024.jpg 856w, https:\/\/zonenklaus.de\/wordpress\/wp-content\/uploads\/2020\/04\/mASKA-768x919.jpg 768w, https:\/\/zonenklaus.de\/wordpress\/wp-content\/uploads\/2020\/04\/mASKA-624x747.jpg 624w, https:\/\/zonenklaus.de\/wordpress\/wp-content\/uploads\/2020\/04\/mASKA.jpg 966w\" sizes=\"auto, (max-width: 125px) 100vw, 125px\" \/><\/a>Trotz meiner legend\u00e4ren Weisungsresistenz, werde ich momentan meine <i>recycelte<\/i> <i>Maske<\/i> nicht abnehmen, um weiterhin Gr\u00fcnzeug von dem Tinnef wegzufressen, womit <i>ganzheitlich<\/i> lahmende Stare, weltweite ihre Unf\u00e4higkeit verschleiern. Besser gesagt, jenen legend\u00e4re Dilettantismus von willf\u00e4hrigen Lakaien geschickt kaschieren lassen und dies geschieht unter demokratisch anmutenden Nebelschwaden. Wenn sich die Dunstglocke eines Tages, wie von selbst verzogen hat, wird es schlie\u00dflich auch dem letzten Blindfisch einleuchten, dass von den eigentlich schon lange verkommenen gesetzlichen Regelungen, hinterher absolut nichts mehr vorhanden ist. Und die nun standhaft wieder hervortretende Regierungsmehrheit hat ihre urspr\u00fcnglichen \u00dcberzeugungen bereits folgenlos der<a href=\"http:\/\/www.rechtslexikon.net\/d\/normative-kraft-des-faktischen\/normative-kraft-des-faktischen.htm\"> <i>normativen Kraft des Faktischen<\/i> <\/a>geopfert. Wenn nun der verdutzt dreinblickende <i>m\u00fcndige B\u00fcrger,<\/i> den dringend notwendigen Wandel, der sich allerdings bereits l\u00e4nger schleichen ank\u00fcndigte, nicht augenblicklich verinnerlichen sollte, f\u00fcr den h\u00e4lt dann der Arm des Gesetzes immer ein Haufen \u00dcberraschungen bereit.<br \/>\nJenes bodenlose F\u00fcllhorn ist bis zum Bersten gef\u00fcllt!<br \/>\nSehr einfacher wird es sein, um in der n\u00e4chsten Zeit einen modifizierten Systemwandel zu etablieren. Je mehr SIE dabei von <i>Demokratie<\/i> und <i>Freiheit<\/i> schwafelt, desto eher k\u00fcndigt sich der Umbruch an!<br \/>\n<b>&#8230;<\/b> <i>Freiheit entsteht dadurch, dass man sie sich nimmt, nicht dadurch, dass man sie bekommt!<\/i> <span style=\"font-size: xx-small;\">\u00a9 A. Sch\u00fcbert<\/span><br \/>\n<!--more--><\/p>\n<p><span style=\"font-size: medium;\">Habe nicht mehr viel Lust, mich weiter in der widerlichen Materie zu sielen&#8230; <\/span><br \/>\nZu einer Erkenntnis f\u00e4llt mir allerdings doch etwas ein. Hat entfernt auch mit einer Berner Eigenheit zu tun, dem <i>Berner Blitz<\/i>! H\u00f6rte gestern ganz nebenbei, dass sich nach vielen Wochen vermeintlicher Unt\u00e4tigkeit, nun Mediziner endlich mal dran machen wollen und alle angesagten <i>Corona-Verblichenen<\/i> zerschnippeln m\u00fcssen, wegen der aufgekommenen Neugier, ob sie wirklich vom b\u00f6sen <i>Sars-CoV-2 <\/i>hingerafft wurden.<br \/>\n<b>&#8211; <\/b>H\u00e4tte man der anf\u00e4nglichen sog. Pandemie freien Lauf gelassen, die Kollateralsch\u00e4den w\u00e4ren bestimmt nicht h\u00f6her gewesen, als bei einer etwas heftigeren Grippe und alles liefe jetzt wieder in <i>geordneten Bahnen. <\/i><br \/>\nVerstehe den merkw\u00fcrdigen Aufriss wirklich nicht, bei einer Weltbev\u00f6lkerung von fast 8 Milliarden vormals <i>domestizierter Hominiden,<\/i> fallen UNSERE aktuellen Statistik-Opfer irgendwelcher Form, eigentlich nicht ins Gewicht. K\u00f6nnte ja mal eine Aufzeichnung aus dem Netz fischen, wie viel hunderttausenden t\u00e4glich irgendwo hops gehen und dies seit Jahrzehnten bereits, weitab UNSERER Zivilisation, allerdings durch UNSERE MITHILFE&#8230;<br \/>\nM\u00fcssen bei UNS <i>Sars-CoV-2-<\/i>Infizierte nur deshalb am Leben erhalten werden, damit sie sich in mehreren Wochen endlich wieder unendlichen Konsumr\u00e4uschen hingeben m\u00fcssen und damit f\u00fcr wieder zu schaffenden Arbeitspl\u00e4tze sorgen k\u00f6nnen.<br \/>\nAlles befindet sich aber auch in einem Missverh\u00e4ltnis, wenn ich mir vorstelle, dass massenhaft Menschen irgendwo dahinvegetieren, die zwar gerne freiwillig ihr Leben zur\u00fcckgeben w\u00fcrden, es ihnen aber verwehrt wird. Was selbige Sterbensform betrifft, hatte ich vor vielen Jahren der Scheffin gegen\u00fcber abgelassen, bei vollem Bewusstsein<strong>!<\/strong> &#8211;\u00a0 \u201eWenn du mich irgendwo in der Bude liegen sehen solltest, dann rufe auf keinen Fall 112 an! Gehe daf\u00fcr ins Netz, schaue dort nach, ob irgendwo ein Film mit \u00dcberl\u00e4nge l\u00e4uft und dort gehst du gef\u00e4lligst hin!\u201c<br \/>\nWeil sie mir permanent wegen leichter Malaisen die Ohren abkaut, doch endlich den Arzt aufzusuchen, erinnerte ich sie vor drei Tagen an meine Bitte&#8230;<br \/>\nW\u00e4hrend ihrer etwas lauteren Entgegnung, fiel mir siedend hei\u00df ein, dies geht ja momentan unm\u00f6glich, denn die Lichtspielh\u00e4user sind bekanntlich auch geschlossen.<br \/>\nSchei\u00dfe!<br \/>\nWill meinen Zynismus hier nicht weiter kultivieren, h\u00e4tte n\u00e4mlich noch mehr auf Lager&#8230;<\/p>\n<p>Jene <a href=\"https:\/\/archive.org\/details\/AccNoir20160427\">Tejano-Mucke<\/a> lief u.a. w\u00e4hrend ich schrieb, etwas vom anderen Amerika, weit weg vom hiesigen Irrsinn&#8230;<\/p>\n","protected":false},"excerpt":{"rendered":"<p>&nbsp; Die aus Berlin und nat\u00fcrlich die im fernen Bern! Lange nichts mehr von den vielen Flippies vernommen, hatte gerade meine recht kleine Schublade ge\u00f6ffnet, in der ich ab und zu sehr nervige Angelegenheiten der Verdr\u00e4ngung anheim fallen lasse, nun dies! Ehe ich die Worte von Andres Thiel f\u00fcr ewig dort versenken, m\u00f6chte ich sie [&hellip;]<\/p>\n","protected":false},"author":6,"featured_media":0,"comment_status":"open","ping_status":"open","sticky":false,"template":"","format":"standard","meta":{"footnotes":""},"categories":[1,55],"tags":[],"class_list":["post-34394","post","type-post","status-publish","format-standard","hentry","category-allgemeines","category-alltaeglicher-wahnwitz"],"_links":{"self":[{"href":"https:\/\/zonenklaus.de\/wordpress\/index.php?rest_route=\/wp\/v2\/posts\/34394","targetHints":{"allow":["GET"]}}],"collection":[{"href":"https:\/\/zonenklaus.de\/wordpress\/index.php?rest_route=\/wp\/v2\/posts"}],"about":[{"href":"https:\/\/zonenklaus.de\/wordpress\/index.php?rest_route=\/wp\/v2\/types\/post"}],"author":[{"embeddable":true,"href":"https:\/\/zonenklaus.de\/wordpress\/index.php?rest_route=\/wp\/v2\/users\/6"}],"replies":[{"embeddable":true,"href":"https:\/\/zonenklaus.de\/wordpress\/index.php?rest_route=%2Fwp%2Fv2%2Fcomments&post=34394"}],"version-history":[{"count":16,"href":"https:\/\/zonenklaus.de\/wordpress\/index.php?rest_route=\/wp\/v2\/posts\/34394\/revisions"}],"predecessor-version":[{"id":34405,"href":"https:\/\/zonenklaus.de\/wordpress\/index.php?rest_route=\/wp\/v2\/posts\/34394\/revisions\/34405"}],"wp:attachment":[{"href":"https:\/\/zonenklaus.de\/wordpress\/index.php?rest_route=%2Fwp%2Fv2%2Fmedia&parent=34394"}],"wp:term":[{"taxonomy":"category","embeddable":true,"href":"https:\/\/zonenklaus.de\/wordpress\/index.php?rest_route=%2Fwp%2Fv2%2Fcategories&post=34394"},{"taxonomy":"post_tag","embeddable":true,"href":"https:\/\/zonenklaus.de\/wordpress\/index.php?rest_route=%2Fwp%2Fv2%2Ftags&post=34394"}],"curies":[{"name":"wp","href":"https:\/\/api.w.org\/{rel}","templated":true}]}}