{"id":34415,"date":"2020-04-24T22:01:09","date_gmt":"2020-04-24T21:01:09","guid":{"rendered":"https:\/\/zonenklaus.de\/wordpress\/?p=34415"},"modified":"2020-04-25T00:08:11","modified_gmt":"2020-04-24T23:08:11","slug":"howgh-haau-ha%cb%90%ca%8a%cc%af-der-narzisstisch-haeuptling-des-zaenkischen-bergvolkes-noerdlich-der-alpen-floskelte-mal-wieder","status":"publish","type":"post","link":"https:\/\/zonenklaus.de\/wordpress\/?p=34415","title":{"rendered":"Howgh (\u201ehaau\u201c [ha\u02d0\u028a\u032f]) &#8211; Der narzisstisch H\u00e4uptling des z\u00e4nkischen Bergvolkes n\u00f6rdlich der Alpen floskelte mal wieder&#8230;"},"content":{"rendered":"<p>Nun ist der abgebrochene Minipr\u00e4si aus den Rheinauen dran!<br \/>\nHabe mich schweren Herzens entschlossen, nicht auf der Ebene des Parteifreundes vom<i> Christsozialisten<\/i> S\u00f6der, dem<a href=\"https:\/\/www.focus.de\/politik\/ausland\/usa\/legendaere-aussetzer-pofalla-ich-kann-deine-fresse-nicht-mehr-sehen_id_3598812.html\"> CDU-Empork\u00f6mmling Pofalla<\/a>, zu lustwandeln!<br \/>\nWas soll ich aber machen, wenn es mir trotzdem hochkommt und ich Fressen registriere?<br \/>\nEnde der Fu\u00dfnote!<br \/>\nWie stellt sich der kauzig Herr, die <a href=\"https:\/\/web.de\/magazine\/news\/coronavirus\/impfpflicht-coronavirus-soeder-habeck-34641418\">Vollendung seines grotesken Gedankenganges<\/a> eigentlich vor?<br \/>\nDemn\u00e4chst soll wohl in Bayern ein Alchimisten-Baukasten herauskommen und jeder bastelt sich seine <i>Impfe<\/i> selber?<br \/>\nIst mir aber auch schei\u00dfegal! Lasst ihn machen, vielleicht findet der Mann irgendwann mal wieder zu sich!?<br \/>\nWobei ich in jene Richtung kein Qu\u00e4ntchen Hoffnung hege!<br \/>\nWende mich in die andere Richtung, denn unter den Bajuwaren lustwandeln nicht nur vermeintlich subjektivistische Kompetenzsimulanten herum&#8230;<br \/>\nVersuche jetzt den Beweis daf\u00fcr anzubringen, daf\u00fcr <a href=\"https:\/\/www.sueddeutsche.de\/digital\/prantls-blick-coronavirus-grundrechte-1.4881542\">muss ein Artikel gen\u00fcgen<\/a> und der gesungene Beitrag von <a href=\"https:\/\/www.youtube.com\/watch?v=SkMEhCJFxZo\">Hans S\u00f6llner<\/a>&#8230;<br \/>\nUnd gleich noch etwas von den Antipoden der <b>SZ <\/b>aus dem hohen Norden, <a href=\"https:\/\/www.zeit.de\/kultur\/2020-04\/fluechtlingspolitik-deutschland-aufnahme-kinder-fluechtlingslager-grosse-koalition\">ein Text der ZEIT<\/a>, zu dem man nichts weiter ablassen braucht.<br \/>\nVielleicht noch etwas Zynismus, lasse es aber sein!<\/p>\n","protected":false},"excerpt":{"rendered":"<p>Nun ist der abgebrochene Minipr\u00e4si aus den Rheinauen dran! Habe mich schweren Herzens entschlossen, nicht auf der Ebene des Parteifreundes vom Christsozialisten S\u00f6der, dem CDU-Empork\u00f6mmling Pofalla, zu lustwandeln! Was soll ich aber machen, wenn es mir trotzdem hochkommt und ich Fressen registriere? Ende der Fu\u00dfnote! Wie stellt sich der kauzig Herr, die Vollendung seines grotesken [&hellip;]<\/p>\n","protected":false},"author":6,"featured_media":0,"comment_status":"open","ping_status":"open","sticky":false,"template":"","format":"standard","meta":{"footnotes":""},"categories":[55],"tags":[],"class_list":["post-34415","post","type-post","status-publish","format-standard","hentry","category-alltaeglicher-wahnwitz"],"_links":{"self":[{"href":"https:\/\/zonenklaus.de\/wordpress\/index.php?rest_route=\/wp\/v2\/posts\/34415","targetHints":{"allow":["GET"]}}],"collection":[{"href":"https:\/\/zonenklaus.de\/wordpress\/index.php?rest_route=\/wp\/v2\/posts"}],"about":[{"href":"https:\/\/zonenklaus.de\/wordpress\/index.php?rest_route=\/wp\/v2\/types\/post"}],"author":[{"embeddable":true,"href":"https:\/\/zonenklaus.de\/wordpress\/index.php?rest_route=\/wp\/v2\/users\/6"}],"replies":[{"embeddable":true,"href":"https:\/\/zonenklaus.de\/wordpress\/index.php?rest_route=%2Fwp%2Fv2%2Fcomments&post=34415"}],"version-history":[{"count":2,"href":"https:\/\/zonenklaus.de\/wordpress\/index.php?rest_route=\/wp\/v2\/posts\/34415\/revisions"}],"predecessor-version":[{"id":34417,"href":"https:\/\/zonenklaus.de\/wordpress\/index.php?rest_route=\/wp\/v2\/posts\/34415\/revisions\/34417"}],"wp:attachment":[{"href":"https:\/\/zonenklaus.de\/wordpress\/index.php?rest_route=%2Fwp%2Fv2%2Fmedia&parent=34415"}],"wp:term":[{"taxonomy":"category","embeddable":true,"href":"https:\/\/zonenklaus.de\/wordpress\/index.php?rest_route=%2Fwp%2Fv2%2Fcategories&post=34415"},{"taxonomy":"post_tag","embeddable":true,"href":"https:\/\/zonenklaus.de\/wordpress\/index.php?rest_route=%2Fwp%2Fv2%2Ftags&post=34415"}],"curies":[{"name":"wp","href":"https:\/\/api.w.org\/{rel}","templated":true}]}}