{"id":34422,"date":"2020-04-26T21:30:44","date_gmt":"2020-04-26T20:30:44","guid":{"rendered":"https:\/\/zonenklaus.de\/wordpress\/?p=34422"},"modified":"2020-12-10T02:17:20","modified_gmt":"2020-12-10T01:17:20","slug":"ich-sei-gewaehrt-mir-die-bitte-in-eurem-bunde-der-dritte","status":"publish","type":"post","link":"https:\/\/zonenklaus.de\/wordpress\/?p=34422","title":{"rendered":"\u201eIch sei, gew\u00e4hrt mir die Bitte, in eurem Bunde der Dritte!&#8221;"},"content":{"rendered":"<p>Manchmal triefe ich auch ganz sch\u00f6n, fiel mir doch vor zwei Tagen ein, was macht denn der oberste <a href=\"https:\/\/www.br.de\/nachrichten\/bayern\/br24live-soeder-und-kretschmann-stimmen-corona-kurs-ab,RwycXQD\">Chlorophyllmarxist aus dem W\u00fcrttembergischen<\/a> da unten?<br \/>\nWie ist denn sein anti-f\u00f6deralistisches Demokratie-Gehabe nun zu verstehen?<br \/>\nWill er als Keil zwischen S\u00f6der und Laschet fungieren oder ist Winne Kretschmann als neuerlicher Trittbrettfahrer auf<em> d\u00b4e Kanzlerkandidateneisenbahne<\/em> drauf gesprungen? Versucht in dem Zusammenhang aber mit seinem bajuwarischen Nachbarn eine Zweckkoalition gegen den NRWisten zu schmieden, um ihn perspektivisch eiskalt abzuservieren? Sich nebenher auch noch auf den gr\u00f6\u00dfenwahnsinnigen Trip zu begeben, erst S\u00f6der \u00fcber die Klinge springen lassen, danach die Frau Kanzler zu beerben&#8230;<br \/>\n<!--more-->Letztlich wird er aber im selben Moment einem identischen Sachverhalt gegen\u00fcberstehen, wie S\u00f6der. Denn die Republik will weder einen Bazi als Nummer <strong>III<\/strong> in der protokollarischen Rangordnung, eben sowenig einen aus dem Musterl\u00e4ndle&#8230;<br \/>\n<a href=\"https:\/\/zonenklaus.de\/wordpress\/wp-content\/uploads\/2020\/04\/JE-SUIS-CORONIX-.jpg\"><img loading=\"lazy\" decoding=\"async\" class=\"alignleft size-thumbnail wp-image-34229\" src=\"https:\/\/zonenklaus.de\/wordpress\/wp-content\/uploads\/2020\/04\/JE-SUIS-CORONIX--124x150.jpg\" alt=\"\" width=\"124\" height=\"150\" srcset=\"https:\/\/zonenklaus.de\/wordpress\/wp-content\/uploads\/2020\/04\/JE-SUIS-CORONIX--124x150.jpg 124w, https:\/\/zonenklaus.de\/wordpress\/wp-content\/uploads\/2020\/04\/JE-SUIS-CORONIX--248x300.jpg 248w, https:\/\/zonenklaus.de\/wordpress\/wp-content\/uploads\/2020\/04\/JE-SUIS-CORONIX-.jpg 600w\" sizes=\"auto, (max-width: 124px) 100vw, 124px\" \/><\/a>Egal was ihm da alles noch einfallen sollte, betreffs seiner seltsamen Donquichotterien gegen die vermeintliche Pandemie, daf\u00fcr m\u00fcsste sie allerdings erst mal akkurat zum Ausbruch kommen!<br \/>\nSolche beabsichtigten <a href=\"https:\/\/www.gmx.net\/magazine\/news\/coronavirus\/baden-wuerttemberg-kuenftig-symptomfreie-menschen-corona-testen-34649482\">Rosst\u00e4uschereien<\/a> erinnern lediglich an unendlich lautes Pfeifen im medialen Bl\u00e4tterw\u00e4ldern.<br \/>\nAllerdings k\u00f6nnte in Talkshows, ein durchtriebener J\u00e4ger, in vorderster Front eines Studios, auch den praktischen Nachweis erbringen, wie man s\u00e4mtlicher Viren sofort Herr werden k\u00f6nnte. Jener hartn\u00e4ckige Kreuzzug lie\u00dfe sich die ganze Zeit, sogar formvollendet darstellen, im Angesicht vom Talk-Master<sup><b>*IN usw.<\/b><\/sup>, den anwesenden E<i>ks<\/i>perten und den geistig unterern\u00e4hrten Claqueuren.<br \/>\nIndem der einzig wahre Akteur dabei auf dem Kopf steht und s\u00e4mtliche dort herum flirrenden Coronaflippies, geschickt mit seinem nackten Arsch f\u00e4ngt&#8230;<br \/>\nBei dem angek\u00fcndigten sommerlichen Steppenwetter sehe ich f\u00fcr die n\u00e4chsten Wochen keine Probleme. So k\u00f6nnte doch ein halbj\u00e4hrliches soziales Jahr eingef\u00fchrt werden und nach einer kurzen Einweisung, lie\u00dfen sich bestimmt viele saisonale Spargelstecher aus S\u00fcdosteuropa auch noch zu dem anschlie\u00dfenden Job eines Virenj\u00e4gers \u00fcberreden. Dann allerdings mit staatlicher Besoldung, weit \u00fcber dem sklavischen Mindestlohn!<\/p>\n<p>Das <a href=\"https:\/\/www.zdf.de\/nachrichten\/heute-journal\/heute-journal-vom-26-april-2020-100.html\"><b>heute journal vom 26.04.2020<\/b><\/a>, war so lustig, dass ich mich gerade noch zu den ersten 13 Minuten durchringen konnte&#8230;<br \/>\nBis dato durften folgende Auguren<sup><b>*INNEN usw.<\/b><\/sup> etwas ablassen: <b>Jo Stamp FDP, Familienminister NRW<\/b><i> &#8211; <\/i>da kam nichts weltbewegendes bei heraus<br \/>\n<b>Kristina Schr\u00f6der CDU, eh. Familienminiserin<\/b><i> &#8211;<\/i> wie \u00fcblich, lie\u00df sie ihr Zeug fast nur im Konjunktiv ab<br \/>\n<b>Manu Schwesig SPD Minipr\u00e4si Meck-Vorpo <\/b><i>&#8211; <\/i>wichtigtuerisches Sprechblasenimplosionen<br \/>\nWobei ich wieder ganz bestimmte Reizworte registrierte, nach deren Verwendung solche Leute bei mir, bis in die Unendlichkeit verschissen haben. Zweimal fiel unsinniger weise <b>\u201evalide\u201c<\/b> und wesentlich mehr bringt mich <b>\u201esukzessive\u201c<\/b> zu Kotzen, dies musste zum Schluss unbedingt noch rein<\/p>\n","protected":false},"excerpt":{"rendered":"<p>Manchmal triefe ich auch ganz sch\u00f6n, fiel mir doch vor zwei Tagen ein, was macht denn der oberste Chlorophyllmarxist aus dem W\u00fcrttembergischen da unten? Wie ist denn sein anti-f\u00f6deralistisches Demokratie-Gehabe nun zu verstehen? Will er als Keil zwischen S\u00f6der und Laschet fungieren oder ist Winne Kretschmann als neuerlicher Trittbrettfahrer auf d\u00b4e Kanzlerkandidateneisenbahne drauf gesprungen? Versucht [&hellip;]<\/p>\n","protected":false},"author":6,"featured_media":0,"comment_status":"open","ping_status":"open","sticky":false,"template":"","format":"standard","meta":{"footnotes":""},"categories":[55],"tags":[],"class_list":["post-34422","post","type-post","status-publish","format-standard","hentry","category-alltaeglicher-wahnwitz"],"_links":{"self":[{"href":"https:\/\/zonenklaus.de\/wordpress\/index.php?rest_route=\/wp\/v2\/posts\/34422","targetHints":{"allow":["GET"]}}],"collection":[{"href":"https:\/\/zonenklaus.de\/wordpress\/index.php?rest_route=\/wp\/v2\/posts"}],"about":[{"href":"https:\/\/zonenklaus.de\/wordpress\/index.php?rest_route=\/wp\/v2\/types\/post"}],"author":[{"embeddable":true,"href":"https:\/\/zonenklaus.de\/wordpress\/index.php?rest_route=\/wp\/v2\/users\/6"}],"replies":[{"embeddable":true,"href":"https:\/\/zonenklaus.de\/wordpress\/index.php?rest_route=%2Fwp%2Fv2%2Fcomments&post=34422"}],"version-history":[{"count":3,"href":"https:\/\/zonenklaus.de\/wordpress\/index.php?rest_route=\/wp\/v2\/posts\/34422\/revisions"}],"predecessor-version":[{"id":35668,"href":"https:\/\/zonenklaus.de\/wordpress\/index.php?rest_route=\/wp\/v2\/posts\/34422\/revisions\/35668"}],"wp:attachment":[{"href":"https:\/\/zonenklaus.de\/wordpress\/index.php?rest_route=%2Fwp%2Fv2%2Fmedia&parent=34422"}],"wp:term":[{"taxonomy":"category","embeddable":true,"href":"https:\/\/zonenklaus.de\/wordpress\/index.php?rest_route=%2Fwp%2Fv2%2Fcategories&post=34422"},{"taxonomy":"post_tag","embeddable":true,"href":"https:\/\/zonenklaus.de\/wordpress\/index.php?rest_route=%2Fwp%2Fv2%2Ftags&post=34422"}],"curies":[{"name":"wp","href":"https:\/\/api.w.org\/{rel}","templated":true}]}}