{"id":34425,"date":"2020-04-27T22:35:33","date_gmt":"2020-04-27T21:35:33","guid":{"rendered":"https:\/\/zonenklaus.de\/wordpress\/?p=34425"},"modified":"2020-04-27T23:46:34","modified_gmt":"2020-04-27T22:46:34","slug":"was-bliebe-uns-eigentlich-uebrig-ohne-die-weltweiten-corona-ausduenstungen-und-deren-weichgespuelten-folgen","status":"publish","type":"post","link":"https:\/\/zonenklaus.de\/wordpress\/?p=34425","title":{"rendered":"Was bliebe UNS eigentlich \u00fcbrig, ohne die weltweiten Corona-Ausd\u00fcnstungen und deren weichgesp\u00fclten Folgen?"},"content":{"rendered":"<p>Wenn ich ehrlich sein sollte, mich interessieren die t\u00e4glichen <i>Todesmeldungen <\/i>nicht die Bohne.<br \/>\nDabei will sich aber auch keine tiefgr\u00fcndige Freude<i> <\/i>breitmachen, nur weil dieser Kelch wiedermal an mir vorbeischrammte.<br \/>\nLasse in dem Moment aber anderen neidlos den Vortritt, ist doch verst\u00e4ndlich?<br \/>\nOder?<br \/>\nWelchen Vorteil h\u00e4tte ich gerade jetzt davon, den Arsch zuzukneifen?<br \/>\nLediglich den, etwas l\u00e4nger tot zu sein.<br \/>\nAuf jene Kleinigkeit, wird versuchsweise noch ein Weilchen verzichtet, gebe mir jedenfalls etwas M\u00fche.<br \/>\nSchon deshalb, weil eine ganz andere Art von Pandemie rasant an Boden gewinnt und die ist wirklich wesentlich gef\u00e4hrlicher, weil sie <i>sukzessive <\/i>vollkommen unbemerkt, aber <i>valide<\/i> in einer <i>nachhaltigen<\/i> Art schon \u00fcberall verstohlen grassiert, deren abgefeimte Kultivierung gerade einen immensen Anschub erf\u00e4hrt!<br \/>\nDaf\u00fcr aber von s\u00e4mtlichen kommenden Generationen artig gehegt und gepflegt wird&#8230;<br \/>\n<strong>M<\/strong>eine damit die menschliche Dummheit<strong>!<\/strong><br \/>\nZu diesem Zweck gibt es \u00fcberall Freibriefe.<br \/>\nDeshalb kann ein analphabetischer Sickergrubenreiniger aus den Slums von Bombay, genauso seinen Senf ablassen, wie beliebige hoch oben schwebende Kleingeister in unseren Gefilden, wobei der indische Landsmann kein irgendwie geartetes Leid anrichten kann, zumindest keinen dauerhaften Schaden, was s\u00e4mtliche Medien von den hiesigen Staren zwingend erwarten.<br \/>\n<a href=\"https:\/\/zonenklaus.de\/wordpress\/wp-content\/uploads\/2020\/04\/JE-SUIS-CORONIX-.jpg\"><img loading=\"lazy\" decoding=\"async\" class=\"alignleft size-thumbnail wp-image-34229\" src=\"https:\/\/zonenklaus.de\/wordpress\/wp-content\/uploads\/2020\/04\/JE-SUIS-CORONIX--124x150.jpg\" alt=\"\" width=\"124\" height=\"150\" srcset=\"https:\/\/zonenklaus.de\/wordpress\/wp-content\/uploads\/2020\/04\/JE-SUIS-CORONIX--124x150.jpg 124w, https:\/\/zonenklaus.de\/wordpress\/wp-content\/uploads\/2020\/04\/JE-SUIS-CORONIX--248x300.jpg 248w, https:\/\/zonenklaus.de\/wordpress\/wp-content\/uploads\/2020\/04\/JE-SUIS-CORONIX-.jpg 600w\" sizes=\"auto, (max-width: 124px) 100vw, 124px\" \/><\/a><\/p>\n<p><a href=\"https:\/\/www.welt.de\/politik\/ausland\/article206571069\/Joschka-Fischer-Das-Coronavirus-wird-uns-alle-veraendern.html\">\u201e<\/a><i><a href=\"https:\/\/www.welt.de\/politik\/ausland\/article206571069\/Joschka-Fischer-Das-Coronavirus-wird-uns-alle-veraendern.html\">Diese Pandemie wird f\u00fcr uns alle eine Menschheitserfahrung sein<\/a>\u201c &#8211; <\/i><b>Woowww! <\/b><br \/>\nWoher nimmt der ehemalige <i>Chlorophyllmarxist<\/i> \u00fcberhaupt selbige Erkenntnis?<br \/>\nSehen kann der doch nichts mehr, weil ihm seine Sehschlitze immer mehr zuwachsen&#8230;<\/p>\n<p>Gleich noch etwas mit seltsamer Verschrobenheit! &#8211; <a href=\"https:\/\/www.tagesspiegel.de\/politik\/tritt-vor-dem-schutz-des-lebens-alles-zurueck-wolfgang-schaeuble-meint-das-richtige-sagt-aber-das-falsche\/25777154.html\"><em>Tritt vor dem Schutz des Lebens alles zur\u00fcck?<\/em><\/a><br \/>\nZwischendurch platzieren die Medienheinze<sup><b>*INNEN usw.<\/b><\/sup> seit Tagen in den irrwitzigen Artikeln, ewig irgendwelche dusseligen Fragen, ungef\u00e4hr so: <i>F\u00fchlen Sie sich in der Corona-Krise ausreichend und transparent informiert?<\/i><\/p>\n<p><b>PS. <\/b>\u201eWer es unternimmt, auf dem Gebiet der Wahrheit und der Erkenntnis als Autorit\u00e4t aufzutreten, scheitert am Gel\u00e4chter der G\u00f6tter.\u201c Albert Einstein<\/p>\n","protected":false},"excerpt":{"rendered":"<p>Wenn ich ehrlich sein sollte, mich interessieren die t\u00e4glichen Todesmeldungen nicht die Bohne. Dabei will sich aber auch keine tiefgr\u00fcndige Freude breitmachen, nur weil dieser Kelch wiedermal an mir vorbeischrammte. Lasse in dem Moment aber anderen neidlos den Vortritt, ist doch verst\u00e4ndlich? Oder? Welchen Vorteil h\u00e4tte ich gerade jetzt davon, den Arsch zuzukneifen? Lediglich den, [&hellip;]<\/p>\n","protected":false},"author":6,"featured_media":0,"comment_status":"open","ping_status":"open","sticky":false,"template":"","format":"standard","meta":{"footnotes":""},"categories":[55],"tags":[],"class_list":["post-34425","post","type-post","status-publish","format-standard","hentry","category-alltaeglicher-wahnwitz"],"_links":{"self":[{"href":"https:\/\/zonenklaus.de\/wordpress\/index.php?rest_route=\/wp\/v2\/posts\/34425","targetHints":{"allow":["GET"]}}],"collection":[{"href":"https:\/\/zonenklaus.de\/wordpress\/index.php?rest_route=\/wp\/v2\/posts"}],"about":[{"href":"https:\/\/zonenklaus.de\/wordpress\/index.php?rest_route=\/wp\/v2\/types\/post"}],"author":[{"embeddable":true,"href":"https:\/\/zonenklaus.de\/wordpress\/index.php?rest_route=\/wp\/v2\/users\/6"}],"replies":[{"embeddable":true,"href":"https:\/\/zonenklaus.de\/wordpress\/index.php?rest_route=%2Fwp%2Fv2%2Fcomments&post=34425"}],"version-history":[{"count":4,"href":"https:\/\/zonenklaus.de\/wordpress\/index.php?rest_route=\/wp\/v2\/posts\/34425\/revisions"}],"predecessor-version":[{"id":34429,"href":"https:\/\/zonenklaus.de\/wordpress\/index.php?rest_route=\/wp\/v2\/posts\/34425\/revisions\/34429"}],"wp:attachment":[{"href":"https:\/\/zonenklaus.de\/wordpress\/index.php?rest_route=%2Fwp%2Fv2%2Fmedia&parent=34425"}],"wp:term":[{"taxonomy":"category","embeddable":true,"href":"https:\/\/zonenklaus.de\/wordpress\/index.php?rest_route=%2Fwp%2Fv2%2Fcategories&post=34425"},{"taxonomy":"post_tag","embeddable":true,"href":"https:\/\/zonenklaus.de\/wordpress\/index.php?rest_route=%2Fwp%2Fv2%2Ftags&post=34425"}],"curies":[{"name":"wp","href":"https:\/\/api.w.org\/{rel}","templated":true}]}}