{"id":34553,"date":"2020-05-15T00:47:32","date_gmt":"2020-05-14T23:47:32","guid":{"rendered":"https:\/\/zonenklaus.de\/wordpress\/?p=34553"},"modified":"2020-05-15T00:04:36","modified_gmt":"2020-05-14T23:04:36","slug":"thomas-gottschalk-bekomme-91579-euro-rente","status":"publish","type":"post","link":"https:\/\/zonenklaus.de\/wordpress\/?p=34553","title":{"rendered":"Thomas Gottschalk: Bekomme 915,79 Euro Rente"},"content":{"rendered":"<p>Falls irgendjemand, f\u00fcr das <a href=\"https:\/\/www.t-online.de\/region\/muenchen\/news\/id_87880722\/thomas-gottschalk-bekomme-915-79-euro-rente.html\"><em>s\u00fc\u00dfe<\/em> <\/a><i>Wuschelk\u00f6pfchen,<\/i> ein Spendenkonto einrichten w\u00fcrde, da er ja von Altersarmut bedroht scheint. Ich spendete sofort einige EURONEN, allerdings unter einer Bedingung, auch beim Zappen niemals mehr seine Larve irgendwo sehen zu m\u00fcssen&#8230;<br \/>\nWas jetzt noch angehangen wird, meine ich nat\u00fcrlich nicht so, allerdings handelt es sich dabei um Satire<b>!<\/b><br \/>\nVielleicht beteiligt sich auch Samuel Koch an der Einrichtung eines Antialtersarmutsolidarit\u00e4tskontos f\u00fcr den \u00f6ffentlich\/rechtlichen Quotenschefffoberunterhaltungsheinz Gottschalk. Schlie\u00dflich k\u00f6nnte man in den pausenlos plappernden und k\u00f6rperlich tatschenden <i>Entertainer <\/i>denjenigen sehen, der ihm, <a href=\"https:\/\/zonenklaus.de\/wordpress\/?p=34282&amp;preview_id=34282&amp;preview_nonce=c6135bf102&amp;post_format=standard&amp;_thumbnail_id=-1&amp;preview=true\">bis zu seinem rollenden Lebensende<\/a>, zumindest eine best\u00e4ndige finanzielle Basis bescherte&#8230;<\/p>\n","protected":false},"excerpt":{"rendered":"<p>Falls irgendjemand, f\u00fcr das s\u00fc\u00dfe Wuschelk\u00f6pfchen, ein Spendenkonto einrichten w\u00fcrde, da er ja von Altersarmut bedroht scheint. Ich spendete sofort einige EURONEN, allerdings unter einer Bedingung, auch beim Zappen niemals mehr seine Larve irgendwo sehen zu m\u00fcssen&#8230; Was jetzt noch angehangen wird, meine ich nat\u00fcrlich nicht so, allerdings handelt es sich dabei um Satire! Vielleicht [&hellip;]<\/p>\n","protected":false},"author":6,"featured_media":0,"comment_status":"open","ping_status":"open","sticky":false,"template":"","format":"standard","meta":{"footnotes":""},"categories":[1],"tags":[],"class_list":["post-34553","post","type-post","status-publish","format-standard","hentry","category-allgemeines"],"_links":{"self":[{"href":"https:\/\/zonenklaus.de\/wordpress\/index.php?rest_route=\/wp\/v2\/posts\/34553","targetHints":{"allow":["GET"]}}],"collection":[{"href":"https:\/\/zonenklaus.de\/wordpress\/index.php?rest_route=\/wp\/v2\/posts"}],"about":[{"href":"https:\/\/zonenklaus.de\/wordpress\/index.php?rest_route=\/wp\/v2\/types\/post"}],"author":[{"embeddable":true,"href":"https:\/\/zonenklaus.de\/wordpress\/index.php?rest_route=\/wp\/v2\/users\/6"}],"replies":[{"embeddable":true,"href":"https:\/\/zonenklaus.de\/wordpress\/index.php?rest_route=%2Fwp%2Fv2%2Fcomments&post=34553"}],"version-history":[{"count":1,"href":"https:\/\/zonenklaus.de\/wordpress\/index.php?rest_route=\/wp\/v2\/posts\/34553\/revisions"}],"predecessor-version":[{"id":34554,"href":"https:\/\/zonenklaus.de\/wordpress\/index.php?rest_route=\/wp\/v2\/posts\/34553\/revisions\/34554"}],"wp:attachment":[{"href":"https:\/\/zonenklaus.de\/wordpress\/index.php?rest_route=%2Fwp%2Fv2%2Fmedia&parent=34553"}],"wp:term":[{"taxonomy":"category","embeddable":true,"href":"https:\/\/zonenklaus.de\/wordpress\/index.php?rest_route=%2Fwp%2Fv2%2Fcategories&post=34553"},{"taxonomy":"post_tag","embeddable":true,"href":"https:\/\/zonenklaus.de\/wordpress\/index.php?rest_route=%2Fwp%2Fv2%2Ftags&post=34553"}],"curies":[{"name":"wp","href":"https:\/\/api.w.org\/{rel}","templated":true}]}}