{"id":34663,"date":"2020-06-02T21:26:52","date_gmt":"2020-06-02T20:26:52","guid":{"rendered":"https:\/\/zonenklaus.de\/wordpress\/?p=34663"},"modified":"2020-06-04T01:45:19","modified_gmt":"2020-06-04T00:45:19","slug":"proteste-nach-polizeigewalt-in-den-usa","status":"publish","type":"post","link":"https:\/\/zonenklaus.de\/wordpress\/?p=34663","title":{"rendered":"Proteste nach Polizeigewalt in den USA"},"content":{"rendered":"<p>George Floyd laut Anwalt \u201ezu Tode gefoltert\u201c &#8211; Sohn tritt vor die Presse: \u201eWir wollen Gerechtigkeit\u201c<br \/>\n\u201e<i>&#8230;wir m\u00fcssen jetzt die B\u00fcrgerrechte der Schwarzen wieder herstellen, sie aufrecht erhalten&#8230;\u201c<\/i><br \/>\nNach jenen Worten kann ich in der <a href=\"https:\/\/zonenklaus.de\/wordpress\/wp-content\/uploads\/2020\/06\/B-I-D-E-N.mp3\">Pr\u00e4sidentschaftskandidatenmumie<\/a> nur einen merkw\u00fcrdigen Witzbold erkennen. Wo hat er denn B\u00fcrgerrechte f\u00fcr Schwarze schon mal registriert? Wo nichts war, kann folglich auch nichts wieder hergestellt werden und schon gar nicht aufrecht erhalten werden!<br \/>\nZwar wurde 1865, nach der <a href=\"https:\/\/zonenklaus.de\/wordpress\/?p=12521\">Niederlagen der Konf\u00f6derierten Staaten von Amerika<\/a>, auf dem Papier die Sklaverei im S\u00fcden abgeschafft und den Betroffenen gewisse Rechte offeriert, ansonsten blieb der Rassenwahn sogar in aller \u00d6ffentlichkeit erhalten, allerdings weichgesp\u00fclt kultiviert, auf eine recht merkw\u00fcrdig anmutende demokratische Art und Weise.<br \/>\nUnterm Strich blieb nach dem B\u00fcrgerkrieg, lediglich eine beharrliche Traumatisierung auf beiden Seiten \u00fcbrig, die alle immer noch entsprechend hegen und pflegen. Und es ist kein Ende abzusehen, dass sich jemals etwas zu Gunsten einer Problembew\u00e4ltigung im humanistischen Sinne bewegen wird.<strong>*<\/strong><br \/>\nDies belegt doch schon <a href=\"https:\/\/www.merkur.de\/welt\/usa-george-floyd-tot-details-derek-chauvin-todesursache-autopsie-schwarz-trump-proteste-minneapolis-polizist-zr-13782711.html\">die erste Autopsie<\/a> &#8211; ein Gef\u00e4lligkeitsgutachten in Richtung der Cops, wenn von einer <i>Vorerkrankungen und Rauschmittel im Blut <\/i>des Get\u00f6teten gesprochen wurde und man das <i>Festhalten bei der Festnahme <\/i>lediglich als eine von mehreren Todesursachen einordnete.<br \/>\nSchon klar, jene Aussage passt doch zu dem <i>aggressiven Nigger<\/i>, wie die Faust aufs Auge.<br \/>\n<i>Wie ein Anwalt in Minneapolis gestern mitteilte, ergab die zweite Autopsie durch einen unabh\u00e4ngigen Gerichtsmediziner ein v\u00f6llig anderes Ergebnis. &#8220;Erstickung durch anhaltenden Druck\u201c sei die Todesursache, durch Druck auf Floyds Nacken sei die Blutzufuhr zum Gehirn unterbrochen worden; Druck auf Floyds R\u00fccken habe eine Ausweitung der Lunge verhindert. Diese Ergebnisse widersprechen damit klar der ersten Autopsie, Die Ergebnisse der zweiten Obduktion d\u00fcrften auch Auswirkungen auf die Anklage der beteiligten Polizisten haben.<\/i><br \/>\nEnden wird alles mit einem identischen Ausgang, wie 1968 &#8211; nur hatten die Amis damals keinen <i>so durchgeknallten<\/i> Pr\u00e4sidenten&#8230;<\/p>\n<p align=\"CENTER\"><span style=\"font-family: Times New Roman, serif;\"> \u2045<\/span>Wenn die Geschichte sich wiederholt und immer das Unerwartete geschieht, wie unf\u00e4hig muss der Mensch sein, durch Erfahrung klug zu werden. <span style=\"font-size: xx-small;\"><b>(<\/b><\/span><span style=\"font-size: xx-small;\">George Bernard Shaw<\/span><span style=\"font-size: xx-small;\"><b>)<\/b><\/span><span style=\"font-family: Times New Roman, serif;\"><span style=\"font-size: medium;\"><b>\u2046<\/b><\/span><\/span><\/p>\n<p><!--more-->Glaubt Obama eigentlich an den nichtssagenden Inhalt seiner Sprechblasen?<br \/>\n<a href=\"https:\/\/www.tagesschau.de\/ausland\/proteste-usa-139.html\"><i>&#8220;Wut f\u00fcr Ver\u00e4nderungen nutzen&#8221;<\/i><\/a><br \/>\n<i>Der fr\u00fchere US-Pr\u00e4sident Barack Obama rief dazu auf, berechtigte Wut \u00fcber Missst\u00e4nde im Land auf friedliche Weise f\u00fcr echte Ver\u00e4nderungen zu nutzen. Dann k\u00f6nne dieser Moment ein wirklicher Wendepunkt werden. Die Proteste seien Ausdruck einer echten und legitimen Entt\u00e4uschung \u00fcber ein &#8220;jahrzehntelanges Versagen&#8221; bei der Reform von Polizei und Strafjustiz in den Vereinigten Staaten. Am Ende m\u00fcssten Forderungen aber in Gesetze und institutionelles Handeln \u00fcbertragen werden.<\/i><br \/>\n<i>Obama forderte von den Demonstranten, auf Gewalt zu verzichten. Wer wolle, dass die Strafjustiz und die amerikanische Gesellschaft insgesamt h\u00f6heren ethischen Ma\u00dfst\u00e4ben folgt, der m\u00fcsse diese Ma\u00dfst\u00e4be selbst vorleben.<\/i><br \/>\nDa ich es rein theoretisch mit dem Alten Testament halte und jenem Auge um Augen, Zahn um Zahn, sehe ich es nat\u00fcrlich etwas anders. Obama wird ja auch der Meinung sein, wenn dir jemand in die Fresse schl\u00e4gt, dann halte ihm flugs noch die andere Seite hin! Warum sollte man sich diesem Bl\u00f6dsinn eigentlich hingeben? Vielleicht h\u00e4tte dies <em>George Floyd<\/em> auch liebend gern getan, nun lag er zu seinem Leidwesen aber auch sehr ung\u00fcnstig&#8230;<br \/>\nWegen der grassierenden Corona-Pandemie, gut, dass es sie gibt &#8211; nur deshalb verzeihe ich dem Ex-Pr\u00e4si sogar.<br \/>\nVielleicht sollte Barack im Moment mal dar\u00fcber nachdenken, wie viel seiner pigmentierten Mitmenschen eigentlich noch umgelegt werden m\u00fcssen, dass sich mal etwas entscheidendes \u00e4ndert im menschlichen Miteinander! Wobei es sich letztlich um einen unrealistischen, aber sehr frommen Wunsch handelt, welchen sehr viele Generationen in den n\u00e4chsten Jahrhunderte nicht umsetzen werden&#8230;<br \/>\nMensch Junge, kurzfristig sind viele Leute endlich mal aus ihren apathischen Monotonie, zwischen Fastfood und anderen lebenst\u00f6tenden Langweiligkeiten, erwacht! Weshalb f\u00e4llt dir gerade jetzt, in diesem unpassenden Moment ein, an deren immer noch latent vorhandenen <i>Onkel-Tom-Syndrom<\/i>, zu appellieren?<\/p>\n<p><strong>*<\/strong><span style=\"font-size: medium;\">Vor fast 60 Jahren gab es im Heim nur ein vern\u00fcnftiges Buch. Es handelte sich um: <\/span><a href=\"https:\/\/de.wikipedia.org\/wiki\/Stetson_Kennedy\"><span style=\"font-size: medium;\"><i>Ich ritt mit dem Ku-Klux-Klan, <\/i><\/span><\/a><span style=\"font-size: medium;\">von<\/span><i> <\/i>Stetson Kennedy. Der Inhalt war f\u00fcr mich immer irgendwie eine Richtschnur, um zu beobachten, was im Amiland passierte. Da hat sich nicht viel ver\u00e4ndert, im Gegenteil&#8230;<\/p>\n","protected":false},"excerpt":{"rendered":"<p>George Floyd laut Anwalt \u201ezu Tode gefoltert\u201c &#8211; Sohn tritt vor die Presse: \u201eWir wollen Gerechtigkeit\u201c \u201e&#8230;wir m\u00fcssen jetzt die B\u00fcrgerrechte der Schwarzen wieder herstellen, sie aufrecht erhalten&#8230;\u201c Nach jenen Worten kann ich in der Pr\u00e4sidentschaftskandidatenmumie nur einen merkw\u00fcrdigen Witzbold erkennen. Wo hat er denn B\u00fcrgerrechte f\u00fcr Schwarze schon mal registriert? Wo nichts war, kann [&hellip;]<\/p>\n","protected":false},"author":6,"featured_media":0,"comment_status":"open","ping_status":"open","sticky":false,"template":"","format":"standard","meta":{"footnotes":""},"categories":[55],"tags":[],"class_list":["post-34663","post","type-post","status-publish","format-standard","hentry","category-alltaeglicher-wahnwitz"],"_links":{"self":[{"href":"https:\/\/zonenklaus.de\/wordpress\/index.php?rest_route=\/wp\/v2\/posts\/34663","targetHints":{"allow":["GET"]}}],"collection":[{"href":"https:\/\/zonenklaus.de\/wordpress\/index.php?rest_route=\/wp\/v2\/posts"}],"about":[{"href":"https:\/\/zonenklaus.de\/wordpress\/index.php?rest_route=\/wp\/v2\/types\/post"}],"author":[{"embeddable":true,"href":"https:\/\/zonenklaus.de\/wordpress\/index.php?rest_route=\/wp\/v2\/users\/6"}],"replies":[{"embeddable":true,"href":"https:\/\/zonenklaus.de\/wordpress\/index.php?rest_route=%2Fwp%2Fv2%2Fcomments&post=34663"}],"version-history":[{"count":2,"href":"https:\/\/zonenklaus.de\/wordpress\/index.php?rest_route=\/wp\/v2\/posts\/34663\/revisions"}],"predecessor-version":[{"id":34666,"href":"https:\/\/zonenklaus.de\/wordpress\/index.php?rest_route=\/wp\/v2\/posts\/34663\/revisions\/34666"}],"wp:attachment":[{"href":"https:\/\/zonenklaus.de\/wordpress\/index.php?rest_route=%2Fwp%2Fv2%2Fmedia&parent=34663"}],"wp:term":[{"taxonomy":"category","embeddable":true,"href":"https:\/\/zonenklaus.de\/wordpress\/index.php?rest_route=%2Fwp%2Fv2%2Fcategories&post=34663"},{"taxonomy":"post_tag","embeddable":true,"href":"https:\/\/zonenklaus.de\/wordpress\/index.php?rest_route=%2Fwp%2Fv2%2Ftags&post=34663"}],"curies":[{"name":"wp","href":"https:\/\/api.w.org\/{rel}","templated":true}]}}