{"id":34695,"date":"2020-06-19T22:21:49","date_gmt":"2020-06-19T21:21:49","guid":{"rendered":"https:\/\/zonenklaus.de\/wordpress\/?p=34695"},"modified":"2020-06-20T11:00:44","modified_gmt":"2020-06-20T10:00:44","slug":"was-ist-dies-ueberhaupt-fuer-eine-partei-in-der-jemand-wie-philipp-amthor-bis-zuletzt-als-aufsteiger-und-hoffnungstraeger-galt","status":"publish","type":"post","link":"https:\/\/zonenklaus.de\/wordpress\/?p=34695","title":{"rendered":"Was ist dies \u00fcberhaupt f\u00fcr eine Partei, in der jemand wie Philipp Amthor bis zuletzt als &#8220;Aufsteiger&#8221; und &#8220;Hoffnungstr\u00e4ger&#8221; galt?"},"content":{"rendered":"<p>Eigentlich er\u00fcbrigt sich diese Frage!<br \/>\nSchlie\u00dflich hat Mutti auch eine beispiellose Karriere hinlegen d\u00fcrfen, von einer <i>knallroten Zecke<\/i> in der Zone, bin hin zu ihrer 16 Jahre andauernden Kanzlerschaft.<br \/>\nWobei sich in jedem Kleingartenverein dieser Republik, solcherart Figuren tummeln, bei denen man sich relativ schnell fragt, wie war es \u00fcberhaupt m\u00f6glich, dass sie pl\u00f6tzlich in solchen Positionen landeten.<br \/>\nWas letztlich seit Jahrzehnten bereits, nach dem Zerfall beider Machtbl\u00f6cke, sogar als weltweit verbreitetes Ph\u00e4nomen angesehen werden muss und kein Ende abzusehen ist. Im Gegenteil, an allen Ecken UNSERER <i>Erdenscheibe<\/i>, tauchen immer mehr Kompetenzsimulanten auf! Welche sich zwanghaft in Politik versuchen wollen und jene aberwitzigen Zeremonien gehen dabei vollkommen identisch vonstatten. Daf\u00fcr sorgen zwangsl\u00e4ufig jene ausgebufften <i>demokraturischen<\/i> Machenschaften im Vorfeld, welche schlie\u00dflich mit euphorisch vorgegaukelten Veitst\u00e4nze der <i>treudoofen<\/i> Mitl\u00e4ufer enden, w\u00e4hrend alle gemeinschaftlich der siegestrunkenen Verz\u00fcckung erliegen, wenn der neue Machthaber endlich auf den Schild der Macht gehievt wurde&#8230;<br \/>\nLustig pr\u00e4sentieren sich manchmal solche<i> aufsteigenden Komiker<\/i>, die innerlich f\u00fcr eine Idee entflammen, der sie bei n\u00e4herer Betrachtungsweise, von Anbeginn niemals gewachsen waren und sie deshalb zwangsl\u00e4ufig vor Begeisterung tragisch vergl\u00fchen.<br \/>\n<a href=\"https:\/\/www.morgenweb.de\/mannheimer-morgen_artikel,-politik-amthor-blaest-kandidatur-ab-_arid,1653014.html\">Philipp Amthor<\/a> ist momentan lediglich ins Straucheln gekommen,! Nun sollte man ihm zwingend ein Bein stellen, dass der <i>Aufsteiger <\/i>zu einem <i>nachhaltiger Absteiger<\/i> mutiert, ebenso aus dem <i>Hoffnungstr\u00e4ger<\/i> der CDU, ein <i>hoffnungsloser Fall <\/i>wird!<br \/>\nSelbige Aufgabe k\u00f6nnten nur Bekannte aus alten Tagen \u00fcbernehmen, wenn sie tiefgr\u00fcndiger aus dem N\u00e4hk\u00e4stchen fr\u00fcherer Zeiten plaudern w\u00fcrden, z. B. mit dem Hashtag <b>#Mutters\u00f6hnchenPA<\/b>, k\u00f6nnten Nachrichten und Inhalte aus vergangenen Tagen publik gemacht werden. Denn, wer sich so grenzenlos doof verh\u00e4lt, hat wahrscheinlich noch <i>ganz anderen primitiven Unrat<\/i> am Stecken und muss folglich von politischen Machenschaften ferngehalten werden!<br \/>\n<a href=\"https:\/\/www.merkur.de\/politik\/corona-nrw-armin-laschet-toennies-rumaenen-bulgaren-guetersloh-kanzler-spd-maas-vorwuerfe-zr-13803329.html\">Laschet<\/a> scheint vom gleichen Format zu sein und hoffentlich hat sich mit seinem losen Mundwerk, die Kanzler-Affektiertheit damit erledigt. Da kann sein treuer <a href=\"https:\/\/www.t-online.de\/nachrichten\/deutschland\/id_88084494\/-nicht-alle-tassen-im-schrank-nrw-minister-reagiert-wuetend-auf-laschet-kritik.html\">FDP-Adlatus<\/a> noch so knauen! Der hatte sich nach Laschets Weggang bestimmt schon h\u00f6here Weihen ausgerechnet&#8230;<\/p>\n","protected":false},"excerpt":{"rendered":"<p>Eigentlich er\u00fcbrigt sich diese Frage! Schlie\u00dflich hat Mutti auch eine beispiellose Karriere hinlegen d\u00fcrfen, von einer knallroten Zecke in der Zone, bin hin zu ihrer 16 Jahre andauernden Kanzlerschaft. Wobei sich in jedem Kleingartenverein dieser Republik, solcherart Figuren tummeln, bei denen man sich relativ schnell fragt, wie war es \u00fcberhaupt m\u00f6glich, dass sie pl\u00f6tzlich in [&hellip;]<\/p>\n","protected":false},"author":6,"featured_media":0,"comment_status":"open","ping_status":"open","sticky":false,"template":"","format":"standard","meta":{"footnotes":""},"categories":[55],"tags":[],"class_list":["post-34695","post","type-post","status-publish","format-standard","hentry","category-alltaeglicher-wahnwitz"],"_links":{"self":[{"href":"https:\/\/zonenklaus.de\/wordpress\/index.php?rest_route=\/wp\/v2\/posts\/34695","targetHints":{"allow":["GET"]}}],"collection":[{"href":"https:\/\/zonenklaus.de\/wordpress\/index.php?rest_route=\/wp\/v2\/posts"}],"about":[{"href":"https:\/\/zonenklaus.de\/wordpress\/index.php?rest_route=\/wp\/v2\/types\/post"}],"author":[{"embeddable":true,"href":"https:\/\/zonenklaus.de\/wordpress\/index.php?rest_route=\/wp\/v2\/users\/6"}],"replies":[{"embeddable":true,"href":"https:\/\/zonenklaus.de\/wordpress\/index.php?rest_route=%2Fwp%2Fv2%2Fcomments&post=34695"}],"version-history":[{"count":3,"href":"https:\/\/zonenklaus.de\/wordpress\/index.php?rest_route=\/wp\/v2\/posts\/34695\/revisions"}],"predecessor-version":[{"id":34698,"href":"https:\/\/zonenklaus.de\/wordpress\/index.php?rest_route=\/wp\/v2\/posts\/34695\/revisions\/34698"}],"wp:attachment":[{"href":"https:\/\/zonenklaus.de\/wordpress\/index.php?rest_route=%2Fwp%2Fv2%2Fmedia&parent=34695"}],"wp:term":[{"taxonomy":"category","embeddable":true,"href":"https:\/\/zonenklaus.de\/wordpress\/index.php?rest_route=%2Fwp%2Fv2%2Fcategories&post=34695"},{"taxonomy":"post_tag","embeddable":true,"href":"https:\/\/zonenklaus.de\/wordpress\/index.php?rest_route=%2Fwp%2Fv2%2Ftags&post=34695"}],"curies":[{"name":"wp","href":"https:\/\/api.w.org\/{rel}","templated":true}]}}