{"id":34908,"date":"2020-07-28T22:14:58","date_gmt":"2020-07-28T21:14:58","guid":{"rendered":"https:\/\/zonenklaus.de\/wordpress\/?p=34908"},"modified":"2020-08-22T22:23:37","modified_gmt":"2020-08-22T21:23:37","slug":"was-soll-ich-unter-covid-19-eigentlich-verstehen","status":"publish","type":"post","link":"https:\/\/zonenklaus.de\/wordpress\/?p=34908","title":{"rendered":"Was soll ich unter Covid-19 eigentlich verstehen?"},"content":{"rendered":"<p>Beginne mit dem Wort zum Tage, aus der heutigen <i>Berliner Zeitung<\/i>, von <i>Harald Lesch, Astrophysiker und Journalist<\/i><i><b>, \u00fcber den Umstand, dass die Finanzwirtschaft von der Corona-Krise bislang profitiert.<\/b><\/i><br \/>\n\u201e<i><b>Wenn Au\u00dferirdische jetzt unseren Planeten besuchen w\u00fcrden &#8211; sie w\u00fcrden gleich wieder umdrehen, weil sie denken w\u00fcrden: Die sind nicht ganz dicht.\u201c<\/b><\/i><br \/>\n<i><b>&#8211; <\/b><\/i>Vertauschte allerdings beide S\u00e4tze!<br \/>\nDer <a href=\"http:\/\/Was soll ich unter Covid 19 eigentlich verstehen? Beginne mit dem Wort zum Tage, aus der heutigen Berliner Zeitung, von Harald Lesch, Astrophysiker und Journalist, \u00fcber den Umstand, dass die Finanzwirtschaft von der Corona-Krise bislang profitiert. \u201eWenn Au\u00dferirdische jetzt unseren Planeten besuchen w\u00fcrden - sie w\u00fcrden gleich wieder umdrehen, weil sie denken w\u00fcrden: Die sind nicht ganz dicht.\u201c - Vertauschte allerdings beide S\u00e4tze! Der BZ-Aufmacher lautet: 51 neue Corona-F\u00e4lle in Berlin - R-Wert im roten Bereich Irgendwann kommen sie zwischendurch mit Statistik: Die Zahl der Toten bleibt bei 223. Die verstorbenen Patienten staffeln sich nach Altersgruppen wie folgt: drei der Verstorbenen waren 40 bis 49 Jahre alt, zw\u00f6lf 50 bis 59 Jahre alt, 24 verstorbene Patienten waren 60 bis 69 Jahre alt, 62 der Verstorbenen waren 70 bis 79 Jahre alt, 83 waren 80 bis 89 Jahre alt und 39 verstorbene Patienten waren 90 Jahre und \u00e4lter. Der Altersmedian der Verstorbenen liegt bei 81 Jahren. Was bringt es nach der Statistik eigentlich noch, wenn man die bestimmten S\u00e4tze aus dem Interview vom T\u00fcbinger Oberb\u00fcrgermeister Boris Palmer (Chloroph\u00fcllmarxist) \u00fcber die t\u00f6dliche Auswirkungen des Lockdowns noch weiter zerfleddert? Palmer forderte erneut eine Lockerung der Corona-Ma\u00dfnahmen und w\u00e4hlte dabei drastische Worte. &quot;Ich sage es Ihnen mal ganz brutal: Wir retten in Deutschland m\u00f6glicherweise Menschen, die in einem halben Jahr sowieso tot w\u00e4ren&quot;, sagte der Gr\u00fcnenpolitiker... Was ist an seiner Aussage eigentlich so falsch? Gerade wurde an den ersten Auftritt von Corona-Flippies, vor einem halben Jahr, sehr merkw\u00fcrdig erinnert. Wer sich da alles zum Thema einen von der Palme wedelte, war schlicht nicht zum aushalten! Aber auch nach sechs Monaten, ist mir immer noch nicht klar geworden, um was es sich da \u00fcberhaupt handelt! Gut, es soll sich um eine Pandemie handeln und dann und wann bei\u00dfen auch Leute ins Gras, mal mehr, mal weniger... Eine ernstzunehmende medizinische Abhandlung fand ich bisher nirgendwo, immer wieder st\u00fcrmen Nasen vor und publizieren irgendwelchen Schei\u00df, der f\u00fcr sich selber spricht und letztendlich das absolut Gelbe vom Ei darstellen soll, oftmals allerdings nur vollkommene Gegenl\u00e4ufigkeit wiedergibt. In vorderster Front lungern nat\u00fcrlich permanent irgendwelche wichtigtuerischen Volksvertreter vor den Kameras herum. Wenn es nicht so traurig w\u00e4re, beginnend bei den vielen Quotenblondinen in Probierpolitiker\u00adfunktionen, wee\u00df nich. Ist unter den M\u00e4nnchen nicht viel anders, deren graduell abgestufte Wich\u00adtigkeiten, was ehemals zu vermutenden Erscheinungsbilder betreffen, da ist nichts mehr viel mit \u1f04\u03bb\u03c6\u03b1-Bedeutsamkeiten zufinden, sie w\u00fcrden sich zwar immer noch sehr gern so sehen wollen, dies ist aber schon lange nicht mehr angesagt! Die Masse hat es sich im Mittelfeld bequem gemacht und tendiert au\u00dferdem in Richtung \u03a9\u03bc\u03ad\u03b3\u03b1!\"><i><b>BZ<\/b><\/i>-Aufmacher<\/a> lautet: <i><b>51 neue Corona-F\u00e4lle in Berlin &#8211; R-Wert im roten Bereich<\/b><\/i><br \/>\nIrgendwann kommen sie zwischendurch mit Statistik:<br \/>\n<i>Die Zahl der Toten bleibt bei 223. <\/i><br \/>\n<i>Die verstorbenen Patienten staffeln sich nach Altersgruppen wie folgt: <\/i><br \/>\n<i>drei der Verstorbenen waren 40 bis 49 Jahre alt, <\/i><br \/>\n<i>zw\u00f6lf 50 bis 59 Jahre alt, <\/i><br \/>\n<i>24 verstorbene Patienten waren 60 bis 69 Jahre alt, <\/i><br \/>\n<i>62 der Verstorbenen waren 70 bis 79 Jahre alt, <\/i><br \/>\n<i>83 waren 80 bis 89 Jahre alt und 39 verstorbene Patienten waren 90 Jahre und \u00e4lter. <\/i><br \/>\n<i>Der Altersmedian der Verstorbenen liegt bei 81 Jahren. <\/i><br \/>\nWas bringt es nach der Statistik eigentlich noch, wenn man die bestimmten S\u00e4tze aus dem Interview vom T\u00fcbinger Oberb\u00fcrgermeister Boris Palmer (Chloroph\u00fcllmarxist) \u00fcber die t\u00f6dliche Auswirkungen des Lockdowns noch weiter zerfleddert?<br \/>\n<i>Palmer forderte erneut eine Lockerung der Corona-Ma\u00dfnahmen und w\u00e4hlte dabei drastische Worte. &#8220;Ich sage es Ihnen mal ganz brutal: Wir retten in Deutschland m\u00f6glicherweise Menschen, die in einem halben Jahr sowieso tot w\u00e4ren&#8221;, sagte der Gr\u00fcnenpolitiker&#8230;<\/i><br \/>\nWas ist an seiner Aussage eigentlich so falsch?<br \/>\nGerade wurde an den ersten Auftritt von Corona-Flippies, vor einem halben Jahr, sehr merkw\u00fcrdig erinnert. Wer sich da alles zum Thema einen von der Palme wedelte, war schlicht nicht zum aushalten!<br \/>\nAber auch nach sechs Monaten, ist mir immer noch nicht klar geworden, um was es sich da \u00fcberhaupt handelt! Gut, es soll sich um eine <i>Pandemie<\/i> handeln und dann und wann bei\u00dfen auch Leute ins Gras, mal mehr, mal weniger&#8230;<!--more--><br \/>\nEine ernstzunehmende medizinische Abhandlung fand ich bisher nirgendwo, immer wieder st\u00fcrmen Nasen vor und publizieren irgendwelchen Schei\u00df, der f\u00fcr sich selber spricht und letztendlich das absolut Gelbe vom Ei darstellen soll, oftmals allerdings nur vollkommene Gegenl\u00e4ufigkeit wiedergibt. In vorderster Front lungern nat\u00fcrlich permanent irgendwelche wichtigtuerischen Volks<i>ver<\/i>treter vor den Kameras herum.<br \/>\n<span lang=\"grc-GR\">Wenn es nicht so traurig w\u00e4re, beginnend bei den vielen<\/span><span lang=\"grc-GR\"><i> Quotenblondinen <\/i><\/span><span lang=\"grc-GR\">in Probierpolitiker\u00adfunktionen, <\/span><span lang=\"grc-GR\"><i>wee\u00df nich. <\/i><\/span><span lang=\"grc-GR\">Ist unter den M\u00e4nnchen nicht viel anders, deren graduell abgestufte Wich\u00adtigkeiten, was ehemals zu vermutenden Erscheinungsbilder betreffen, da ist nichts mehr viel mit \u1f04\u03bb\u03c6\u03b1-Bedeutsamkeiten zufinden, sie w\u00fcrden sich zwar immer noch sehr gern so sehen wollen, dies ist aber schon lange nicht mehr angesagt! <\/span><br \/>\n<span lang=\"grc-GR\">Die Masse hat es sich im Mittelfeld bequem gemacht und tendiert au\u00dferdem in Richtung <\/span><span lang=\"el-GR\">\u03a9\u03bc\u03ad\u03b3\u03b1!<\/span><\/p>\n<p lang=\"de-CH\"><span style=\"font-family: Times New Roman, serif;\">100pro sehe ich es nicht so, allerdings gestehe ich einem Eidgenossen jene Betrachtungsweise doch zu, hier etwas von A. Thiel:<br \/>\n<\/span><span style=\"font-family: Times New Roman, serif;\"><b>\u00a0\u00a0\u00a0\u00a0\u00a0\u00a0\u00a0\u00a0\u00a0\u00a0\u00a0\u00a0\u00a0\u00a0\u00a0\u00a0\u00a0\u00a0\u00a0\u00a0\u00a0\u00a0\u00a0\u00a0\u00a0\u00a0\u00a0\u00a0\u00a0\u00a0\u00a0\u00a0\u00a0\u00a0\u00a0\u00a0\u00a0\u00a0\u00a0\u00a0\u00a0\u00a0\u00a0\u00a0\u00a0\u00a0\u00a0\u00a0\u00a0\u00a0\u00a0\u00a0\u00a0\u00a0\u00a0\u00a0\u00a0\u00a0\u00a0\u00a0\u00a0\u00a0\u00a0 Maskerade<br \/>\n<\/b><\/span><span style=\"font-family: Times New Roman, serif;\"><span lang=\"de-CH\"><b>Hinz:<\/b><\/span><\/span><span style=\"font-family: Times New Roman, serif;\"><span lang=\"de-CH\"> Diese Maske, mit der nun alle rumlaufen, erinnert mich irgendwie an die Armbinde mit dem Hakenkreuz.<\/span><\/span><br \/>\n<span style=\"font-family: Times New Roman, serif;\"><span lang=\"de-CH\"><b>Kunz:<\/b><\/span><\/span><span style=\"font-family: Times New Roman, serif;\"><span lang=\"de-CH\"> Wie kannst Du diese Schutzmaske mit einem Parteiabzeichen aus einer Diktatur vergleichen?<\/span><\/span><br \/>\n<span style=\"font-family: Times New Roman, serif;\"><span lang=\"de-CH\"><b>Hinz:<\/b><\/span><\/span><span style=\"font-family: Times New Roman, serif;\"><span lang=\"de-CH\"> Diese Maske ist bloss ein Symbol. Die einen tragen es in vorauseilendem Gehorsam und zum Zeichen, dass sie mit der Regierungspolitik einverstanden sind. Und die Anderen tragen es, weil es obligatorisch ist und sie sich den \u00c4rger mit der Polizei ersparen wollen.<\/span><\/span><br \/>\n<span style=\"font-family: Times New Roman, serif;\"><span lang=\"de-CH\"><b>Kunz:<\/b><\/span><\/span><span style=\"font-family: Times New Roman, serif;\"><span lang=\"de-CH\"> Aber im Gegensatz zu einer Armbinde sch\u00fctzt diese Maske vor dem Corona-Virus.<\/span><\/span><br \/>\n<span style=\"font-family: Times New Roman, serif;\"><span lang=\"de-CH\"><b>Hinz:<\/b><\/span><\/span><span style=\"font-family: Times New Roman, serif;\"><span lang=\"de-CH\"> Alle bisherigen medizinischen Studien sprechen dagegen.<\/span><\/span><br \/>\n<span style=\"font-family: Times New Roman, serif;\"><span lang=\"de-CH\"><b>Kunz:<\/b><\/span><\/span><span style=\"font-family: Times New Roman, serif;\"><span lang=\"de-CH\"> Das kann doch gar nicht sein.<\/span><\/span><br \/>\n<span style=\"font-family: Times New Roman, serif;\"><span lang=\"de-CH\"><b>Hinz:<\/b><\/span><\/span><span style=\"font-family: Times New Roman, serif;\"><span lang=\"de-CH\"> Weshalb wurde die Maskenpflicht denn nicht von Anfang an eingef\u00fchrt?<\/span><\/span><br \/>\n<span style=\"font-family: Times New Roman, serif;\"><span lang=\"de-CH\"><b>Kunz:<\/b><\/span><\/span><span style=\"font-family: Times New Roman, serif;\"><span lang=\"de-CH\"> Wie soll ich das wissen?<\/span><\/span><br \/>\n<span style=\"font-family: Times New Roman, serif;\"><span lang=\"de-CH\"><b>Hinz:<\/b><\/span><\/span><span style=\"font-family: Times New Roman, serif;\"><span lang=\"de-CH\"> Weil man nicht die Fasnacht verbieten und gleichzeitig eine Maskenpflicht einf\u00fchren konnte.<\/span><\/span><br \/>\n<span style=\"font-family: Times New Roman, serif;\"><span lang=\"de-CH\"><b>Kunz:<\/b><\/span><\/span><span style=\"font-family: Times New Roman, serif;\"><span lang=\"de-CH\"> Das h\u00e4tte man aber tun sollen. <\/span><\/span><span style=\"font-family: Times New Roman, serif;\">Beim Schlachtbetrieb T\u00f6nnies wurden \u00fcber 1000 Personen am Arbeitsplatz angesteckt. Mit Maske w\u00e4re das wohl kaum passiert.<\/span><a name=\"Bookmark\"><\/a><span style=\"font-family: Times New Roman, serif;\"><span lang=\"de-CH\"><b>Hinz:<\/b><\/span><\/span><span style=\"font-family: Times New Roman, serif;\"><span lang=\"de-CH\"> Es ist aber mit Maske passiert. <\/span><\/span><span style=\"font-family: Times New Roman, serif;\">Bei T\u00f6nnies herrschte zur Zeit des Ausbruchs bereits Maskenpflicht. Es wurden sogar Ansteckungen \u00fcber eine Distanz von 8 Metern unter Maskentr\u00e4gern nachgewiesen.<\/span><br \/>\n<span style=\"font-family: Times New Roman, serif;\"><span lang=\"de-CH\"><b>Kunz:<\/b><\/span><\/span><span style=\"font-family: Times New Roman, serif;\"><span lang=\"de-CH\"> Wie ist das m\u00f6glich?<\/span><\/span><br \/>\n<span style=\"font-family: Times New Roman, serif;\"><span lang=\"de-CH\"><b>Hinz:<\/b><\/span><\/span><span style=\"font-family: Times New Roman, serif;\"><span lang=\"de-CH\"> Die Pore einer einfachen Maske misst 300 Nanometer aber das Corona-Virus nur 160!Es fliegt durch die Masken hindurch wie durch ein Scheunentor.<\/span><\/span><br \/>\n<span style=\"font-family: Times New Roman, serif;\"><span lang=\"de-CH\"><b>Kunz:<\/b><\/span><\/span><span style=\"font-family: Times New Roman, serif;\"><span lang=\"de-CH\"> Heisst das, diese Masken sch\u00fctzen gar nicht vor dem Corona-Virus?<\/span><\/span><br \/>\n<span style=\"font-family: Times New Roman, serif;\"><span lang=\"de-CH\"><b>Hinz:<\/b><\/span><\/span><span style=\"font-family: Times New Roman, serif;\"><span lang=\"de-CH\"> Nein. Die Maske ist bloss ein Parteiabzeichen.<\/span><\/span><br \/>\n<span style=\"font-family: Times New Roman, serif;\"><span lang=\"de-CH\"><b>Kunz:<\/b><\/span><\/span><span style=\"font-family: Times New Roman, serif;\"><span lang=\"de-CH\"> Weshalb machen denn alle mit bei dieser Maskerade?<\/span><\/span><br \/>\n<span style=\"font-family: Times New Roman, serif;\"><span lang=\"de-CH\"><b>Hinz:<\/b><\/span><\/span><span style=\"font-family: Times New Roman, serif;\"><span lang=\"de-CH\"> So war das schon immer. Aber im Nachhinein will dann wieder keiner gewusst haben, wie es soweit kommen konnte.<\/span><\/span><\/p>\n","protected":false},"excerpt":{"rendered":"<p>Beginne mit dem Wort zum Tage, aus der heutigen Berliner Zeitung, von Harald Lesch, Astrophysiker und Journalist, \u00fcber den Umstand, dass die Finanzwirtschaft von der Corona-Krise bislang profitiert. \u201eWenn Au\u00dferirdische jetzt unseren Planeten besuchen w\u00fcrden &#8211; sie w\u00fcrden gleich wieder umdrehen, weil sie denken w\u00fcrden: Die sind nicht ganz dicht.\u201c &#8211; Vertauschte allerdings beide S\u00e4tze! [&hellip;]<\/p>\n","protected":false},"author":6,"featured_media":0,"comment_status":"open","ping_status":"open","sticky":false,"template":"","format":"standard","meta":{"footnotes":""},"categories":[1],"tags":[],"class_list":["post-34908","post","type-post","status-publish","format-standard","hentry","category-allgemeines"],"_links":{"self":[{"href":"https:\/\/zonenklaus.de\/wordpress\/index.php?rest_route=\/wp\/v2\/posts\/34908","targetHints":{"allow":["GET"]}}],"collection":[{"href":"https:\/\/zonenklaus.de\/wordpress\/index.php?rest_route=\/wp\/v2\/posts"}],"about":[{"href":"https:\/\/zonenklaus.de\/wordpress\/index.php?rest_route=\/wp\/v2\/types\/post"}],"author":[{"embeddable":true,"href":"https:\/\/zonenklaus.de\/wordpress\/index.php?rest_route=\/wp\/v2\/users\/6"}],"replies":[{"embeddable":true,"href":"https:\/\/zonenklaus.de\/wordpress\/index.php?rest_route=%2Fwp%2Fv2%2Fcomments&post=34908"}],"version-history":[{"count":1,"href":"https:\/\/zonenklaus.de\/wordpress\/index.php?rest_route=\/wp\/v2\/posts\/34908\/revisions"}],"predecessor-version":[{"id":34909,"href":"https:\/\/zonenklaus.de\/wordpress\/index.php?rest_route=\/wp\/v2\/posts\/34908\/revisions\/34909"}],"wp:attachment":[{"href":"https:\/\/zonenklaus.de\/wordpress\/index.php?rest_route=%2Fwp%2Fv2%2Fmedia&parent=34908"}],"wp:term":[{"taxonomy":"category","embeddable":true,"href":"https:\/\/zonenklaus.de\/wordpress\/index.php?rest_route=%2Fwp%2Fv2%2Fcategories&post=34908"},{"taxonomy":"post_tag","embeddable":true,"href":"https:\/\/zonenklaus.de\/wordpress\/index.php?rest_route=%2Fwp%2Fv2%2Ftags&post=34908"}],"curies":[{"name":"wp","href":"https:\/\/api.w.org\/{rel}","templated":true}]}}