{"id":34966,"date":"2020-08-27T22:06:38","date_gmt":"2020-08-27T21:06:38","guid":{"rendered":"https:\/\/zonenklaus.de\/wordpress\/?p=34966"},"modified":"2020-11-11T22:17:33","modified_gmt":"2020-11-11T21:17:33","slug":"mann-schneidet-sich-in-der-wilmersdorfer-strasse-die-kehle-auf","status":"publish","type":"post","link":"https:\/\/zonenklaus.de\/wordpress\/?p=34966","title":{"rendered":"Mann schneidet sich in der Wilmersdorfer Stra\u00dfe die Kehle auf"},"content":{"rendered":"<p><a href=\"https:\/\/www.bz-berlin.de\/berlin\/charlottenburg-wilmersdorf\/mann-schneidet-sich-in-der-wilmersdorfer-strasse-die-kehle-auf\"><i>Schock f\u00fcr Passanten<\/i><\/a><br \/>\nEndlich mal eine etwas andere Meldung und alles mit einem gro\u00dfen nichtssagenden Photo verziert. Sicherlich wesentlich interessanter als das uns\u00e4gliche Gelaber von S\u00f6der, dem M\u00f6chtegernkanzler in spe und der Frau Nochkanzler&#8230;<br \/>\n<i>An der Wilmersdorfer Stra\u00dfe Ecke Kantstra\u00dfe hat sich ein Mann brutal das Leben genommen. Mehrere unbeteiligte Passanten mussten das grausame Geschehen mitansehen. <\/i><br \/>\nMuss wegen der Berichterstattung korrigierend eingreifen. O K, es handelte sich gewiss um eine sehr unkonventionelle Art, durchaus aber recht preiswert! Allerdings hat er sich nicht auf eine spezielle <i>brutale <\/i>Art <i>das Leben genommen<\/i>! Im Gegenteil, es wurde <em>wahrscheinlich freiwillig <\/em>zur\u00fcckgegeben.<br \/>\nVor Jahren lie\u00df sich ein Bekannter, mit unheilbaren l\u00e4ngeren Malaisen an Nieren und Lunge, auf die nette Machart, mit eidgen\u00f6ssischer Hilfe ins Jenseits bef\u00f6rdern. Netto soll ihm die <i>ganze Angelegenheit<\/i> runde 10 Mille gekostet haben&#8230;<br \/>\nSoviel Kohle muss man erst mal im Sparstrumpf haben.<br \/>\n<i>&#8230;Passanten mussten das grausame Geschehen mitansehen. <\/i><br \/>\nWieso denn das?<br \/>\nWer hat sie denn dazu gezwungen?<br \/>\nLogisch, nun haben die Gaffer wochenlang etwas am Stammtisch zu erz\u00e4hlen&#8230;<br \/>\nVor Jahren passierte es mir, dass in meiner unmittelbarer N\u00e4he zwei Leute unfreiwillig, frontal perforiert wurden &#8211; Augen sofort zu und weg!<\/p>\n<p><em><strong>Berichterstattung zu Selbstmord<\/strong><\/em><br \/>\n<em>B.Z. berichtet in der Regel nicht \u00fcber Selbstt\u00f6tungen, um keinen Anreiz f\u00fcr Nachahmung zu geben &#8211; a u \u00df e r,\u00a0\u00a0 S u i z i d e\u00a0\u00a0 e r f a h r e n\u00a0\u00a0 d u r c h\u00a0\u00a0 d i e\u00a0\u00a0 U m s t \u00e4 n d e\u00a0\u00a0 b e s o n d e r e\u00a0\u00a0 A u f m e r k s a m k e i t. <\/em><br \/>\nAHA ! ! !<br \/>\nDenne is ja allet jut!<\/p>\n","protected":false},"excerpt":{"rendered":"<p>Schock f\u00fcr Passanten Endlich mal eine etwas andere Meldung und alles mit einem gro\u00dfen nichtssagenden Photo verziert. Sicherlich wesentlich interessanter als das uns\u00e4gliche Gelaber von S\u00f6der, dem M\u00f6chtegernkanzler in spe und der Frau Nochkanzler&#8230; An der Wilmersdorfer Stra\u00dfe Ecke Kantstra\u00dfe hat sich ein Mann brutal das Leben genommen. Mehrere unbeteiligte Passanten mussten das grausame Geschehen [&hellip;]<\/p>\n","protected":false},"author":6,"featured_media":0,"comment_status":"open","ping_status":"open","sticky":false,"template":"","format":"standard","meta":{"footnotes":""},"categories":[55],"tags":[],"class_list":["post-34966","post","type-post","status-publish","format-standard","hentry","category-alltaeglicher-wahnwitz"],"_links":{"self":[{"href":"https:\/\/zonenklaus.de\/wordpress\/index.php?rest_route=\/wp\/v2\/posts\/34966","targetHints":{"allow":["GET"]}}],"collection":[{"href":"https:\/\/zonenklaus.de\/wordpress\/index.php?rest_route=\/wp\/v2\/posts"}],"about":[{"href":"https:\/\/zonenklaus.de\/wordpress\/index.php?rest_route=\/wp\/v2\/types\/post"}],"author":[{"embeddable":true,"href":"https:\/\/zonenklaus.de\/wordpress\/index.php?rest_route=\/wp\/v2\/users\/6"}],"replies":[{"embeddable":true,"href":"https:\/\/zonenklaus.de\/wordpress\/index.php?rest_route=%2Fwp%2Fv2%2Fcomments&post=34966"}],"version-history":[{"count":5,"href":"https:\/\/zonenklaus.de\/wordpress\/index.php?rest_route=\/wp\/v2\/posts\/34966\/revisions"}],"predecessor-version":[{"id":35437,"href":"https:\/\/zonenklaus.de\/wordpress\/index.php?rest_route=\/wp\/v2\/posts\/34966\/revisions\/35437"}],"wp:attachment":[{"href":"https:\/\/zonenklaus.de\/wordpress\/index.php?rest_route=%2Fwp%2Fv2%2Fmedia&parent=34966"}],"wp:term":[{"taxonomy":"category","embeddable":true,"href":"https:\/\/zonenklaus.de\/wordpress\/index.php?rest_route=%2Fwp%2Fv2%2Fcategories&post=34966"},{"taxonomy":"post_tag","embeddable":true,"href":"https:\/\/zonenklaus.de\/wordpress\/index.php?rest_route=%2Fwp%2Fv2%2Ftags&post=34966"}],"curies":[{"name":"wp","href":"https:\/\/api.w.org\/{rel}","templated":true}]}}