{"id":34997,"date":"2020-08-30T21:15:03","date_gmt":"2020-08-30T20:15:03","guid":{"rendered":"https:\/\/zonenklaus.de\/wordpress\/?p=34997"},"modified":"2020-08-30T21:30:48","modified_gmt":"2020-08-30T20:30:48","slug":"mueller-nach-krawall-am-reichstag-werden-polizei-konzept-auswerten","status":"publish","type":"post","link":"https:\/\/zonenklaus.de\/wordpress\/?p=34997","title":{"rendered":"M\u00fcller nach Krawall am Reichstag: Werden Polizei-Konzept auswerten"},"content":{"rendered":"<p><a href=\"https:\/\/www.bz-berlin.de\/berlin\/mitte\/demo-samstag-mueller-nach-krawall-am-reichstag-werden-polizei-konzept-auswerten\">Berlins Regierender<\/a><br \/>\nMan betrachte sein Konterfei!<br \/>\nDa stellt sich mir lediglich die Frage, ob dieser Mann eigentlich gewillt ist, trotz seiner kampfresistenten Ausstrahlung, in irgendeiner Form etwas zu unternehmen?<br \/>\nWitzigerweise will sich der hellrote <i>Jenosse<\/i> auch noch in meinem <a href=\"https:\/\/www.bz-berlin.de\/berlin\/charlottenburg-wilmersdorf\/in-wilmersdorf-verkommt-ein-ganzer-kiez\"><i>verdreckten Wilmersdorfer Kiez <\/i><\/a><span style=\"font-size: xx-small;\"><b>(<\/b><\/span><span style=\"font-size: xx-small;\"><i>In dessen Zentrum ich sogar h\u00f6hle <\/i><\/span><span style=\"font-size: xx-small;\">und kann deshalb Seligmann\u00b4s Aussage absolut best\u00e4tigen! <strong>) <\/strong><\/span> politisch breitmachen, um schlie\u00dflich mit einem irgendwie erheischten Bundestagsmandat, als Kr\u00f6nung seiner hochgradig blassen Karriere, abschlie\u00dfend noch eine Ministerposten anstreben.<br \/>\nDies ist doch ein missratener Gender-Witz ohne Pointe!<\/p>\n","protected":false},"excerpt":{"rendered":"<p>Berlins Regierender Man betrachte sein Konterfei! Da stellt sich mir lediglich die Frage, ob dieser Mann eigentlich gewillt ist, trotz seiner kampfresistenten Ausstrahlung, in irgendeiner Form etwas zu unternehmen? Witzigerweise will sich der hellrote Jenosse auch noch in meinem verdreckten Wilmersdorfer Kiez (In dessen Zentrum ich sogar h\u00f6hle und kann deshalb Seligmann\u00b4s Aussage absolut best\u00e4tigen! [&hellip;]<\/p>\n","protected":false},"author":6,"featured_media":0,"comment_status":"open","ping_status":"open","sticky":false,"template":"","format":"standard","meta":{"footnotes":""},"categories":[1,55],"tags":[],"class_list":["post-34997","post","type-post","status-publish","format-standard","hentry","category-allgemeines","category-alltaeglicher-wahnwitz"],"_links":{"self":[{"href":"https:\/\/zonenklaus.de\/wordpress\/index.php?rest_route=\/wp\/v2\/posts\/34997","targetHints":{"allow":["GET"]}}],"collection":[{"href":"https:\/\/zonenklaus.de\/wordpress\/index.php?rest_route=\/wp\/v2\/posts"}],"about":[{"href":"https:\/\/zonenklaus.de\/wordpress\/index.php?rest_route=\/wp\/v2\/types\/post"}],"author":[{"embeddable":true,"href":"https:\/\/zonenklaus.de\/wordpress\/index.php?rest_route=\/wp\/v2\/users\/6"}],"replies":[{"embeddable":true,"href":"https:\/\/zonenklaus.de\/wordpress\/index.php?rest_route=%2Fwp%2Fv2%2Fcomments&post=34997"}],"version-history":[{"count":4,"href":"https:\/\/zonenklaus.de\/wordpress\/index.php?rest_route=\/wp\/v2\/posts\/34997\/revisions"}],"predecessor-version":[{"id":35001,"href":"https:\/\/zonenklaus.de\/wordpress\/index.php?rest_route=\/wp\/v2\/posts\/34997\/revisions\/35001"}],"wp:attachment":[{"href":"https:\/\/zonenklaus.de\/wordpress\/index.php?rest_route=%2Fwp%2Fv2%2Fmedia&parent=34997"}],"wp:term":[{"taxonomy":"category","embeddable":true,"href":"https:\/\/zonenklaus.de\/wordpress\/index.php?rest_route=%2Fwp%2Fv2%2Fcategories&post=34997"},{"taxonomy":"post_tag","embeddable":true,"href":"https:\/\/zonenklaus.de\/wordpress\/index.php?rest_route=%2Fwp%2Fv2%2Ftags&post=34997"}],"curies":[{"name":"wp","href":"https:\/\/api.w.org\/{rel}","templated":true}]}}