{"id":35033,"date":"2020-09-07T22:28:11","date_gmt":"2020-09-07T21:28:11","guid":{"rendered":"https:\/\/zonenklaus.de\/wordpress\/?p=35033"},"modified":"2020-09-08T02:35:07","modified_gmt":"2020-09-08T01:35:07","slug":"was-passiert-am-ersten-bundesweiten-warntag","status":"publish","type":"post","link":"https:\/\/zonenklaus.de\/wordpress\/?p=35033","title":{"rendered":"Was passiert am ersten bundesweiten Warntag?"},"content":{"rendered":"<p><b>Warum findet der <a href=\"https:\/\/www.glonaabot.de\/einschlagige-artikel\/deutschland-ubt-den-notfall-landesweiter-warntag------------------------33\">Warntag 2020<\/a> statt?<\/b><br \/>\n<i>Der Warntag soll die Bev\u00f6lkerung in Deutschland f\u00fcr das Thema Warnung sensibilisieren<\/i>. Der Probealarm soll dazu beitragen, die Akzeptanz und das Wissen um die Warnung der Bev\u00f6lkerung in Notlagen zu erh\u00f6hen. Und auch die Funktion und den Ablauf der Warnung zu testen und zu verbessern.<br \/>\nGewarnt wird grunds\u00e4tzlich vor Naturkatastrophen, gef\u00e4hrlichen Wetterlagen und Unf\u00e4llen im Chemiebetrieb, vor Attentaten und Angriffen, vor Stromausf\u00e4llen oder Ausf\u00e4lle sonstiger Versorgungen, vor Krankheitserregern, Radioaktivit\u00e4t und Feuer.<br \/>\n<b>Warntag: Probealarm auf allen Kan\u00e4len<\/b><br \/>\nDie Warnung wird \u00fcber Radio, Fernsehen, \u00fcber die Warn-App NINA (Notfall-Informations- und Nachrichten-App des Bundes), \u00fcber alle Sirenen, Lautsprecherwagen, in den sozialen Medien sowie auf digitale Werbetafeln verbreitet.<br \/>\nFinde ich richtig geil, zur momentanen faschistoiden Corona-Hysterie noch ein Sahneh\u00e4ubchen!<br \/>\nBei Punkt <b>1 <\/b>der <a href=\"https:\/\/www.mi.niedersachsen.de\/startseite\/aktuelles\/presseinformationen\/50-tage-bis-zum-warntag2020-191045.html\">Warnungs-<em>Sensibilisierung<\/em><\/a> am kommenden Donnerstag geht es lediglich darum, seine Lauscher zu \u00fcberpr\u00fcfen ob sie in der Lage sind, jene grellen T\u00f6ne aufzuschnappen. In Zukunft m\u00fcssen auch bestimmte Sirenenton-Codes noch gelernt werden, wegen der entsprechenden \u00dcberraschungen und den darauffolgenden Verhaltensma\u00dfregeln.<br \/>\nWobei anl\u00e4sslich chemischer und bakteriologischer Anwendungen, sicherlich noch nicht mal die Zeit vorhanden ist, einen Rosenkranz zu beten, mehrere Suren herunterzuleiern, &#8220;Schma Jisrael&#8221; zu murmel, die Nationalhymne zu summen, die Internationale zu gr\u00f6len oder Chopins <i><a href=\"https:\/\/www.youtube.com\/watch?v=aC6S_VuRNGk\">Funeral March<\/a>,<\/i> m\u00f6glicherweise auch <a href=\"https:\/\/www.youtube.com\/watch?v=ukaFFcMRaAY\"><i>Ich hat einen Kameraden<\/i><\/a> auf dem Kamm zu blasen&#8230;<br \/>\nKann mich noch erinnern, dass wir in der Grundschule mit den entsprechende \u00dcbungen in der Klasse und auf dem Schulhof getriezt wurden.<!--more--><br \/>\nHierf\u00fcr existiert in der TUBE ein Streifen: <a href=\"https:\/\/www.youtube.com\/watch?v=lF0r1OdDIME&amp;t=435s\"><i>The Atomic Cafe <\/i><\/a>und entsprechende <a href=\"https:\/\/www.youtube.com\/watch?v=BjlJ2F646bA&amp;list=TLPQMDcwOTIwMjB4GKsFczV95g&amp;index=1\">Mucken<\/a>. Als ich mir den Streifen in den \u00b480gern mit Kumpels ansah, hatten wir, auf einen Tip hin, vorher geharzt und fanden den anschlie\u00dfenden Film zum Quieken&#8230;<br \/>\nMir f\u00e4llt noch etwas ganz anderes ein, irgendwo liegen in irgendwelchen Bananenkartons noch mehrere <a href=\"https:\/\/www.google.de\/search?q=die+sirene+zeitschrift&amp;newwindow=1&amp;hl=de&amp;source=lnms&amp;tbm=isch&amp;sa=X&amp;ved=2ahUKEwjZwLT4-9frAhUIGuwKHbgdAUwQ_AUoAnoECBsQBA&amp;biw=1280&amp;bih=559\">Ausgaben<\/a> <a href=\"http:\/\/propagandahefte.bplaced.net\/sirene.htm\"><i>Die Sirene <\/i><\/a>herum. Werden wohl demn\u00e4chst in <i>demokratischen Ausgaben<\/i> auch wieder erscheinen.<br \/>\nEine miese Sache in der heutigen Zeit, ist die Tatsache, dass auf AM keine deutschsprachigen Sender mehr existieren, wegen anstehender Panikmeldungen. Was hei\u00dft, mit einem selbst gebauten Detektor mit Hilfe einer Diode oder eines Transistors, herrscht vollkommene Ruhe im \u00c4ther! Wobei man sich f\u00fcr den AM-Empf\u00e4nger kurzzeitig, aus recht s\u00e4urehaltigem Obst, <a href=\"https:\/\/www.dlr.de\/next\/PortalData\/69\/Resources\/images\/4_energie\/4_1_stromerzeugung-morgen\/4_1_7_apfelbatterie\/4_1_7_Apfelbatterie.pdf\">Batterien basteln kann<\/a>, wenn dazu <span style=\"font-family: Times New Roman, serif;\"><span style=\"font-size: medium;\">Zink- und Kupferbleche, nebst etwas Draht vorhanden sind! <\/span><\/span><br \/>\nDa es sich bei FM, um Sichtfunkempfang handelt, wird es mit dem Empfang sehr mies aussehen. Hinzu kommt, UKW-Sendungen auf Transistorger\u00e4ten fressen ungemein viel Strom, wegen der geforderten Leistung!<br \/>\n<img loading=\"lazy\" decoding=\"async\" class=\"alignleft size-medium wp-image-35036\" src=\"https:\/\/zonenklaus.de\/wordpress\/wp-content\/uploads\/2020\/09\/IMG_0422\u00e4-300x225.jpg\" alt=\"\" width=\"300\" height=\"225\" srcset=\"https:\/\/zonenklaus.de\/wordpress\/wp-content\/uploads\/2020\/09\/IMG_0422\u00e4-300x225.jpg 300w, https:\/\/zonenklaus.de\/wordpress\/wp-content\/uploads\/2020\/09\/IMG_0422\u00e4-150x113.jpg 150w, https:\/\/zonenklaus.de\/wordpress\/wp-content\/uploads\/2020\/09\/IMG_0422\u00e4.jpg 352w\" sizes=\"auto, (max-width: 300px) 100vw, 300px\" \/>Nun wird es endlich Zeit, das 60j\u00e4rige Sternchen mal zu reparieren, bei der mittleren M\u00f6hre geschah es bereits. Das rechte Tschibo-Teil ist auch schon wieder fast 30 Jahre alt, kostete damals keine 15 Mark und funktioniert immer noch korrekt, lediglich der Wellenschalter, f\u00fcr 7 Kurzwellenb\u00e4nder, ist leicht deformiert. Vielleicht sollte ich versuchen, ein Wellenbereich auf 80 Meter zu trimmen und dann noch spreizen, weil in Katastrophenzeiten Funkamateure immer sehr agil sind&#8230;<\/p>\n","protected":false},"excerpt":{"rendered":"<p>Warum findet der Warntag 2020 statt? Der Warntag soll die Bev\u00f6lkerung in Deutschland f\u00fcr das Thema Warnung sensibilisieren. Der Probealarm soll dazu beitragen, die Akzeptanz und das Wissen um die Warnung der Bev\u00f6lkerung in Notlagen zu erh\u00f6hen. Und auch die Funktion und den Ablauf der Warnung zu testen und zu verbessern. Gewarnt wird grunds\u00e4tzlich vor [&hellip;]<\/p>\n","protected":false},"author":6,"featured_media":0,"comment_status":"open","ping_status":"open","sticky":false,"template":"","format":"standard","meta":{"footnotes":""},"categories":[1],"tags":[],"class_list":["post-35033","post","type-post","status-publish","format-standard","hentry","category-allgemeines"],"_links":{"self":[{"href":"https:\/\/zonenklaus.de\/wordpress\/index.php?rest_route=\/wp\/v2\/posts\/35033","targetHints":{"allow":["GET"]}}],"collection":[{"href":"https:\/\/zonenklaus.de\/wordpress\/index.php?rest_route=\/wp\/v2\/posts"}],"about":[{"href":"https:\/\/zonenklaus.de\/wordpress\/index.php?rest_route=\/wp\/v2\/types\/post"}],"author":[{"embeddable":true,"href":"https:\/\/zonenklaus.de\/wordpress\/index.php?rest_route=\/wp\/v2\/users\/6"}],"replies":[{"embeddable":true,"href":"https:\/\/zonenklaus.de\/wordpress\/index.php?rest_route=%2Fwp%2Fv2%2Fcomments&post=35033"}],"version-history":[{"count":7,"href":"https:\/\/zonenklaus.de\/wordpress\/index.php?rest_route=\/wp\/v2\/posts\/35033\/revisions"}],"predecessor-version":[{"id":35044,"href":"https:\/\/zonenklaus.de\/wordpress\/index.php?rest_route=\/wp\/v2\/posts\/35033\/revisions\/35044"}],"wp:attachment":[{"href":"https:\/\/zonenklaus.de\/wordpress\/index.php?rest_route=%2Fwp%2Fv2%2Fmedia&parent=35033"}],"wp:term":[{"taxonomy":"category","embeddable":true,"href":"https:\/\/zonenklaus.de\/wordpress\/index.php?rest_route=%2Fwp%2Fv2%2Fcategories&post=35033"},{"taxonomy":"post_tag","embeddable":true,"href":"https:\/\/zonenklaus.de\/wordpress\/index.php?rest_route=%2Fwp%2Fv2%2Ftags&post=35033"}],"curies":[{"name":"wp","href":"https:\/\/api.w.org\/{rel}","templated":true}]}}