{"id":35131,"date":"2020-09-18T16:23:17","date_gmt":"2020-09-18T15:23:17","guid":{"rendered":"https:\/\/zonenklaus.de\/wordpress\/?p=35131"},"modified":"2020-09-18T22:40:36","modified_gmt":"2020-09-18T21:40:36","slug":"wiedermal-eine-schupelius-kolumne-die-man-verlinken-kann","status":"publish","type":"post","link":"https:\/\/zonenklaus.de\/wordpress\/?p=35131","title":{"rendered":"Wiedermal eine Schupelius-Kolumne die man verlinken kann"},"content":{"rendered":"<p><a href=\"https:\/\/www.bz-berlin.de\/berlin\/kolumne\/politiker-verbreiten-zu-viel-corona-alarm-und-informieren-zu-wenig\"><i>Politiker verbreiten zu viel Corona-Alarm und informieren zu wenig<\/i><\/a><br \/>\n<img loading=\"lazy\" decoding=\"async\" class=\"alignleft size-thumbnail wp-image-35133\" src=\"https:\/\/zonenklaus.de\/wordpress\/wp-content\/uploads\/2020\/09\/IMG_0817oeoeoeoeoe-150x85.jpg\" alt=\"\" width=\"150\" height=\"85\" srcset=\"https:\/\/zonenklaus.de\/wordpress\/wp-content\/uploads\/2020\/09\/IMG_0817oeoeoeoeoe-150x85.jpg 150w, https:\/\/zonenklaus.de\/wordpress\/wp-content\/uploads\/2020\/09\/IMG_0817oeoeoeoeoe-300x170.jpg 300w, https:\/\/zonenklaus.de\/wordpress\/wp-content\/uploads\/2020\/09\/IMG_0817oeoeoeoeoe.jpg 612w\" sizes=\"auto, (max-width: 150px) 100vw, 150px\" \/>Die Printausgabe <i>ziert <\/i>ein anderes Foto, mit einem Satz darauf, welcher da lautet &#8211; <i>Wollte die Corona-Fragen der B. Z. nicht beantworten: Berlins Gesundheitssenatorin Dilek Kalayci (SPD)<\/i><br \/>\nDas Parteienk\u00fcrzel er\u00fcbrigt sich sowieso, die gr\u00f6\u00dften Kompetensimulanten<sup><b>*INNEN usw.<\/b><\/sup>, entsprangen schon immer dem hellroten Verein&#8230;<br \/>\nHinzu kommt, was sollte denn Frau Senator der B. Z. eigentlich antworten? Sie besitzt doch eins ungemein viel, n\u00e4mlich wenig Ahnung von Gesundheitsproblematiken, hat sie doch sehr weit entfernt von jeglichen medizinischen Angelegenheiten, nur Wirtschafts<i>rechnen stupidiert. <\/i><br \/>\n<!--more-->Ihr ganz gro\u00dfes Scheffchen, Frau J. Spahn ist aber kein Deut besser! <i>SiEr<\/i> <span style=\"font-size: small;\"><b>(<\/b><\/span><span style=\"font-size: small;\">Bin mir wiedermal nicht sicher, ob mir diese Gender-Pirouette, politisch korrekt gelungen ist?<\/span><span style=\"font-size: small;\"><b>)<\/b><\/span> <span style=\"font-size: medium;\">hat <\/span>n\u00e4mlich auch eine Berufslaufbahn hingelegt, die ebenso Lichtjahre an jeglicher Art von medizinischem R\u00fcstzeug vorbeischrammte.<br \/>\nGut, zumindest traue ich ihm zu, dass er eine Tablette unfallfrei einwerfen kann, ebenso kann <i>SiEr<\/i> bestimmt auch ein genormtes handels\u00fcbliches H\u00fchneraugenpflaster, korrekt \u00fcber der st\u00f6renden Hornschwiele ann\u00e4hen&#8230;<br \/>\nAllerdings ist Frau Spahn, gegen\u00fcber UNSERER Frau Gesundheitssenator mit einem leichten Vorteil behaftet! Denn<i> SiEr <\/i>kann auf ganz bestimmte Verfahrensweisen aus seiner Joberfahrung, in<i> einem Lobby-Unternehmen f\u00fcr den Medizin- und Pharmasektor<\/i>, verweisen. Zumindest, was sachbezogen an finanziellen Un- sowie Regelm\u00e4\u00dfigkeiten in dero Branche so angesagt sind. Vielleicht habe jene Leute auch ihre Beziehungen spielen lassen, dass er schlie\u00dflich den entsprechenden Posten in der GroKo ergattern konnte&#8230;<\/p>\n","protected":false},"excerpt":{"rendered":"<p>Politiker verbreiten zu viel Corona-Alarm und informieren zu wenig Die Printausgabe ziert ein anderes Foto, mit einem Satz darauf, welcher da lautet &#8211; Wollte die Corona-Fragen der B. Z. nicht beantworten: Berlins Gesundheitssenatorin Dilek Kalayci (SPD) Das Parteienk\u00fcrzel er\u00fcbrigt sich sowieso, die gr\u00f6\u00dften Kompetensimulanten*INNEN usw., entsprangen schon immer dem hellroten Verein&#8230; Hinzu kommt, was sollte [&hellip;]<\/p>\n","protected":false},"author":6,"featured_media":0,"comment_status":"open","ping_status":"open","sticky":false,"template":"","format":"standard","meta":{"footnotes":""},"categories":[1],"tags":[],"class_list":["post-35131","post","type-post","status-publish","format-standard","hentry","category-allgemeines"],"_links":{"self":[{"href":"https:\/\/zonenklaus.de\/wordpress\/index.php?rest_route=\/wp\/v2\/posts\/35131","targetHints":{"allow":["GET"]}}],"collection":[{"href":"https:\/\/zonenklaus.de\/wordpress\/index.php?rest_route=\/wp\/v2\/posts"}],"about":[{"href":"https:\/\/zonenklaus.de\/wordpress\/index.php?rest_route=\/wp\/v2\/types\/post"}],"author":[{"embeddable":true,"href":"https:\/\/zonenklaus.de\/wordpress\/index.php?rest_route=\/wp\/v2\/users\/6"}],"replies":[{"embeddable":true,"href":"https:\/\/zonenklaus.de\/wordpress\/index.php?rest_route=%2Fwp%2Fv2%2Fcomments&post=35131"}],"version-history":[{"count":3,"href":"https:\/\/zonenklaus.de\/wordpress\/index.php?rest_route=\/wp\/v2\/posts\/35131\/revisions"}],"predecessor-version":[{"id":35136,"href":"https:\/\/zonenklaus.de\/wordpress\/index.php?rest_route=\/wp\/v2\/posts\/35131\/revisions\/35136"}],"wp:attachment":[{"href":"https:\/\/zonenklaus.de\/wordpress\/index.php?rest_route=%2Fwp%2Fv2%2Fmedia&parent=35131"}],"wp:term":[{"taxonomy":"category","embeddable":true,"href":"https:\/\/zonenklaus.de\/wordpress\/index.php?rest_route=%2Fwp%2Fv2%2Fcategories&post=35131"},{"taxonomy":"post_tag","embeddable":true,"href":"https:\/\/zonenklaus.de\/wordpress\/index.php?rest_route=%2Fwp%2Fv2%2Ftags&post=35131"}],"curies":[{"name":"wp","href":"https:\/\/api.w.org\/{rel}","templated":true}]}}