{"id":35205,"date":"2020-09-25T21:41:48","date_gmt":"2020-09-25T20:41:48","guid":{"rendered":"https:\/\/zonenklaus.de\/wordpress\/?p=35205"},"modified":"2020-09-25T23:55:14","modified_gmt":"2020-09-25T22:55:14","slug":"25-september-2020-1901-uhr-dampfplauderer-schaeuble-cdu-meldet-sich-mal-wieder","status":"publish","type":"post","link":"https:\/\/zonenklaus.de\/wordpress\/?p=35205","title":{"rendered":"25. September 2020, 19:01 Uhr, Dampfplauderer Sch\u00e4uble (CDU) meldet sich mal wieder"},"content":{"rendered":"<p>\u2026 und meint: <i>&#8220;Wir m\u00fcssen unsere parlamentarische Demokratie zukunftsf\u00e4hig machen&#8221;<\/i><br \/>\n<a href=\"https:\/\/www.sueddeutsche.de\/politik\/schaeuble-bundestagspraesident-buergerraete-1.5044696\">Da hockt der Mann<\/a>, seit fast 50 Jahren im Parlament, bzw. rollt dort umher und bunst pl\u00f6tzlich ein unterirdisches Flachfeuerwerk <em>neuester Erkenntnisse<\/em> ab und meint u.a. pl\u00f6tzlich: <i>&#8220;Die Bindung zwischen W\u00e4hlern und Gew\u00e4hlten ist schw\u00e4cher geworden&#8221;.<\/i><br \/>\nDabei hat er doch banniges Gl\u00fcck, das jungdynamisch\/erfolglose Mutters\u00f6hnchen und nebenher Bruchpilot<a href=\"https:\/\/eulenspiegel-zeitschrift.de\/2019\/07\/immerhin-kein-maekelfritze\/\">, Philipp Amtho<\/a>r, wird schlie\u00dflich alles richten!<br \/>\nWas will er eigentlich mit solchen verbalen Luftnummern erreichen? Dabei dachte ich immer, dass<br \/>\nes sich bei W\u00f6lfchen, schon immer um einen konservativen Verfechter der<i> parlamentarische Demokratie <\/i>handelte.<br \/>\nWie will er \u00fcberhaupt eine Z<i>ukunftsf\u00e4higkeitsmachung <\/i>basteln?<br \/>\nDies gleicht doch einer neuerliche Luftnummer, wie m\u00fcssen dann eigentlich seine angedachten Pirouetten aussehen?<br \/>\nWenn ich zwischen den Zeilen lese, soll es sich da letztlich, zum wiederholten mal, um eine \u00e4hnlich Hinwendung des katholischen Zentrums, wie anno tuck, in Richtung der Nazipartei handeln, gleich zu Beginn der 1930er geschehen?<br \/>\nHeutzutage mit neuerlicher Hinwendung zur AfD hin&#8230;<br \/>\nIst es nicht zum Kreischen komisch, wenn Christparlamentarier Sch\u00e4uble abl\u00e4sst: <i>&#8220;Die Bindung zwischen W\u00e4hlern und Gew\u00e4hlten ist schw\u00e4cher geworden&#8221;. <\/i>Jene Neutralisierung war doch nur m\u00f6glich mit Hilfe der gelben und hellroten Mehrheitsbeschaffer und deren untert\u00e4nigen Wankelm\u00fctigkeiten. Aus deren Ecken auch permanent jene Steilvorlagen kommen, die nur dem rechten Rand n\u00fctzen.<!--more--><br \/>\nDa geht der Mann auf die 80 zu, will sogar wieder kandidieren und l\u00e4sst solch infantil anmutenden Cocktail-Smalltalk ab.<br \/>\nEs ist nicht zufassen, <i>er sieht ewig die <\/i><i> Splitter in den Augen seiner Br\u00fcder und Schwestern, ignoriert aber vollkommen ungetr\u00fcbt den Balken in seinen <\/i>Augen!.<i> <\/i><br \/>\nVerstehe die jungen Leute absolut nicht, dass sie nichts gegen solche stockkonservativen Mumien unternehmen, denn mit solch nostalgischen Gehabe, welches immer noch gepr\u00e4gt ist von einem irrwitzigen <i>Demokratieverst\u00e4ndnis<\/i>. Beginnend mit vielen her\u00fcbergeretteten Einstellungen aus der Nazizeit, die sich dort <i>bew\u00e4hrt<\/i> hatten. Dem kultivierten Desinteresse w\u00e4hrenden der bundesrepublikanischen Restaurationszeit und der immer <img loading=\"lazy\" decoding=\"async\" class=\"alignleft size-thumbnail wp-image-35206\" src=\"https:\/\/zonenklaus.de\/wordpress\/wp-content\/uploads\/2020\/09\/4.11.07-4-150x96.jpg\" alt=\"\" width=\"150\" height=\"96\" srcset=\"https:\/\/zonenklaus.de\/wordpress\/wp-content\/uploads\/2020\/09\/4.11.07-4-150x96.jpg 150w, https:\/\/zonenklaus.de\/wordpress\/wp-content\/uploads\/2020\/09\/4.11.07-4-300x191.jpg 300w, https:\/\/zonenklaus.de\/wordpress\/wp-content\/uploads\/2020\/09\/4.11.07-4.jpg 400w\" sizes=\"auto, (max-width: 150px) 100vw, 150px\" \/>noch anhaltenden Mentalit\u00e4t der drei chinesischen \u00c4ffchen, in allen Lebenslagen. Eigentlich resultierend aus einem gef\u00e4hrlich strohdummen Verst\u00e4ndnis, wo humanistische Werte nur noch als st\u00f6rend empfunden werden&#8230;<br \/>\n\u25b2 Habe extra dieses Motiv gew\u00e4hlt, damit sich besonders in heutigen #coronafaschistischen Zeiten, weiterhin politisch korrekte Kompetenzsimulanten<sup><b>*INNEN usw.<\/b><\/sup>; dummgeile Moralisten<sup><b>*INNEN usw. <\/b><\/sup>mit ausgepr\u00e4gten Laufmaschen an ihren Synapsen, hemmungslos entsprechend aufgeilen k\u00f6nnen!<br \/>\nEben auch beschlossen, dass mich ein Blitz beim Schei\u00dfen treffen soll, wenn ich statt Karotte, nochmals den Begriff <i>Mohr<\/i>r\u00fcbe verwenden sollte!<\/p>\n","protected":false},"excerpt":{"rendered":"<p>\u2026 und meint: &#8220;Wir m\u00fcssen unsere parlamentarische Demokratie zukunftsf\u00e4hig machen&#8221; Da hockt der Mann, seit fast 50 Jahren im Parlament, bzw. rollt dort umher und bunst pl\u00f6tzlich ein unterirdisches Flachfeuerwerk neuester Erkenntnisse ab und meint u.a. pl\u00f6tzlich: &#8220;Die Bindung zwischen W\u00e4hlern und Gew\u00e4hlten ist schw\u00e4cher geworden&#8221;. Dabei hat er doch banniges Gl\u00fcck, das jungdynamisch\/erfolglose Mutters\u00f6hnchen [&hellip;]<\/p>\n","protected":false},"author":6,"featured_media":0,"comment_status":"open","ping_status":"open","sticky":false,"template":"","format":"standard","meta":{"footnotes":""},"categories":[55],"tags":[],"class_list":["post-35205","post","type-post","status-publish","format-standard","hentry","category-alltaeglicher-wahnwitz"],"_links":{"self":[{"href":"https:\/\/zonenklaus.de\/wordpress\/index.php?rest_route=\/wp\/v2\/posts\/35205","targetHints":{"allow":["GET"]}}],"collection":[{"href":"https:\/\/zonenklaus.de\/wordpress\/index.php?rest_route=\/wp\/v2\/posts"}],"about":[{"href":"https:\/\/zonenklaus.de\/wordpress\/index.php?rest_route=\/wp\/v2\/types\/post"}],"author":[{"embeddable":true,"href":"https:\/\/zonenklaus.de\/wordpress\/index.php?rest_route=\/wp\/v2\/users\/6"}],"replies":[{"embeddable":true,"href":"https:\/\/zonenklaus.de\/wordpress\/index.php?rest_route=%2Fwp%2Fv2%2Fcomments&post=35205"}],"version-history":[{"count":5,"href":"https:\/\/zonenklaus.de\/wordpress\/index.php?rest_route=\/wp\/v2\/posts\/35205\/revisions"}],"predecessor-version":[{"id":35211,"href":"https:\/\/zonenklaus.de\/wordpress\/index.php?rest_route=\/wp\/v2\/posts\/35205\/revisions\/35211"}],"wp:attachment":[{"href":"https:\/\/zonenklaus.de\/wordpress\/index.php?rest_route=%2Fwp%2Fv2%2Fmedia&parent=35205"}],"wp:term":[{"taxonomy":"category","embeddable":true,"href":"https:\/\/zonenklaus.de\/wordpress\/index.php?rest_route=%2Fwp%2Fv2%2Fcategories&post=35205"},{"taxonomy":"post_tag","embeddable":true,"href":"https:\/\/zonenklaus.de\/wordpress\/index.php?rest_route=%2Fwp%2Fv2%2Ftags&post=35205"}],"curies":[{"name":"wp","href":"https:\/\/api.w.org\/{rel}","templated":true}]}}