{"id":35518,"date":"2020-11-22T23:21:59","date_gmt":"2020-11-22T22:21:59","guid":{"rendered":"https:\/\/zonenklaus.de\/wordpress\/?p=35518"},"modified":"2020-11-23T18:57:23","modified_gmt":"2020-11-23T17:57:23","slug":"existieren-positive-seiten-waehrend-der-pandemie","status":"publish","type":"post","link":"https:\/\/zonenklaus.de\/wordpress\/?p=35518","title":{"rendered":"Existieren positive Seiten w\u00e4hrend der Pandemie?"},"content":{"rendered":"<p>Ja!<br \/>\nDenn s\u00e4mtliche Covid-19-Flippies halten sich strikt an die <i>Allgemeine Erkl\u00e4rung der Menschenrechte, <\/i>vom 10. Dezember 1948. <i>Ohne irgendwelche Unterschiede <\/i>in Erw\u00e4gung zuziehen<i>, etwa nach Rasse, Hautfarbe, Geschlecht, Sprache, Religion, politischer oder sonstiger Anschauung, nationaler oder sozialer Herkunft, Verm\u00f6gen, Geburt oder sonstigem Stand!<\/i><br \/>\nWas in UNSEREN bundesgermanischen Gefilden bedeutet, Corona-Viren leisten deshalb auch ein vollst\u00e4ndiges <i>Bekenntnis zur freiheitlichen demokratischen Grundordnung<\/i>!<br \/>\nWas man von den Angeh\u00f6rigen der Gang20 Mischpoke nicht behaupten kann. Eigentlich geht es ihnen ja um anderweitige \u00f6konomische Belange, prompt hastete aber Frau Kanzler<b>*<\/b> an die Mikrofone und <i>mahnte Kooperation bei Corona-Impfstoff an. <\/i>Sie hat ja bis zu einem bestimmten Ma\u00df sogar recht, weil durch die sp\u00e4tere Produktion von Impf-Seren, dann Unmengen von Devisen \u00fcberall auf der Stra\u00dfe herumliegen. Da es sich letztlich um eine globale Lizenz zum Drucken von Geldern handelt, wie es sie in der Geschichte der Menschheit noch niemals gab.<br \/>\nWobei die G20er den neuerlichen Ostasien-Zusammenschluss des <a href=\"https:\/\/zh.wikipedia.org\/wiki\/%E5%8C%BA%E5%9F%9F%E5%85%A8%E9%9D%A2%E7%BB%8F%E6%B5%8E%E4%BC%99%E4%BC%B4%E5%85%B3%E7%B3%BB%E5%8D%8F%E5%AE%9A\"><i>Regional Comprehensive Economic Partnership<\/i><\/a> Vereins, demn\u00e4chst unb\u00e4ndig hofieren und dabei den F\u00fchrern der neuen Staatsmonopolistischen Kommunismus \u00c4ra, in Windeseile in deren Perforierungen ihrer verl\u00e4ngerten R\u00fccken kriechen werden. Wobei chinesische Ideologen und \u00d6konomen vollends auf die unglaubliche Einf\u00e4ltigkeit s\u00e4mtlicher westlicher Industrienationen in unmittelbarer Nachbarschaft setzten und postwendend den entsprechenden Sieg verbuchen konnten.<br \/>\nWie hei\u00dft es doch so sch\u00f6n?<br \/>\n\u201eNur die d\u00fcmmsten K\u00e4lber w\u00e4hlen ihre Schl\u00e4chter selber!\u201c<!--more--><br \/>\n<img loading=\"lazy\" decoding=\"async\" class=\"alignleft size-thumbnail wp-image-35525\" src=\"https:\/\/zonenklaus.de\/wordpress\/wp-content\/uploads\/2020\/11\/MUTTI-70x150.jpg\" alt=\"\" width=\"70\" height=\"150\" srcset=\"https:\/\/zonenklaus.de\/wordpress\/wp-content\/uploads\/2020\/11\/MUTTI-70x150.jpg 70w, https:\/\/zonenklaus.de\/wordpress\/wp-content\/uploads\/2020\/11\/MUTTI-140x300.jpg 140w, https:\/\/zonenklaus.de\/wordpress\/wp-content\/uploads\/2020\/11\/MUTTI.jpg 242w\" sizes=\"auto, (max-width: 70px) 100vw, 70px\" \/>*Fand ich gestern sehr witzig, als Frau Kanzler kurz durchs Bild <a href=\"https:\/\/zonenklaus.de\/wordpress\/wp-content\/uploads\/2020\/11\/Maedchen.mp3\">schlenderte.<\/a>. Da fielen mir ihre immer weiter ausladenden Sitzwangen auf. So manchen werden sie bestimmt an Hinterteile von Belgischen Kaltbl\u00fctern erinnern. Jener Erkenntnis schlie\u00dfe ich mich allerdings nicht an! Staune aber immer wieder, dass sie permanent den Mut aufbringt, sich dazu auch noch so entsprechend unvorteilhaft zu kleiden.<br \/>\nWie will sie ihr fesches Outfit dem n\u00e4chst eigentlich h\u00e4ndeln, wo doch ihr modischer Einfl\u00fcsterer, Herr <a href=\"https:\/\/www.t-online.de\/unterhaltung\/stars\/id_88978250\/udo-walz-76-ist-tot-starfriseur-starb-in-der-charite.html\"><em>Uwo Dalz<\/em><\/a>, nun nicht mehr einkaufen geht?<\/p>\n","protected":false},"excerpt":{"rendered":"<p>Ja! Denn s\u00e4mtliche Covid-19-Flippies halten sich strikt an die Allgemeine Erkl\u00e4rung der Menschenrechte, vom 10. Dezember 1948. Ohne irgendwelche Unterschiede in Erw\u00e4gung zuziehen, etwa nach Rasse, Hautfarbe, Geschlecht, Sprache, Religion, politischer oder sonstiger Anschauung, nationaler oder sozialer Herkunft, Verm\u00f6gen, Geburt oder sonstigem Stand! Was in UNSEREN bundesgermanischen Gefilden bedeutet, Corona-Viren leisten deshalb auch ein vollst\u00e4ndiges [&hellip;]<\/p>\n","protected":false},"author":6,"featured_media":0,"comment_status":"open","ping_status":"open","sticky":false,"template":"","format":"standard","meta":{"footnotes":""},"categories":[55],"tags":[],"class_list":["post-35518","post","type-post","status-publish","format-standard","hentry","category-alltaeglicher-wahnwitz"],"_links":{"self":[{"href":"https:\/\/zonenklaus.de\/wordpress\/index.php?rest_route=\/wp\/v2\/posts\/35518","targetHints":{"allow":["GET"]}}],"collection":[{"href":"https:\/\/zonenklaus.de\/wordpress\/index.php?rest_route=\/wp\/v2\/posts"}],"about":[{"href":"https:\/\/zonenklaus.de\/wordpress\/index.php?rest_route=\/wp\/v2\/types\/post"}],"author":[{"embeddable":true,"href":"https:\/\/zonenklaus.de\/wordpress\/index.php?rest_route=\/wp\/v2\/users\/6"}],"replies":[{"embeddable":true,"href":"https:\/\/zonenklaus.de\/wordpress\/index.php?rest_route=%2Fwp%2Fv2%2Fcomments&post=35518"}],"version-history":[{"count":5,"href":"https:\/\/zonenklaus.de\/wordpress\/index.php?rest_route=\/wp\/v2\/posts\/35518\/revisions"}],"predecessor-version":[{"id":35526,"href":"https:\/\/zonenklaus.de\/wordpress\/index.php?rest_route=\/wp\/v2\/posts\/35518\/revisions\/35526"}],"wp:attachment":[{"href":"https:\/\/zonenklaus.de\/wordpress\/index.php?rest_route=%2Fwp%2Fv2%2Fmedia&parent=35518"}],"wp:term":[{"taxonomy":"category","embeddable":true,"href":"https:\/\/zonenklaus.de\/wordpress\/index.php?rest_route=%2Fwp%2Fv2%2Fcategories&post=35518"},{"taxonomy":"post_tag","embeddable":true,"href":"https:\/\/zonenklaus.de\/wordpress\/index.php?rest_route=%2Fwp%2Fv2%2Ftags&post=35518"}],"curies":[{"name":"wp","href":"https:\/\/api.w.org\/{rel}","templated":true}]}}