{"id":35779,"date":"2020-12-21T22:40:57","date_gmt":"2020-12-21T21:40:57","guid":{"rendered":"https:\/\/zonenklaus.de\/wordpress\/?p=35779"},"modified":"2020-12-22T00:41:28","modified_gmt":"2020-12-21T23:41:28","slug":"top-arzt-kritisiert-organhandel-krimi","status":"publish","type":"post","link":"https:\/\/zonenklaus.de\/wordpress\/?p=35779","title":{"rendered":"Top-Arzt kritisiert Organhandel-Krimi"},"content":{"rendered":"<p><i><a href=\"https:\/\/www.bild.de\/unterhaltung\/tv\/tv\/tatort-arzt-kritisiert-organhandel-krimi-er-koennte-leben-kosten-74552788.bild.html###wt_ref=https%3A%2F%2Fwww.google.com%2F&amp;wt_t=1608573713859\">Dieser \u201eTatort\u201c k\u00f6nnte Leben kosten,<\/a> <\/i>aha!<br \/>\n<b>&#8211; <\/b><i>Prof. Meiser zu BILD: \u201eEs gibt leider immer wieder solche rei\u00dferischen Filme, die sicher auf gro\u00dfes Interesse beim Publikum sto\u00dfen. Was sich die Filmemacher dabei h\u00e4ufig nicht \u00fcberlegen oder billigend in Kauf nehmen, ist die gro\u00dfe Verunsicherung, die ein solcher Beitrag in der Bev\u00f6lkerung ausl\u00f6st.\u201c<\/i><br \/>\n<b>&#8211;<\/b><i><b> <\/b><\/i><i>Das k\u00f6nne sogar echte Leben kosten: \u201eWas dann letztendlich zulasten der Spendenbereitschaft geht und damit zulasten der vielen Tausend Menschen, die auf ein Spenderorgan warten \u2013 und indirekt auch wegen eines solchen Filmes auf der Warteliste versterben.\u201c<\/i><br \/>\n<i>Einen Fall wie im \u201eTatort\u201c sei ihm in seiner Praxis noch nie untergekommen, sagt Prof. Meiser, der 15 Jahre lang (2005 bis 2020) Pr\u00e4sident von Eurotransplant war.<\/i><br \/>\n<i>Selbst illegal im dunklen Keller sei das nicht m\u00f6glich:\u201eDann m\u00fcssten die T\u00e4ter eine eigene Intensivstation und OPs haben, die T\u00f6tung m\u00fcsste dort erfolgen, es m\u00fcsste eine ganze Anzahl von auf Transplantationen spezialisierten \u00c4rzten und Schwestern geben, die dichthalten. Diese m\u00fcssten die Organentnahme, Transplantation und Nachbehandlung dort durchf\u00fchren und es m\u00fcsste Patienten geben, die bereit sind, sich in eine solche Situation zu begeben. V\u00f6llig ausgeschlossen!\u201c<\/i><br \/>\nVersuchte mal etwas mehr \u00fcber den <i>Top-Arzt<\/i> zu erfahren, da gab aber WIKI nicht viel her. Im Saarland erblickte er das Licht der Welt! Was seine Herkunft angeht, ist wahrscheinlich davon auszugehen, dass sie ziemlich weit unten angesiedelt war&#8230;<br \/>\nSeinem Altkanzler ging es ja \u00e4hnlich, deshalb kroch er im entscheidenden Augenblick sofort in Brioni-Klamotten, damit alle sofort sehen konnten &#8211; dass aus ihm doch etwas geworden ist!<br \/>\nWahrscheinlich lie\u00df sich der <i>Star-Professor, <\/i>f\u00fcr BILD, deshalb auch in ein entsprechendes Licht stellen.<br \/>\n<i>Wee\u00df nich<\/i>!<!--more--><br \/>\n<img loading=\"lazy\" decoding=\"async\" class=\"alignleft size-thumbnail wp-image-35780\" src=\"https:\/\/zonenklaus.de\/wordpress\/wp-content\/uploads\/2020\/12\/Tatort-Arzt-kritisiert-117x150.jpg\" alt=\"\" width=\"117\" height=\"150\" srcset=\"https:\/\/zonenklaus.de\/wordpress\/wp-content\/uploads\/2020\/12\/Tatort-Arzt-kritisiert-117x150.jpg 117w, https:\/\/zonenklaus.de\/wordpress\/wp-content\/uploads\/2020\/12\/Tatort-Arzt-kritisiert-234x300.jpg 234w, https:\/\/zonenklaus.de\/wordpress\/wp-content\/uploads\/2020\/12\/Tatort-Arzt-kritisiert-624x800.jpg 624w, https:\/\/zonenklaus.de\/wordpress\/wp-content\/uploads\/2020\/12\/Tatort-Arzt-kritisiert.jpg 726w\" sizes=\"auto, (max-width: 117px) 100vw, 117px\" \/>Er versucht anscheinend ein vermeintliches Dandylike darzustellen, wenn ich aber die Passgenauigkeit seines Zwirns betrachte, kommt alles recht stillos her\u00fcber. Allerdings ist Stillosigkeit auch eine Form von aussagekr\u00e4ftigem Stil, der wiederum auch tief blicken l\u00e4sst! \u00dcber den entsprechend farbenfrohen Kulturstrick will ich kein Wort verlieren&#8230;<br \/>\nKann es vielleicht sein, dass Herr <i>Top-Arzt <\/i>m\u00f6glicherweise sich keine M\u00fche gab oder die <i>ganz wichtigen Zeichen der Zeit <\/i>verpennte, um irgendein Trittbrett zu finden, wo er auch noch als Allerwelts-E<i>ks<\/i>perte, auf den Corvid-19 Bummelzug h\u00e4tte aufspringen k\u00f6nnen.<br \/>\nZu dem was ich jetzt ablassen m\u00f6chte, kann ich allerdings nicht viel sagen! Doch etwas in Richtung eines Sachkenners, der zwar von Tatort-Krimis absolut keine Ahnung hat, trotzdem irgendwelchen <i>nachhaltigen<\/i> Schei\u00df ablassen muss. Mit vorbereitenden N\u00e4harbeiten besch\u00e4ftigt, blubberte nebenher die Glotze, da ich sie angestellt hatte, um den USB-Stick zu aktivieren. Es handelte sich vielleicht um die letzten 30 Minuten und dabei registrierte, wie dusselig sich das Ermittlungsteam anstellte. So bekam ich aber noch mit, es drehte sich um <i>eine recht pfiffige Beschaffung von gesunden Ersatzteilen<\/i> f\u00fcr den entsprechenden Transplantationsmarkt&#8230;<br \/>\nDa anschlie\u00dfend \u00e4hnlicher Tinnef lief, reichte es mir und zog es vor, den sonnt\u00e4gliche Sudoku hervorzukramen.<br \/>\nHeute morgen war es DLF-Kultur <a href=\"https:\/\/zonenklaus.de\/wordpress\/wp-content\/uploads\/2020\/12\/TATORT.mp3\">eine dringende Meldung Wert.<\/a><br \/>\nWollte es nun genauer wissen, was <i>Dr. Prof. med.<\/i> Bruno Meiser eigentlich abgelassen hatte. Gab allerdings nicht viel her, au\u00dferdem fiel mit pl\u00f6tzlich <em>zu Meiser noch etwas ein<\/em>, da war doch noch irgendetwas&#8230;<br \/>\nAlso nochmals rein <a href=\"https:\/\/www.aerztezeitung.de\/Politik\/Klare-Kante-zeigen-308454.html\">ins Netz und wurde f\u00fcndig.<\/a><br \/>\nWas dem erhabenen Doc nicht bekannt schien, lange vor der vermarkteten Problematik des <i>Tatorts<\/i>, existieren sein Jahrzehnten bereits ganz \u00e4hnliche Machwerke!<br \/>\nFand sogar einen <i>janz ollen<\/i> Artikel der<a href=\"https:\/\/taz.de\/The-Body-Trade-im-Stuekke\/!1370715\/\"> Sch\u00fclerzeitung,<\/a> in dem auf eine Vorf\u00fchrung im St\u00fckke-Theater hingewiesen wurde: &#8220;The Body Trade&#8221;.<br \/>\nWenn mich nicht alles t\u00e4uscht, war es die erste Vorstellung, nach der Renovierung des Theaters. Kannte die gesamte Hof-Anlage lediglich vom kleinen Sputnik-Kino und einer Kneipe.<br \/>\nWir waren damals zur Premiere eingeladen und es handelte sich um eine witzig gemachte Handlung. Au\u00dferdem spielte Ulrike Volkerts grandios auf den B\u00fchnenbrettern! Aus der Glotze kannte ich sie lediglich von einem ihrer ersten <i>Tatorte&#8230;<\/i><\/p>\n","protected":false},"excerpt":{"rendered":"<p>Dieser \u201eTatort\u201c k\u00f6nnte Leben kosten, aha! &#8211; Prof. Meiser zu BILD: \u201eEs gibt leider immer wieder solche rei\u00dferischen Filme, die sicher auf gro\u00dfes Interesse beim Publikum sto\u00dfen. Was sich die Filmemacher dabei h\u00e4ufig nicht \u00fcberlegen oder billigend in Kauf nehmen, ist die gro\u00dfe Verunsicherung, die ein solcher Beitrag in der Bev\u00f6lkerung ausl\u00f6st.\u201c &#8211; Das k\u00f6nne [&hellip;]<\/p>\n","protected":false},"author":6,"featured_media":0,"comment_status":"open","ping_status":"open","sticky":false,"template":"","format":"standard","meta":{"footnotes":""},"categories":[1,55],"tags":[],"class_list":["post-35779","post","type-post","status-publish","format-standard","hentry","category-allgemeines","category-alltaeglicher-wahnwitz"],"_links":{"self":[{"href":"https:\/\/zonenklaus.de\/wordpress\/index.php?rest_route=\/wp\/v2\/posts\/35779","targetHints":{"allow":["GET"]}}],"collection":[{"href":"https:\/\/zonenklaus.de\/wordpress\/index.php?rest_route=\/wp\/v2\/posts"}],"about":[{"href":"https:\/\/zonenklaus.de\/wordpress\/index.php?rest_route=\/wp\/v2\/types\/post"}],"author":[{"embeddable":true,"href":"https:\/\/zonenklaus.de\/wordpress\/index.php?rest_route=\/wp\/v2\/users\/6"}],"replies":[{"embeddable":true,"href":"https:\/\/zonenklaus.de\/wordpress\/index.php?rest_route=%2Fwp%2Fv2%2Fcomments&post=35779"}],"version-history":[{"count":4,"href":"https:\/\/zonenklaus.de\/wordpress\/index.php?rest_route=\/wp\/v2\/posts\/35779\/revisions"}],"predecessor-version":[{"id":35785,"href":"https:\/\/zonenklaus.de\/wordpress\/index.php?rest_route=\/wp\/v2\/posts\/35779\/revisions\/35785"}],"wp:attachment":[{"href":"https:\/\/zonenklaus.de\/wordpress\/index.php?rest_route=%2Fwp%2Fv2%2Fmedia&parent=35779"}],"wp:term":[{"taxonomy":"category","embeddable":true,"href":"https:\/\/zonenklaus.de\/wordpress\/index.php?rest_route=%2Fwp%2Fv2%2Fcategories&post=35779"},{"taxonomy":"post_tag","embeddable":true,"href":"https:\/\/zonenklaus.de\/wordpress\/index.php?rest_route=%2Fwp%2Fv2%2Ftags&post=35779"}],"curies":[{"name":"wp","href":"https:\/\/api.w.org\/{rel}","templated":true}]}}