{"id":35920,"date":"2021-01-20T23:19:48","date_gmt":"2021-01-20T22:19:48","guid":{"rendered":"https:\/\/zonenklaus.de\/wordpress\/?p=35920"},"modified":"2022-07-01T09:25:02","modified_gmt":"2022-07-01T08:25:02","slug":"berliner-senat-will-maskenpflicht-scharf-kontrollieren-und-droht-mit-bussgel","status":"publish","type":"post","link":"https:\/\/zonenklaus.de\/wordpress\/?p=35920","title":{"rendered":"Berliner Senat will Maskenpflicht scharf kontrollieren und droht mit Bu\u00dfgeld!"},"content":{"rendered":"<p><a href=\"https:\/\/www.berliner-zeitung.de\/news\/corona-in-berlin-senat-stimmt-beschluessen-des-bundes-zu-li.134008\">Darauf freuen wir uns doch!<\/a><br \/>\nUNSER Oberdorfschulze hat verdammtes Gl\u00fcck, dass er an der Corona-Malaise so au\u00dferordentlich teilhaben kann. Seine momentane Wertigkeit wurde ja durch einen kleinen Umstand, im Oktober letzten Jahres noch etwas erh\u00f6ht, ihm fiel da noch jener wandernde Vorsitz der Ministerpr\u00e4sidentenkonferenz (MPK) vollkommen unschuldig in seinen Scho\u00df.<br \/>\nWas er allein in den ersten Tagen des neuen Jahres plappern konnte, hat er f\u00fcr meine Begriffe, w\u00e4hrend seiner gesamten bisherigen Amtszeit nie fertig bekommen. Allerdings kann ich mich nicht an irgendwelche Dampfplaudereien seinerseits erinnern, die auch nur ein Qu\u00e4ntchen gehaltvoller r\u00fcberkamen&#8230;<br \/>\nMuss es ihm aber lassen, seine gewichtige Mimik kam dabei immer gut r\u00fcber, allerdings muss er noch etwas \u00fcben, denn zum k\u00f6rperlichen Einsatz vom verblichenen Parteikollegen,<a href=\"https:\/\/www.youtube.com\/watch?v=389iGpOt578\"> Bruder Johannes<\/a>, da fehlt ihn noch einiges&#8230;<br \/>\nW\u00e4hrend der heutigen<a href=\"https:\/\/www.rbb-online.de\/abendschau\/videos\/20210120_1930\/berlin-verschaerft-die-maskenpflicht.html\"> Abendschau<\/a> war ich dann doch etwas verbl\u00fcfft. Micha redete zwar unaufh\u00f6rlich, sagte dabei nicht allzu viel brauchbares, verzichtete aber fast g\u00e4nzlich auf seine sonst \u00fcbliche <i>Schlaftablettementalit\u00e4t. <\/i><br \/>\n<strong>\u00a0&#8211;<\/strong> Morgens kam \u00e4hnliches bereits \u00fcbers Radio, dort erfolgte auch noch der Hinweis, bei der gestrigen <i>Zusammenkunft<\/i>, nahmen auch <i>P\u00fccholochen<\/i> teil, <i>die wohl an der Erkl\u00e4rung mitgearbeitet hatten<\/i>.<br \/>\nMerkw\u00fcrdig, da hockten die <i>wichtigsten<\/i> Leute dieser Republik 8 Stunden herum, stahlen dem Lieben Gott die Zeit und heraus kam eine schlecht gedrechselte Worth\u00fclse mit der \u00fcblichen Botschaft. <i>Was daran der Anteil von den auch ganz, ganz wichtigen Nervenklempnern gewesen sein soll, wee\u00df der Deibel&#8230; <\/i><\/p>\n","protected":false},"excerpt":{"rendered":"<p>Darauf freuen wir uns doch! UNSER Oberdorfschulze hat verdammtes Gl\u00fcck, dass er an der Corona-Malaise so au\u00dferordentlich teilhaben kann. Seine momentane Wertigkeit wurde ja durch einen kleinen Umstand, im Oktober letzten Jahres noch etwas erh\u00f6ht, ihm fiel da noch jener wandernde Vorsitz der Ministerpr\u00e4sidentenkonferenz (MPK) vollkommen unschuldig in seinen Scho\u00df. Was er allein in den [&hellip;]<\/p>\n","protected":false},"author":6,"featured_media":0,"comment_status":"open","ping_status":"open","sticky":false,"template":"","format":"standard","meta":{"footnotes":""},"categories":[55],"tags":[],"class_list":["post-35920","post","type-post","status-publish","format-standard","hentry","category-alltaeglicher-wahnwitz"],"_links":{"self":[{"href":"https:\/\/zonenklaus.de\/wordpress\/index.php?rest_route=\/wp\/v2\/posts\/35920","targetHints":{"allow":["GET"]}}],"collection":[{"href":"https:\/\/zonenklaus.de\/wordpress\/index.php?rest_route=\/wp\/v2\/posts"}],"about":[{"href":"https:\/\/zonenklaus.de\/wordpress\/index.php?rest_route=\/wp\/v2\/types\/post"}],"author":[{"embeddable":true,"href":"https:\/\/zonenklaus.de\/wordpress\/index.php?rest_route=\/wp\/v2\/users\/6"}],"replies":[{"embeddable":true,"href":"https:\/\/zonenklaus.de\/wordpress\/index.php?rest_route=%2Fwp%2Fv2%2Fcomments&post=35920"}],"version-history":[{"count":5,"href":"https:\/\/zonenklaus.de\/wordpress\/index.php?rest_route=\/wp\/v2\/posts\/35920\/revisions"}],"predecessor-version":[{"id":38623,"href":"https:\/\/zonenklaus.de\/wordpress\/index.php?rest_route=\/wp\/v2\/posts\/35920\/revisions\/38623"}],"wp:attachment":[{"href":"https:\/\/zonenklaus.de\/wordpress\/index.php?rest_route=%2Fwp%2Fv2%2Fmedia&parent=35920"}],"wp:term":[{"taxonomy":"category","embeddable":true,"href":"https:\/\/zonenklaus.de\/wordpress\/index.php?rest_route=%2Fwp%2Fv2%2Fcategories&post=35920"},{"taxonomy":"post_tag","embeddable":true,"href":"https:\/\/zonenklaus.de\/wordpress\/index.php?rest_route=%2Fwp%2Fv2%2Ftags&post=35920"}],"curies":[{"name":"wp","href":"https:\/\/api.w.org\/{rel}","templated":true}]}}