{"id":36448,"date":"2021-04-05T22:30:47","date_gmt":"2021-04-05T21:30:47","guid":{"rendered":"https:\/\/zonenklaus.de\/wordpress\/?p=36448"},"modified":"2024-08-11T13:40:32","modified_gmt":"2024-08-11T12:40:32","slug":"mehrheit-der-deutschen-fordert-mehr-lockdown-macht-fuer-merkel","status":"publish","type":"post","link":"https:\/\/zonenklaus.de\/wordpress\/?p=36448","title":{"rendered":"Mehrheit der Deutschen fordert &#8211; Mehr Lockdown-Macht f\u00fcr Merkel!"},"content":{"rendered":"<p><img loading=\"lazy\" decoding=\"async\" class=\"alignleft size-thumbnail wp-image-36451\" src=\"https:\/\/zonenklaus.de\/wordpress\/wp-content\/uploads\/2021\/04\/Leid-ertragen-134x150.jpg\" alt=\"\" width=\"134\" height=\"150\" srcset=\"https:\/\/zonenklaus.de\/wordpress\/wp-content\/uploads\/2021\/04\/Leid-ertragen-134x150.jpg 134w, https:\/\/zonenklaus.de\/wordpress\/wp-content\/uploads\/2021\/04\/Leid-ertragen-269x300.jpg 269w, https:\/\/zonenklaus.de\/wordpress\/wp-content\/uploads\/2021\/04\/Leid-ertragen-917x1024.jpg 917w, https:\/\/zonenklaus.de\/wordpress\/wp-content\/uploads\/2021\/04\/Leid-ertragen-768x857.jpg 768w, https:\/\/zonenklaus.de\/wordpress\/wp-content\/uploads\/2021\/04\/Leid-ertragen-1376x1536.jpg 1376w, https:\/\/zonenklaus.de\/wordpress\/wp-content\/uploads\/2021\/04\/Leid-ertragen-624x697.jpg 624w, https:\/\/zonenklaus.de\/wordpress\/wp-content\/uploads\/2021\/04\/Leid-ertragen.jpg 1803w\" sizes=\"auto, (max-width: 134px) 100vw, 134px\" \/>Wenn man mich fragen w\u00fcrde, mir sind keine <a href=\"https:\/\/www.t-online.de\/nachrichten\/deutschland\/id_89779544\/umfrage-mehrheit-der-deutschen-will-merkel-in-corona-krise-mehr-macht-geben-.html\">Doitschen<sup><b>*INNEN <\/b><\/sup><\/a>bekannt, die auf solche Forderungen bestehen. Auch nicht von jenen Leuten<sup><b>*INNEN<\/b><\/sup> der nachfolgenden Generationen mit langsam verk\u00fcmmernden Migrationswurzeln!<br \/>\nAuf welchen Besoldungslisten findet man eigentlich jene Statistiker?<b> <\/b>Sind sie sehr nahe bei Frau Kanzler angesiedelt, h\u00e4ngt da der eine oder andere im Maskengesch\u00e4ft mit drin? Werden vielleicht sehr folgsamen SARS-CoV-2-Jongleuren, f\u00fcr ihre Zahlenspielchen, anschlie\u00dfend sehr gut dotierte P\u00f6stchen irgendwo in Aussicht gestellt?<br \/>\nHatte f\u00fcr eine l\u00e4ngere U-Bahnfahrt vergessen Lesezeug einzustecken, verfolgte deshalb die recht merkw\u00fcrdig anmutenden <i>Meldungen<\/i> im \u201eBERLINER FENSTER\u201c.<br \/>\nIm Netz fand ich nat\u00fcrlich nichts dazu, landete aber beim TAGESSPITZEL.<br \/>\nErinnerte mich an jene Zahlen die dort ebenfalls auftauchten, fand den folgenden Artikel dazu allerdings recht merkw\u00fcrdig. <i> <\/i><br \/>\n\u25ba<i>In Berlin sind weitere 194 Infektionen mit dem Corona-Virus erkannt worden. Damit liegt die Gesamtzahl der F\u00e4lle nun bei 149.231, wie die Senatsgesundheitsverwaltung in ihrem Lagebericht am Montag berichtete. Innerhalb einer Woche wurden 128,8 Ansteckungen je 100.000 Einwohner als Sieben-Tage-Inzidenz registriert.<\/i><br \/>\n\u25ba<i>Seit Beginn der Pandemie sind in Berlin 3086 Menschen im Zusammenhang mit dem Coronavirus gestorben. 136.605 Menschen gelten mittlerweile als genesen.<\/i><br \/>\n\u25ba<i>Die Berliner Corona-Ampel zeigt bei der Inzidenz weiter Rot. Beim sogenannten R-Wert ist sie mit 1,0 noch im gr\u00fcnen Bereich. Der R-Wert gibt an, wie viele Menschen eine infizierte Person durchschnittlich ansteckt. 21,2 Prozent der Intensivbetten sind mit Covid-19-Patienten belegt. Die Berliner Ampel zeigt bei diesem steigenden Wert weiter Gelb.<\/i><br \/>\n<!--more-->Was mich in dem Zusammenhang interessieren w\u00fcrde, welch <i>subjektivistisches Schweinchen Schlau<\/i> kam \u00fcberhaupt auf den Gedanken mit der Inzidenz? Wie lange soll \u00fcberhaupt mit deren willk\u00fcrlich festgelegten Ziffern weiterhin herumgehurt werden? Jene neuzeitliche Definition tr\u00e4gt doch lediglich zur intensiven Verunsicherung der Untertanen bei, hinzu kommt das ewige Geplapper von den Infektionswellen! Bei einer l\u00e4ngeren Darstellung solcherart Statistik, kommt letztlich ein fast belangloses Gepl\u00e4tscher bei raus. Zumal dann auch noch die extremen Spitzen gekappt werden&#8230;<br \/>\n<i>Seit Beginn der Pandemie sind in Berlin 3086 Menschen im Zusammenhang mit dem Coronavirus gestorben. 136.605 Menschen gelten mittlerweile als genesen.<\/i><br \/>\nAuf welchen Tag bezieht sich der Beginn dieser Pandemie \u00fcberhaupt? Schon da beginnt die statistische Schweinerei! Ist doch wohl ein Unterschied, ob ein oder anderthalb Jahre daf\u00fcr herhalten m\u00fcssen! Bei 3,645 Millionen Berliner<b>*<\/b><sup><b>INNEN usw. <\/b><\/sup>kommt es in dem Moment aber zu gewaltigen prozentualen Verschiebungen! Wie wurde au\u00dferdem belegt, dass es sich bei den <i>3086 <\/i>Verblichenen, wirklich um Coronatote handelte?<br \/>\nIm U-Bahnmonitor gab es noch den Hinweis auf einen abgekratzten Berliner in den letzten sieben Tagen, der online nicht erw\u00e4hnt wurde.<br \/>\nHabe festgestellt, im Netz findet man kaum noch irgendwelche Statistiken aus fr\u00fcheren Zeiten. Noch weniger solche von den vergangenen Monaten, ebenso zu M\u00e4nnchen und Weibchen nebst entsprechenden Altersangaben, sowie deren Vorerkrankungen und k\u00f6rperlichen Konstitutionen&#8230;<br \/>\nAls ich ein EDV-Semester abhaken musste, sind wir vor 40 Jahren im <a href=\"https:\/\/www.ibm.com\/de-de\/products\/spss-statistics\">SPSS-Statistikprogramm des FU-Rechners<\/a> herum gesurft. War damals bereits misstrauische, wenn <em>Berufsoptimisten<\/em> die kommende digitale Zeit einl\u00e4uteten. Gerade der Umgang mit dem ganzen Datenmaterial ging mir anfangs sogar am verl\u00e4ngerten R\u00fccken vorbei, weil ich das Zeug nicht f\u00fcr mein Leben ben\u00f6tigte. Leider blieb es nicht aus, dass schlie\u00dflich vieles davon, wie eine unsichtbare Krake, dann doch sehr schleichend Besitz von mir ergriff&#8230;<br \/>\nAbschlie\u00dfend noch ein Beleg, wie man am Wust der Argumentationen irgendwelcher Wichtigtuer fast erstickt und damit schon lange das Gef\u00fchl einhergeht, dass es denen v\u00f6llig egal erscheint, wenn die Leute sich langsam daran gew\u00f6hnen, in der Zukunft <i>nachhaltig<\/i> nur noch kniend zu vegetieren&#8230;<br \/>\n<a href=\"https:\/\/www.bild.de\/bild-plus\/politik\/inland\/politik-inland\/bild-nennt-die-geheimen-details-merkel-plant-den-bundeslockdown-75945720,view=conversionToLogin.bild.html\">Merkel plant den Bundeslockdown<\/a><br \/>\n<a href=\"https:\/\/www.gmx.net\/magazine\/politik\/laschet-bruecken-lockdown-april-vorziehen-mpk-35692766\">Laschet will &#8220;Br\u00fccken-Lockdown&#8221;<\/a> im April &#8211; F\u00fcr Vorziehen der MPK<br \/>\n<a href=\"https:\/\/www.gmx.net\/magazine\/regio\/berlin\/mueller-laschets-vorschlag-vorgezogene-beratungen-35692990\">M\u00fcller gegen Laschets Vorschlag<\/a> f\u00fcr vorgezogene Beratungen<\/p>\n<p><strong>Fu\u00dfnote: <\/strong><br \/>\n<img loading=\"lazy\" decoding=\"async\" class=\"alignleft size-thumbnail wp-image-36454\" src=\"https:\/\/zonenklaus.de\/wordpress\/wp-content\/uploads\/2021\/04\/L-A-S-C-H-E-T-150x87.jpg\" alt=\"\" width=\"150\" height=\"87\" srcset=\"https:\/\/zonenklaus.de\/wordpress\/wp-content\/uploads\/2021\/04\/L-A-S-C-H-E-T-150x87.jpg 150w, https:\/\/zonenklaus.de\/wordpress\/wp-content\/uploads\/2021\/04\/L-A-S-C-H-E-T-300x173.jpg 300w, https:\/\/zonenklaus.de\/wordpress\/wp-content\/uploads\/2021\/04\/L-A-S-C-H-E-T.jpg 587w\" sizes=\"auto, (max-width: 150px) 100vw, 150px\" \/>Da der Mann sich f\u00fcr den Mittelpunkt der Welt h\u00e4lt, wird auch niemals etwas anderes von ihm kommen. Deshalb muss er vom Koben der Macht entfernt werden und viele andere ebenso!<br \/>\n<strong>Ende der Fu\u00dfnote!<\/strong><\/p>\n","protected":false},"excerpt":{"rendered":"<p>Wenn man mich fragen w\u00fcrde, mir sind keine Doitschen*INNEN bekannt, die auf solche Forderungen bestehen. Auch nicht von jenen Leuten*INNEN der nachfolgenden Generationen mit langsam verk\u00fcmmernden Migrationswurzeln! Auf welchen Besoldungslisten findet man eigentlich jene Statistiker? Sind sie sehr nahe bei Frau Kanzler angesiedelt, h\u00e4ngt da der eine oder andere im Maskengesch\u00e4ft mit drin? Werden vielleicht [&hellip;]<\/p>\n","protected":false},"author":6,"featured_media":0,"comment_status":"open","ping_status":"open","sticky":false,"template":"","format":"standard","meta":{"footnotes":""},"categories":[55],"tags":[],"class_list":["post-36448","post","type-post","status-publish","format-standard","hentry","category-alltaeglicher-wahnwitz"],"_links":{"self":[{"href":"https:\/\/zonenklaus.de\/wordpress\/index.php?rest_route=\/wp\/v2\/posts\/36448","targetHints":{"allow":["GET"]}}],"collection":[{"href":"https:\/\/zonenklaus.de\/wordpress\/index.php?rest_route=\/wp\/v2\/posts"}],"about":[{"href":"https:\/\/zonenklaus.de\/wordpress\/index.php?rest_route=\/wp\/v2\/types\/post"}],"author":[{"embeddable":true,"href":"https:\/\/zonenklaus.de\/wordpress\/index.php?rest_route=\/wp\/v2\/users\/6"}],"replies":[{"embeddable":true,"href":"https:\/\/zonenklaus.de\/wordpress\/index.php?rest_route=%2Fwp%2Fv2%2Fcomments&post=36448"}],"version-history":[{"count":6,"href":"https:\/\/zonenklaus.de\/wordpress\/index.php?rest_route=\/wp\/v2\/posts\/36448\/revisions"}],"predecessor-version":[{"id":42064,"href":"https:\/\/zonenklaus.de\/wordpress\/index.php?rest_route=\/wp\/v2\/posts\/36448\/revisions\/42064"}],"wp:attachment":[{"href":"https:\/\/zonenklaus.de\/wordpress\/index.php?rest_route=%2Fwp%2Fv2%2Fmedia&parent=36448"}],"wp:term":[{"taxonomy":"category","embeddable":true,"href":"https:\/\/zonenklaus.de\/wordpress\/index.php?rest_route=%2Fwp%2Fv2%2Fcategories&post=36448"},{"taxonomy":"post_tag","embeddable":true,"href":"https:\/\/zonenklaus.de\/wordpress\/index.php?rest_route=%2Fwp%2Fv2%2Ftags&post=36448"}],"curies":[{"name":"wp","href":"https:\/\/api.w.org\/{rel}","templated":true}]}}