{"id":36508,"date":"2021-04-13T21:54:20","date_gmt":"2021-04-13T20:54:20","guid":{"rendered":"https:\/\/zonenklaus.de\/wordpress\/?p=36508"},"modified":"2021-04-14T00:17:58","modified_gmt":"2021-04-13T23:17:58","slug":"markus-soeders-coup-soll-1979-wiederholen","status":"publish","type":"post","link":"https:\/\/zonenklaus.de\/wordpress\/?p=36508","title":{"rendered":"Markus S\u00f6ders Coup soll 1979 wiederholen!"},"content":{"rendered":"<p style=\"padding-left: 40px;\"><a href=\"https:\/\/web.de\/magazine\/politik\/wahlen\/bundestagswahl\/markus-soeders-coup-1979-wiederholen-35714802\">Lasst ihn nur machen,<\/a> denn er wei\u00df nicht was er tut!<br \/>\nWelch ernst gemeinter Rest-Bundesgermane m\u00f6chte schon den H\u00e4uptling des z\u00e4nkischen Bergvolkes n\u00f6rdlich der Alpen, in Berlin herumsterzeln sehen? Bei den katholischen Bajuwaren kann ich mir lebhaft vorstellen, dass sie den dr\u00f6gen Lutheraner liebend gern hergeben w\u00fcrden&#8230;<br \/>\nBin mir au\u00dferdem sehr sicher, der w\u00fcrde bestimmt das Merkel gekonnt toppen k\u00f6nnen.<br \/>\nM\u00fcsste sich als Kanzlerscheffchen, allerdings noch irgend einen dauerhaften Gimmick einfallen lassen. Denn gegen die weitere Verwendung der uns\u00e4glichen Fingerfotze, w\u00fcrde sie bestimmt Einspruch erheben, wegen des Rechtes am Vervielf\u00e4ltigen ihres Werkes!<br \/>\nDa muss halt ein wahres <a href=\"https:\/\/www.youtube.com\/watch?v=uVn-vvspomQ\">Blunschli<\/a> her!<br \/>\nAllerdings w\u00e4re sein ewiges, doch recht befremdliches Grinsen, welches er unaufh\u00f6rlich an den Tag legt, wirklich nicht das Gelbe vom Ei!<br \/>\nSoll nicht mein Problem sein, seine E<i>ks<\/i>perten werden ihm schon untert\u00e4nigst behilflich sein&#8230;<br \/>\n<i>Zum geplanten 1979er Coup<\/i>, f\u00e4llt mir noch etwas ein! Worum es dabei geht, ist meiner etwas \u00e4lteren Epistel zu entnehmen&#8230;<!--more--><br \/>\nNun sollte eigentlich die Pointe eines Witzes nicht vorher bekannt gegeben werden, schon gar nicht, wenn es sich um einen wandernden Joke handelt, der \u00fcber 40 Jahre sp\u00e4ter, entsprechend umgemo\u00addelt werden soll und politische Witz gerade von seiner angesagten Aktualit\u00e4t lebt.<br \/>\nMache es trotzdem!<br \/>\nVielleicht in der jetzigen dr\u00f6gen und vollkommen phantasielosen Zeit doch angesagt.<br \/>\nAm Schluss des Schriebes geht es um FJS und entsprechend agierenden Zeitgenossen!<br \/>\nDie darin erw\u00e4hnten Personen, sollten unbedingt wegen ihrer total unterschiedlich Gr\u00f6\u00dfenverh\u00e4lt\u00adnisse, heutzutage entsprechend verglichen werden! Es handelte sich damals um den dicken<a href=\"https:\/\/www.spiegel.de\/geschichte\/helmut-kohl-in-karikaturen-die-rache-der-birne-a-1037236.html\"> Oggers\u00adheimer<\/a>, zumal er neben der Strau\u00df-Gattin, auch noch riesig wirkte.<br \/>\nBl\u00f6de ist nur, da es sich um S\u00f6der, als Hauptfigur handeln w\u00fcrde, mir <i>seine Laufburschen <\/i>vollkommen unbekannt sind.<br \/>\nMuss noch etwas voran setzen. Wei\u00df n\u00e4mlich nicht warum mich<i> A. Laschet<\/i>, oftmals an den <a href=\"https:\/\/www.spreadshirt.de\/shop\/design\/erich+honecker+ddr+karikatur+by+sebastian+krueger+frauen+knotenshirt-D5fb91222578d17579bc91fde?sellable=rAmO9BXld5t8JlV4xBRQ-1404-8&amp;view=D1\">Dachdecker<\/a> aus dem Saarland erinnert. Beider K\u00f6rpergr\u00f6\u00dfen, waren stehend recht identisch, Erich aber dazu als Sitzriese gelten konnte, wenn ich mich richtig erinnere.<br \/>\nWird wohl so sein, dass S\u00f6ders zierliches<a href=\"https:\/\/www.duden.de\/rechtschreibung\/Ehegespons\"> Ehegespons<\/a>, den <i>Armin <\/i>bestimmt um einen halben Kopf \u00fcberragt&#8230;<\/p>\n<p>\u00a0\u00a0\u00a0\u00a0\u00a0 \u00a0\u00a0 \u00a0\u00a0<a href=\"https:\/\/zonenklaus.de\/wordpress\/?p=9521\">MDR-Intendant Udo Reiter<\/a><\/p>\n<p>&nbsp;<\/p>\n<p>&nbsp;<\/p>\n","protected":false},"excerpt":{"rendered":"<p>Lasst ihn nur machen, denn er wei\u00df nicht was er tut! Welch ernst gemeinter Rest-Bundesgermane m\u00f6chte schon den H\u00e4uptling des z\u00e4nkischen Bergvolkes n\u00f6rdlich der Alpen, in Berlin herumsterzeln sehen? Bei den katholischen Bajuwaren kann ich mir lebhaft vorstellen, dass sie den dr\u00f6gen Lutheraner liebend gern hergeben w\u00fcrden&#8230; Bin mir au\u00dferdem sehr sicher, der w\u00fcrde bestimmt [&hellip;]<\/p>\n","protected":false},"author":6,"featured_media":0,"comment_status":"open","ping_status":"open","sticky":false,"template":"","format":"standard","meta":{"footnotes":""},"categories":[55],"tags":[],"class_list":["post-36508","post","type-post","status-publish","format-standard","hentry","category-alltaeglicher-wahnwitz"],"_links":{"self":[{"href":"https:\/\/zonenklaus.de\/wordpress\/index.php?rest_route=\/wp\/v2\/posts\/36508","targetHints":{"allow":["GET"]}}],"collection":[{"href":"https:\/\/zonenklaus.de\/wordpress\/index.php?rest_route=\/wp\/v2\/posts"}],"about":[{"href":"https:\/\/zonenklaus.de\/wordpress\/index.php?rest_route=\/wp\/v2\/types\/post"}],"author":[{"embeddable":true,"href":"https:\/\/zonenklaus.de\/wordpress\/index.php?rest_route=\/wp\/v2\/users\/6"}],"replies":[{"embeddable":true,"href":"https:\/\/zonenklaus.de\/wordpress\/index.php?rest_route=%2Fwp%2Fv2%2Fcomments&post=36508"}],"version-history":[{"count":4,"href":"https:\/\/zonenklaus.de\/wordpress\/index.php?rest_route=\/wp\/v2\/posts\/36508\/revisions"}],"predecessor-version":[{"id":36512,"href":"https:\/\/zonenklaus.de\/wordpress\/index.php?rest_route=\/wp\/v2\/posts\/36508\/revisions\/36512"}],"wp:attachment":[{"href":"https:\/\/zonenklaus.de\/wordpress\/index.php?rest_route=%2Fwp%2Fv2%2Fmedia&parent=36508"}],"wp:term":[{"taxonomy":"category","embeddable":true,"href":"https:\/\/zonenklaus.de\/wordpress\/index.php?rest_route=%2Fwp%2Fv2%2Fcategories&post=36508"},{"taxonomy":"post_tag","embeddable":true,"href":"https:\/\/zonenklaus.de\/wordpress\/index.php?rest_route=%2Fwp%2Fv2%2Ftags&post=36508"}],"curies":[{"name":"wp","href":"https:\/\/api.w.org\/{rel}","templated":true}]}}