{"id":36523,"date":"2021-04-18T22:57:34","date_gmt":"2021-04-18T21:57:34","guid":{"rendered":"https:\/\/zonenklaus.de\/wordpress\/?p=36523"},"modified":"2021-04-18T23:22:49","modified_gmt":"2021-04-18T22:22:49","slug":"%e2%98%ba-die-richtigen-fragen-%e2%98%bb","status":"publish","type":"post","link":"https:\/\/zonenklaus.de\/wordpress\/?p=36523","title":{"rendered":"\u263a DIE RICHTIGEN FRAGEN \u263b"},"content":{"rendered":"<p><img loading=\"lazy\" decoding=\"async\" class=\"alignleft size-thumbnail wp-image-36524\" src=\"https:\/\/zonenklaus.de\/wordpress\/wp-content\/uploads\/2021\/04\/2021-04-18-bild-de-150x77.jpg\" alt=\"\" width=\"150\" height=\"77\" srcset=\"https:\/\/zonenklaus.de\/wordpress\/wp-content\/uploads\/2021\/04\/2021-04-18-bild-de-150x77.jpg 150w, https:\/\/zonenklaus.de\/wordpress\/wp-content\/uploads\/2021\/04\/2021-04-18-bild-de-300x153.jpg 300w, https:\/\/zonenklaus.de\/wordpress\/wp-content\/uploads\/2021\/04\/2021-04-18-bild-de-1024x523.jpg 1024w, https:\/\/zonenklaus.de\/wordpress\/wp-content\/uploads\/2021\/04\/2021-04-18-bild-de-768x392.jpg 768w, https:\/\/zonenklaus.de\/wordpress\/wp-content\/uploads\/2021\/04\/2021-04-18-bild-de-624x319.jpg 624w, https:\/\/zonenklaus.de\/wordpress\/wp-content\/uploads\/2021\/04\/2021-04-18-bild-de.jpg 1335w\" sizes=\"auto, (max-width: 150px) 100vw, 150px\" \/>Finale im Kandidaten-Krimi &#8211; S\u00f6der oder Laschet<br \/>\nIm Hintergrund blubberte in das Fratzenradio &#8211; <a href=\"https:\/\/www.zdf.de\/politik\/berlin-direkt\/berlin-direkt-vom-18-april-2021-100.html\"><i>Berlin direkt vom 18. April 2021&#8230;<\/i><\/a><br \/>\nWeshalb mich <i>Theo Koll<\/i> ewig an <i>Schulmeister L\u00e4mpel <\/i>erinnert, wei\u00df der Deibel!<br \/>\n<img loading=\"lazy\" decoding=\"async\" class=\"alignleft size-thumbnail wp-image-36526\" src=\"https:\/\/zonenklaus.de\/wordpress\/wp-content\/uploads\/2021\/04\/lehrer-laempel-150x115.jpg\" alt=\"\" width=\"150\" height=\"115\" srcset=\"https:\/\/zonenklaus.de\/wordpress\/wp-content\/uploads\/2021\/04\/lehrer-laempel-150x115.jpg 150w, https:\/\/zonenklaus.de\/wordpress\/wp-content\/uploads\/2021\/04\/lehrer-laempel-300x230.jpg 300w, https:\/\/zonenklaus.de\/wordpress\/wp-content\/uploads\/2021\/04\/lehrer-laempel.jpg 548w\" sizes=\"auto, (max-width: 150px) 100vw, 150px\" \/>Da ich die Larven der Prophet nicht sehen wollte, wurde der Ton etwas lauter eingestellt. Was dort ablief, empfand ich als unertr\u00e4glich, allerdings von der gesamten Mischpoke!<br \/>\nFragte mich einmal mehr, weshalb muss denn \u00fcberhaupt ein Moderator dort herumlungern, wenn er lediglich weichgesp\u00fclten Gef\u00e4lligkeitsjournalismus betreibt?<br \/>\nZum ewigen Corona-D\u00fcnnschiss k\u00f6nnen jene Sendeminuten, was den Informationsgehalt betraf, als ein uns\u00e4glicher <b>I<\/b>-Punkt angesehen werden, so in Richtung einer Quotenvolksverdummung!<br \/>\n<img loading=\"lazy\" decoding=\"async\" class=\"alignleft size-thumbnail wp-image-36527\" src=\"https:\/\/zonenklaus.de\/wordpress\/wp-content\/uploads\/2021\/04\/Soeder-am-Sonntagabend-in-Berlin-gelandet-150x103.jpg\" alt=\"\" width=\"150\" height=\"103\" srcset=\"https:\/\/zonenklaus.de\/wordpress\/wp-content\/uploads\/2021\/04\/Soeder-am-Sonntagabend-in-Berlin-gelandet-150x103.jpg 150w, https:\/\/zonenklaus.de\/wordpress\/wp-content\/uploads\/2021\/04\/Soeder-am-Sonntagabend-in-Berlin-gelandet-300x205.jpg 300w, https:\/\/zonenklaus.de\/wordpress\/wp-content\/uploads\/2021\/04\/Soeder-am-Sonntagabend-in-Berlin-gelandet-768x525.jpg 768w, https:\/\/zonenklaus.de\/wordpress\/wp-content\/uploads\/2021\/04\/Soeder-am-Sonntagabend-in-Berlin-gelandet-624x427.jpg 624w, https:\/\/zonenklaus.de\/wordpress\/wp-content\/uploads\/2021\/04\/Soeder-am-Sonntagabend-in-Berlin-gelandet.jpg 975w\" sizes=\"auto, (max-width: 150px) 100vw, 150px\" \/>Beide M\u00f6chtgernkanzlerchen sind doch letztlich nur eine Pr\u00e4sentation von Pest und Cholera und dies fehlt uns noch ganz dringend zu Covid-19!<br \/>\nDanke!<br \/>\nMerkels Erbe hat ein ganz tr\u00fcbes Chaos hinterlassen, besser konnte sie es nicht deichseln!<br \/>\nMielke und Honecker k\u00f6nnen sich nun ein zweites Loch in ihre \u00c4rsche freuen, denn ihr vermeintliches U-Boot hat wirklich ganze Arbeit geleistet.<br \/>\n<a href=\"https:\/\/www.merkur.de\/politik\/angela-merkel-corona-notbremse-deutschland-csu-lockdown-ausganssperre-dobrindt-kritik-90463252.html\">Dabei<i> hat dem Stief<\/i>mutti <i>immer noch nicht fertig<\/i><\/a>, denn das boshafte Inzidenz-Teufelchen, mit seinem sardonischen L\u00e4cheln, lauert woll\u00fcstig auf ihren neuerlichen Reinfall.<br \/>\nDa mich diese unw\u00fcrdige <i>Politkasperei<\/i> so unb\u00e4ndig ankotzt, will ich mich eigentlich nicht weiter auslassen. Dabei soll ja alles sogar unter einem christlichen <a href=\"https:\/\/www.youtube.com\/watch?v=qBGCrx3YCQs\"><span lang=\"ru-RU\"><i>\u0412\u043e\u043b\u044c\u0448\u0435\u0431\u043d\u043e\u0439 \u0445\u0430\u043b\u0430\u0442<\/i><\/span> <\/a><b>(<\/b><i>Von dem das Merkelchen sicher schon immer tr\u00e4umte, gleichwohl in eine ganz andere Richtung!<\/i><b>) <\/b>ablaufen.<!--more--><br \/>\nAls fr\u00fchreifes B\u00fcrschchen brachte mit Gro\u00dfvater bei, meine Umgebung genau in Augenschein zu behalten. Wieso es dazu kam, steht auf einem ganz anderen Blatt. Hat mir im aber Leben sehr viel geholfen. Machte dabei manche Erfahrungen, die mir im ersten Moment doch recht spanisch vor\u00adkamen und sp\u00e4ter verschoben sich dazu s\u00e4mtliche Ebenen. Witzigerweise sind selbige Beobach\u00adtungen fast identisch bei Mutters\u00f6hnchen und Empork\u00f6mmlingen, die irgendwann in Positionen landeten, wo sie bei n\u00e4herer Betrachtung, niemals h\u00e4tten dort Funktionen aus\u00fcben d\u00fcrfen, weil man bei ihnen etwas \u00e4hnliches, wie sittliche Reife, vergebens sucht!<br \/>\nUm es ganz kurz zumachen, gewissen Leuten fehlt im Alter auch der entsprechend verinnerlichte Anschub, wenn sie in den pr\u00e4genden Jugendjahren aus der Spur liefen. Dazu geh\u00f6rten fr\u00fcher die obligatorischen S\u00e4tze warmer Ohren von<em> Mutti<\/em> und <em>Vatis<\/em> entsprechend dazugeh\u00f6rigen Pr\u00fcgel&#8230;<br \/>\nGegen jenes<i> lebensnotwendige<\/i> <i>Vakuum<\/i> im Erwachsenenalter <b>(<\/b><i>Was bedeutet es eigentlich, erwach\u00adsen zu werden und es irgendwann wirklich zu sein? Schon mal dar\u00fcber nachgedacht?<\/i><b>)<\/b>, ohne die permanente physische Gewalt, versuchen nun Myriaden von Seelenklempner gegen anzugehen.<br \/>\nMit welchem Erfolg eigentlich?<br \/>\nMir geht es an meinem verl\u00e4ngerten R\u00fccken arschkalt vorbei, wenn mir jemand nun Zynismus unterstellen sollte, allerdings lasse ich Sarkasmus gelten!<br \/>\nMassenhaft k\u00f6nnte ich auf Bekannte verweisen, die sich durch Schule, Lehre oder Studium schlenz\u00adten, irgendwann in entsprechende Positionen rutschten und schlie\u00dflich als <i>nette <\/i>Kompetenzsimu\u00adlanten, endlich ihren erb\u00e4rmlichen <i>Erziehungsberechtigten<\/i>, Freunden und Bekannten, beweisen zu k\u00f6nnen, <i>dass aus ihnen doch etwas geworden ist<\/i>!<i> <\/i><\/p>\n","protected":false},"excerpt":{"rendered":"<p>Finale im Kandidaten-Krimi &#8211; S\u00f6der oder Laschet Im Hintergrund blubberte in das Fratzenradio &#8211; Berlin direkt vom 18. April 2021&#8230; Weshalb mich Theo Koll ewig an Schulmeister L\u00e4mpel erinnert, wei\u00df der Deibel! Da ich die Larven der Prophet nicht sehen wollte, wurde der Ton etwas lauter eingestellt. Was dort ablief, empfand ich als unertr\u00e4glich, allerdings [&hellip;]<\/p>\n","protected":false},"author":6,"featured_media":0,"comment_status":"open","ping_status":"open","sticky":false,"template":"","format":"standard","meta":{"footnotes":""},"categories":[55],"tags":[],"class_list":["post-36523","post","type-post","status-publish","format-standard","hentry","category-alltaeglicher-wahnwitz"],"_links":{"self":[{"href":"https:\/\/zonenklaus.de\/wordpress\/index.php?rest_route=\/wp\/v2\/posts\/36523","targetHints":{"allow":["GET"]}}],"collection":[{"href":"https:\/\/zonenklaus.de\/wordpress\/index.php?rest_route=\/wp\/v2\/posts"}],"about":[{"href":"https:\/\/zonenklaus.de\/wordpress\/index.php?rest_route=\/wp\/v2\/types\/post"}],"author":[{"embeddable":true,"href":"https:\/\/zonenklaus.de\/wordpress\/index.php?rest_route=\/wp\/v2\/users\/6"}],"replies":[{"embeddable":true,"href":"https:\/\/zonenklaus.de\/wordpress\/index.php?rest_route=%2Fwp%2Fv2%2Fcomments&post=36523"}],"version-history":[{"count":4,"href":"https:\/\/zonenklaus.de\/wordpress\/index.php?rest_route=\/wp\/v2\/posts\/36523\/revisions"}],"predecessor-version":[{"id":36531,"href":"https:\/\/zonenklaus.de\/wordpress\/index.php?rest_route=\/wp\/v2\/posts\/36523\/revisions\/36531"}],"wp:attachment":[{"href":"https:\/\/zonenklaus.de\/wordpress\/index.php?rest_route=%2Fwp%2Fv2%2Fmedia&parent=36523"}],"wp:term":[{"taxonomy":"category","embeddable":true,"href":"https:\/\/zonenklaus.de\/wordpress\/index.php?rest_route=%2Fwp%2Fv2%2Fcategories&post=36523"},{"taxonomy":"post_tag","embeddable":true,"href":"https:\/\/zonenklaus.de\/wordpress\/index.php?rest_route=%2Fwp%2Fv2%2Ftags&post=36523"}],"curies":[{"name":"wp","href":"https:\/\/api.w.org\/{rel}","templated":true}]}}