{"id":36586,"date":"2021-05-03T20:09:27","date_gmt":"2021-05-03T19:09:27","guid":{"rendered":"https:\/\/zonenklaus.de\/wordpress\/?p=36586"},"modified":"2021-05-24T00:15:08","modified_gmt":"2021-05-23T23:15:08","slug":"dies-ist-ein-grund-aber-kein-hindernis","status":"publish","type":"post","link":"https:\/\/zonenklaus.de\/wordpress\/?p=36586","title":{"rendered":"&#8220;Race Book&#8221; soll nun pl\u00f6tzlich zu &#8220;Fez Book&#8221; mutieren!"},"content":{"rendered":"<p>So etwas, wie in der obigen Zeile, lag mir eigentlich auf der Zunge.<br \/>\nAlles Schnee <span style=\"font-size: xx-small;\"><b>(<\/b><\/span><span style=\"font-size: xx-small;\">Meine damit die gefrorenen himmlischen Tautr\u00f6pfchen!<\/span><span style=\"font-size: xx-small;\"><b>)<\/b><\/span> von gestern, denn dar\u00fcber hatte ich mich <a href=\"https:\/\/zonenklaus.de\/wordpress\/?p=19694\">schon vor fast 10 Jahren ausgelassen<\/a><br \/>\nDa mir schon l\u00e4nger m\u00e4chtig stinkt, ewig Bemerkungen \u00fcber den momentan anstehenden Schei\u00df in die Tasten zu hacken, wollte ich mal wieder etwas aus l\u00e4ngst vergangenen Tagen schildern. Aus den g\u00fcldenen Tagen des <i>Klassenkampfes<\/i>, mit seinen vielen Demos, anschlie\u00dfenden Stra\u00dfenschlachten, meiner Neckermann-Abitur-Zeit, der permanent angesagten Feten, den Hausbesetzungen, Kon\u00adzerten, Reisen usw.<br \/>\n<a href=\"https:\/\/www.flickr.com\/photos\/zonenklaus\/51155476952\/in\/dateposted-public\/\">Der abgelichtet Spruch<\/a> kann somit als Initialz\u00fcndung angesehen werden, um endlich den Finger aus der Perforierung meines verl\u00e4ngerten R\u00fcckens zuziehen und mit allem Drum und Dran loszulegen, wie mir immer noch mein Maul gewachsen ist.<br \/>\nSofort kam die Erinnerung hoch, an eine Begebenheit aus den l\u00e4nger zur\u00fcckliegenden anf\u00e4nglichen Achtzigern. Der Zeit, als violette Latzhosen und fettige Haare, bei bestimmten M\u00e4dels angesagt waren&#8230;<br \/>\nHabe sogar noch s\u00e4mtliche Gesichter und Namen der f\u00fcnf <i>frauenbewegten<\/i> Gesch\u00f6pfe vor mir, in deren Runde ich mich seinerzeit aufhielt, als Quotenm\u00e4nnchen so zusagend. Wurde von denen, bis zu einem gewissen Grad geduldet, wegen meiner Bereitschaft ihnen auch zuzuh\u00f6ren, allerdings nicht mit der damals weitverbreiteten Softiementalit\u00e4t.<br \/>\nImmer interessiert am allt\u00e4glichen Wahnsinn, hatte ich das Versprechen gegeben, im neuer\u00f6ffneten <a href=\"https:\/\/mapio.net\/pic\/p-5776226\/\">\u201eCaf\u00e9 Lila\u201c<\/a>, in der Katzbachstra\u00dfe, aufzuschlagen. Allerdings unter der Bedingung, dass die LAG, meiner sexuellen Notgemeinschaft, nicht mitkam. Da sie auf eine der anwesenden Frauen tierisch eifers\u00fcchtig war, gab es keinerlei gr\u00f6\u00ad\u00dfere Probleme, ohne sie dort zu erscheinen.<br \/>\nHatte aber ausbedungen, gleich die Segel zu streichen, wenn mir dort alles auf die Steine gehen w\u00fcrde und vorsichtshalber noch eine lose Verabredung mit einem Kumpel getroffen&#8230;&#8230;&#8230;&#8230;&#8230;.<\/p>\n","protected":false},"excerpt":{"rendered":"<p>So etwas, wie in der obigen Zeile, lag mir eigentlich auf der Zunge. Alles Schnee (Meine damit die gefrorenen himmlischen Tautr\u00f6pfchen!) von gestern, denn dar\u00fcber hatte ich mich schon vor fast 10 Jahren ausgelassen Da mir schon l\u00e4nger m\u00e4chtig stinkt, ewig Bemerkungen \u00fcber den momentan anstehenden Schei\u00df in die Tasten zu hacken, wollte ich mal [&hellip;]<\/p>\n","protected":false},"author":6,"featured_media":0,"comment_status":"open","ping_status":"open","sticky":false,"template":"","format":"standard","meta":{"footnotes":""},"categories":[1,55],"tags":[],"class_list":["post-36586","post","type-post","status-publish","format-standard","hentry","category-allgemeines","category-alltaeglicher-wahnwitz"],"_links":{"self":[{"href":"https:\/\/zonenklaus.de\/wordpress\/index.php?rest_route=\/wp\/v2\/posts\/36586","targetHints":{"allow":["GET"]}}],"collection":[{"href":"https:\/\/zonenklaus.de\/wordpress\/index.php?rest_route=\/wp\/v2\/posts"}],"about":[{"href":"https:\/\/zonenklaus.de\/wordpress\/index.php?rest_route=\/wp\/v2\/types\/post"}],"author":[{"embeddable":true,"href":"https:\/\/zonenklaus.de\/wordpress\/index.php?rest_route=\/wp\/v2\/users\/6"}],"replies":[{"embeddable":true,"href":"https:\/\/zonenklaus.de\/wordpress\/index.php?rest_route=%2Fwp%2Fv2%2Fcomments&post=36586"}],"version-history":[{"count":6,"href":"https:\/\/zonenklaus.de\/wordpress\/index.php?rest_route=\/wp\/v2\/posts\/36586\/revisions"}],"predecessor-version":[{"id":36589,"href":"https:\/\/zonenklaus.de\/wordpress\/index.php?rest_route=\/wp\/v2\/posts\/36586\/revisions\/36589"}],"wp:attachment":[{"href":"https:\/\/zonenklaus.de\/wordpress\/index.php?rest_route=%2Fwp%2Fv2%2Fmedia&parent=36586"}],"wp:term":[{"taxonomy":"category","embeddable":true,"href":"https:\/\/zonenklaus.de\/wordpress\/index.php?rest_route=%2Fwp%2Fv2%2Fcategories&post=36586"},{"taxonomy":"post_tag","embeddable":true,"href":"https:\/\/zonenklaus.de\/wordpress\/index.php?rest_route=%2Fwp%2Fv2%2Ftags&post=36586"}],"curies":[{"name":"wp","href":"https:\/\/api.w.org\/{rel}","templated":true}]}}