{"id":36670,"date":"2021-05-25T10:39:07","date_gmt":"2021-05-25T09:39:07","guid":{"rendered":"https:\/\/zonenklaus.de\/wordpress\/?p=36670"},"modified":"2021-05-25T10:39:07","modified_gmt":"2021-05-25T09:39:07","slug":"immer-mehr-kompetenzsimulanten-in-probierpolitikerkreisen-raeumen-versaeumnisse-ein","status":"publish","type":"post","link":"https:\/\/zonenklaus.de\/wordpress\/?p=36670","title":{"rendered":"Immer mehr Kompetenzsimulanten in Probierpolitikerkreisen \u201er\u00e4umen Vers\u00e4umnisse\u201c ein"},"content":{"rendered":"<p>Was diese Leutchen*<sup><b>INNEN <\/b><\/sup><sup>usw. <\/sup> zwingend von ihren Untertanen verlangen, scheint ihnen wohl vollkommen fremd zu sein. Was ich nat\u00fcrlich nicht glaube, obwohl sie versuchen, es so dazu\u00adstellen, denn <i>alle Menschen sind gleich. Aber manche sind gleicher als die anderen.<\/i><br \/>\nBin mal gespannt, wer demn\u00e4chst noch in<a href=\"https:\/\/www.gmx.net\/magazine\/politik\/nebeneinkuenfte-karl-lauterbach-raeumt-riesenfehler-meldet-honorare-35841914\"> jener Horde<\/a> der <i>armen Vergesslichen<\/i>*<sup><b>INNEN usw.<\/b><\/sup> und <i>Vers\u00e4umnise<\/i><strong>ks<\/strong><i>perten*<\/i><sup><b>INNEN usw.<\/b><\/sup> auftauchen wird.<br \/>\nPlagiatiere in dem Zusammenhang ein Essay, was ich allerdings etwas pfriemeln werde. Bestimmt wird manchem der Originaltext, auch nach vielen Jahren, wieder in Erinnerung gerufen. Finde n\u00e4mlich, dass der Stil seiner Einleitung zu den Vorf\u00e4llen passt.<br \/>\n<i>Dies soll nicht unbedingt eine Einsch\u00e4tzung sein oder ein kommentierender Verriss vom Schreib\u00adtisch aus, mit p\u00e4pstlichen Gestus vorgetragen und als \u201esolidarische Kritik\u201c bezeichnet. Ausgewogenheit, stringente Argumentation, Dialektik und Widerspruch &#8211; das ist mir alles piepegal. Mir ist bei diesen relevanten \u201eVers\u00e4umnissen\u201c einiges aufgesto\u00dfen, diese R\u00fclpser sollen zu Papier gebracht werden, vielleicht tragen sie ein bi\u00dfchen zu einer \u00f6ffentlichen Kontroverse bei.<br \/>\nMeine unmittelbare Reaktion, meine \u201eBetroffenheit\u201c nach Bekanntmachung dieser Sauereien ist schnell geschildert: ich konnte und wollte (und will) eine klammheimliche Freude nicht verhehlen&#8230; Wer sich in den letzten Tagen nur einmal genau <\/i>ihre <i>Konterfei<\/i>s<i> angesehen hat, der kann erkennen, welche Z\u00fcge dieser Rechtsstaat tr\u00e4gt, den <\/i>sie<i> in so hervorragender Weise verk\u00f6rper<\/i>n.<i> Und der kennt dann auch schon ein paar Z\u00fcge von Gesichtern jener aufrechten Demokraten, die jetzt wie ein Mann emp\u00f6rt und betroffen <\/i>schweigen<i>.<br \/>\nAber das ist ja nun nicht alles gewesen, was in meinem und im Kopf vieler anderer nach diese<\/i>r<i> <\/i>Unversch\u00e4mtheit <i>herumspukte. <\/i><br \/>\n<i>So eine richtige Freude, <\/i>will nach der seichten Medienschelte<i> einfach nicht aufkommen, \u2026 dieses Spektakel scheint ja wirklich von mal zu mal besser zu funktionieren und das irgendwo im Konzert dieser politischen Eunuchen, die von der Herstellung der \u201e\u00f6ffentlichen Meinung\u201c leben (gut leben), <\/i><i>sich eine einzige \u201ekritische\u201c Stimme erheben w\u00fcrde, daran glaubt &#8230; wohl keiner mehr&#8230; <\/i><br \/>\n<strong> &#8211; <\/strong>Zus\u00e4tzlich kommt mir noch eine <i>klammheimlich <\/i>Schaden<i>freude<\/i> hoch bei dem Gedanken, dass bei jenen <i>Moralisten<\/i> nun eine vollendete Mobberei gegen unmittelbare Familienmitglieder und enge Freunde beginnt, welche letztlich zwar die Falschen trifft, ich es aber allen ausgiebig g\u00f6nne!<\/p>\n","protected":false},"excerpt":{"rendered":"<p>Was diese Leutchen*INNEN usw. zwingend von ihren Untertanen verlangen, scheint ihnen wohl vollkommen fremd zu sein. Was ich nat\u00fcrlich nicht glaube, obwohl sie versuchen, es so dazu\u00adstellen, denn alle Menschen sind gleich. Aber manche sind gleicher als die anderen. Bin mal gespannt, wer demn\u00e4chst noch in jener Horde der armen Vergesslichen*INNEN usw. und Vers\u00e4umniseksperten*INNEN usw. [&hellip;]<\/p>\n","protected":false},"author":6,"featured_media":0,"comment_status":"open","ping_status":"open","sticky":false,"template":"","format":"standard","meta":{"footnotes":""},"categories":[1],"tags":[],"class_list":["post-36670","post","type-post","status-publish","format-standard","hentry","category-allgemeines"],"_links":{"self":[{"href":"https:\/\/zonenklaus.de\/wordpress\/index.php?rest_route=\/wp\/v2\/posts\/36670","targetHints":{"allow":["GET"]}}],"collection":[{"href":"https:\/\/zonenklaus.de\/wordpress\/index.php?rest_route=\/wp\/v2\/posts"}],"about":[{"href":"https:\/\/zonenklaus.de\/wordpress\/index.php?rest_route=\/wp\/v2\/types\/post"}],"author":[{"embeddable":true,"href":"https:\/\/zonenklaus.de\/wordpress\/index.php?rest_route=\/wp\/v2\/users\/6"}],"replies":[{"embeddable":true,"href":"https:\/\/zonenklaus.de\/wordpress\/index.php?rest_route=%2Fwp%2Fv2%2Fcomments&post=36670"}],"version-history":[{"count":1,"href":"https:\/\/zonenklaus.de\/wordpress\/index.php?rest_route=\/wp\/v2\/posts\/36670\/revisions"}],"predecessor-version":[{"id":36671,"href":"https:\/\/zonenklaus.de\/wordpress\/index.php?rest_route=\/wp\/v2\/posts\/36670\/revisions\/36671"}],"wp:attachment":[{"href":"https:\/\/zonenklaus.de\/wordpress\/index.php?rest_route=%2Fwp%2Fv2%2Fmedia&parent=36670"}],"wp:term":[{"taxonomy":"category","embeddable":true,"href":"https:\/\/zonenklaus.de\/wordpress\/index.php?rest_route=%2Fwp%2Fv2%2Fcategories&post=36670"},{"taxonomy":"post_tag","embeddable":true,"href":"https:\/\/zonenklaus.de\/wordpress\/index.php?rest_route=%2Fwp%2Fv2%2Ftags&post=36670"}],"curies":[{"name":"wp","href":"https:\/\/api.w.org\/{rel}","templated":true}]}}