{"id":36845,"date":"2021-07-18T21:52:32","date_gmt":"2021-07-18T20:52:32","guid":{"rendered":"https:\/\/zonenklaus.de\/wordpress\/?p=36845"},"modified":"2022-05-18T07:35:48","modified_gmt":"2022-05-18T06:35:48","slug":"36845","status":"publish","type":"post","link":"https:\/\/zonenklaus.de\/wordpress\/?p=36845","title":{"rendered":"Kleinkunst in einer sehr \u00fcberschaubaren Runde, aber vom Allerfeinsten, im verwunschenen Garten des &#8220;Deutsches Nationaltheater Fritzenhagen&#8221;"},"content":{"rendered":"<p>Fiel das Konzert im vergangenen Monat noch schlicht ins Wasser. Dabei lie\u00df sich alles unter dem fast schwarzen Himmel ganz toll an &#8211; aber nach dem 10 min\u00fctigen Auftritt der S\u00e4ngerin entlud sich dann ein Wolkenbruch. Schade, war n\u00e4mlich, als Fan von Obertongesang, sehr gespannt, wie dies bei italienischen <a href=\"https:\/\/zonenklaus.de\/wordpress\/wp-content\/uploads\/2021\/07\/Gartentheater02.mp3\">Liebesliedern<\/a> klingen sollte.<br \/>\n<b>(<\/b><i>Au\u00dfer <\/i>Peking-Opern<i> mag ich ja weltweite Musik, auch die der <a href=\"https:\/\/de.wikipedia.org\/wiki\/Tuwa\">Tuva<\/a>. Witzigerweise hatte ja <\/i><a href=\"https:\/\/en.wikipedia.org\/wiki\/Paul_Pena\">Paul Pena<\/a><i>, ein <a href=\"https:\/\/taz.de\/Singsang-in-Sibirien\/!1231380\/\">schwarzer Blueser<\/a>, jenen Gesang sogar in sein <\/i><a href=\"https:\/\/www.youtube.com\/watch?v=itrN11AwNMo\">Repertoire aufgenommen<\/a><i>. Dar\u00fcber existiert ein origineller Dokfilm: \u201e<a href=\"https:\/\/www.youtube.com\/watch?v=mInnap-gcSI&amp;t=4453s\">Genghis Blues<\/a>\u201c. Regie: Roko und Adrian Belic. USA 1998.<\/i><b>)<\/b><br \/>\n<img loading=\"lazy\" decoding=\"async\" class=\"alignleft size-thumbnail wp-image-36848\" src=\"https:\/\/zonenklaus.de\/wordpress\/wp-content\/uploads\/2021\/07\/IMG_6515ae-113x150.jpg\" alt=\"\" width=\"113\" height=\"150\" srcset=\"https:\/\/zonenklaus.de\/wordpress\/wp-content\/uploads\/2021\/07\/IMG_6515ae-113x150.jpg 113w, https:\/\/zonenklaus.de\/wordpress\/wp-content\/uploads\/2021\/07\/IMG_6515ae-225x300.jpg 225w, https:\/\/zonenklaus.de\/wordpress\/wp-content\/uploads\/2021\/07\/IMG_6515ae-768x1024.jpg 768w, https:\/\/zonenklaus.de\/wordpress\/wp-content\/uploads\/2021\/07\/IMG_6515ae-624x832.jpg 624w, https:\/\/zonenklaus.de\/wordpress\/wp-content\/uploads\/2021\/07\/IMG_6515ae.jpg 1056w\" sizes=\"auto, (max-width: 113px) 100vw, 113px\" \/>Jedenfalls musste <a href=\"http:\/\/www.veronika-otto-cello.de\/\">Veronika Otto<\/a> kapitulieren&#8230;<br \/>\nDaf\u00fcr sah es gestern etwas anders aus!<br \/>\nDen Programmhinweis findet man auf der <a href=\"https:\/\/karsten-troyke.de\/termine.html\">Heimatseite von Karsten Troyke.<\/a><br \/>\nAlles begann mit einem Theaterst\u00fcck: \u201eDer Ziegenkauf\u201c &#8211; eine j\u00fcdische Puppenfarce, mit <a href=\"http:\/\/www.vera-pachale.de\/\">Vera Pachale<\/a>, welche sehr gut r\u00fcberkam.<br \/>\nAnschlie\u00dfend legten <em><a href=\"https:\/\/zonenklaus.de\/wordpress\/wp-content\/uploads\/2021\/07\/russ.-mp3.mp3\">Troyke<\/a> <\/em>und<a href=\"http:\/\/danielweltlinger.com\/\"> Co<\/a><i>. <\/i>los&#8230;<\/p>\n","protected":false},"excerpt":{"rendered":"<p>Fiel das Konzert im vergangenen Monat noch schlicht ins Wasser. Dabei lie\u00df sich alles unter dem fast schwarzen Himmel ganz toll an &#8211; aber nach dem 10 min\u00fctigen Auftritt der S\u00e4ngerin entlud sich dann ein Wolkenbruch. Schade, war n\u00e4mlich, als Fan von Obertongesang, sehr gespannt, wie dies bei italienischen Liebesliedern klingen sollte. (Au\u00dfer Peking-Opern mag [&hellip;]<\/p>\n","protected":false},"author":6,"featured_media":0,"comment_status":"open","ping_status":"open","sticky":false,"template":"","format":"standard","meta":{"footnotes":""},"categories":[55,17],"tags":[],"class_list":["post-36845","post","type-post","status-publish","format-standard","hentry","category-alltaeglicher-wahnwitz","category-guldur-un-gunsd"],"_links":{"self":[{"href":"https:\/\/zonenklaus.de\/wordpress\/index.php?rest_route=\/wp\/v2\/posts\/36845","targetHints":{"allow":["GET"]}}],"collection":[{"href":"https:\/\/zonenklaus.de\/wordpress\/index.php?rest_route=\/wp\/v2\/posts"}],"about":[{"href":"https:\/\/zonenklaus.de\/wordpress\/index.php?rest_route=\/wp\/v2\/types\/post"}],"author":[{"embeddable":true,"href":"https:\/\/zonenklaus.de\/wordpress\/index.php?rest_route=\/wp\/v2\/users\/6"}],"replies":[{"embeddable":true,"href":"https:\/\/zonenklaus.de\/wordpress\/index.php?rest_route=%2Fwp%2Fv2%2Fcomments&post=36845"}],"version-history":[{"count":7,"href":"https:\/\/zonenklaus.de\/wordpress\/index.php?rest_route=\/wp\/v2\/posts\/36845\/revisions"}],"predecessor-version":[{"id":38455,"href":"https:\/\/zonenklaus.de\/wordpress\/index.php?rest_route=\/wp\/v2\/posts\/36845\/revisions\/38455"}],"wp:attachment":[{"href":"https:\/\/zonenklaus.de\/wordpress\/index.php?rest_route=%2Fwp%2Fv2%2Fmedia&parent=36845"}],"wp:term":[{"taxonomy":"category","embeddable":true,"href":"https:\/\/zonenklaus.de\/wordpress\/index.php?rest_route=%2Fwp%2Fv2%2Fcategories&post=36845"},{"taxonomy":"post_tag","embeddable":true,"href":"https:\/\/zonenklaus.de\/wordpress\/index.php?rest_route=%2Fwp%2Fv2%2Ftags&post=36845"}],"curies":[{"name":"wp","href":"https:\/\/api.w.org\/{rel}","templated":true}]}}