{"id":37161,"date":"2021-10-04T23:35:49","date_gmt":"2021-10-04T22:35:49","guid":{"rendered":"https:\/\/zonenklaus.de\/wordpress\/?p=37161"},"modified":"2021-10-05T20:52:17","modified_gmt":"2021-10-05T19:52:17","slug":"wir-hatten-den-i-digital-weltkrieg-der-heutigen-epoche-erleben-duerfen","status":"publish","type":"post","link":"https:\/\/zonenklaus.de\/wordpress\/?p=37161","title":{"rendered":"Wir haben den I. Digital-Weltkrieg der heutigen Epoche erleben d\u00fcrfen"},"content":{"rendered":"<p>Oder so gesehen: <i>\u00b4n<\/i> <i>paar Stunden war\u00b4n die Netze krank, nun jehn sie wieder, Jott sei Dank! <\/i><br \/>\nSehr frei plagiatiert und umgemodelt nach <a href=\"https:\/\/www.youtube.com\/watch?v=D66BIu1CBqM\">Wilhelm Busch<\/a>.<br \/>\nMich tangierte jene Sendepause lediglich peripher, auf <i>Deutschlandfunk Kultur<\/i> zu den Nachrichten, die man dort als <a href=\"https:\/\/zonenklaus.de\/wordpress\/wp-content\/uploads\/2021\/10\/Feuille-Fuck.mp3\">Feuilleton<\/a> bezeichnet. Alles aber kein Problem, denn im entsprechenden Moment bet\u00e4tigte ich den daf\u00fcr geeigneten Knopf.<br \/>\nWiedermal schienen die Redakteure einen Weltuntergang zu pr\u00e4sentieren. Ist schon faszinierend, wie sich gegenw\u00e4rtiger Unbill immer wieder toppen l\u00e4sst. Jahrelang irrwitzige Gehirnw\u00e4sche betreffs Covid-19-Pandemie, mit allen nur erdenklichen M\u00f6glichkeiten der medialen Verbl\u00f6dung.<br \/>\nDie letzten Tage das herzzerrei\u00dfende Waschweibergeschw\u00e4tz der politischen W\u00fcnschelruteng\u00e4nger &#8211; alles nichtssagend demokraturisch verkl\u00e4rt &#8211; auf ihren Mitleid erregenden Irrwegen in Richtung beliebiger Koalitions-Pow-Wow\u00b4s, zur Anprobe von verschiedenfarbigen M\u00e4ntelchen.<br \/>\nBedauerlich, denn in heutiger Zeit fehlt eine gro\u00dfe Expertin, meine damit die lange verblichene <a href=\"http:\/\/www.honzrath.info\/Geschichte\/MadameBuchela.html\">Buchela<\/a>, die h\u00e4tte n\u00e4mlich alles bereits im Vorfeld gerichtet!<br \/>\nViele Millionen von Usern der <i>sozialen<\/i> und <i>asozialen Medien<\/i> konnten einem wirklich leid tun! Stundenlang keine visuellen Digitalficks mit ihren Partnern<b>*<\/b><sup><b>INNEN usw. <\/b><\/sup>, ebenso war es nicht m\u00f6glich, massenhaft als Verbal-Stalker, die Netzumgebung mit saudummen anonymen Floskeln zu maltr\u00e4tieren&#8230;<\/p>\n","protected":false},"excerpt":{"rendered":"<p>Oder so gesehen: \u00b4n paar Stunden war\u00b4n die Netze krank, nun jehn sie wieder, Jott sei Dank! Sehr frei plagiatiert und umgemodelt nach Wilhelm Busch. Mich tangierte jene Sendepause lediglich peripher, auf Deutschlandfunk Kultur zu den Nachrichten, die man dort als Feuilleton bezeichnet. Alles aber kein Problem, denn im entsprechenden Moment bet\u00e4tigte ich den daf\u00fcr [&hellip;]<\/p>\n","protected":false},"author":6,"featured_media":0,"comment_status":"open","ping_status":"open","sticky":false,"template":"","format":"standard","meta":{"footnotes":""},"categories":[55],"tags":[],"class_list":["post-37161","post","type-post","status-publish","format-standard","hentry","category-alltaeglicher-wahnwitz"],"_links":{"self":[{"href":"https:\/\/zonenklaus.de\/wordpress\/index.php?rest_route=\/wp\/v2\/posts\/37161","targetHints":{"allow":["GET"]}}],"collection":[{"href":"https:\/\/zonenklaus.de\/wordpress\/index.php?rest_route=\/wp\/v2\/posts"}],"about":[{"href":"https:\/\/zonenklaus.de\/wordpress\/index.php?rest_route=\/wp\/v2\/types\/post"}],"author":[{"embeddable":true,"href":"https:\/\/zonenklaus.de\/wordpress\/index.php?rest_route=\/wp\/v2\/users\/6"}],"replies":[{"embeddable":true,"href":"https:\/\/zonenklaus.de\/wordpress\/index.php?rest_route=%2Fwp%2Fv2%2Fcomments&post=37161"}],"version-history":[{"count":4,"href":"https:\/\/zonenklaus.de\/wordpress\/index.php?rest_route=\/wp\/v2\/posts\/37161\/revisions"}],"predecessor-version":[{"id":37166,"href":"https:\/\/zonenklaus.de\/wordpress\/index.php?rest_route=\/wp\/v2\/posts\/37161\/revisions\/37166"}],"wp:attachment":[{"href":"https:\/\/zonenklaus.de\/wordpress\/index.php?rest_route=%2Fwp%2Fv2%2Fmedia&parent=37161"}],"wp:term":[{"taxonomy":"category","embeddable":true,"href":"https:\/\/zonenklaus.de\/wordpress\/index.php?rest_route=%2Fwp%2Fv2%2Fcategories&post=37161"},{"taxonomy":"post_tag","embeddable":true,"href":"https:\/\/zonenklaus.de\/wordpress\/index.php?rest_route=%2Fwp%2Fv2%2Ftags&post=37161"}],"curies":[{"name":"wp","href":"https:\/\/api.w.org\/{rel}","templated":true}]}}