{"id":37207,"date":"2021-10-11T22:29:45","date_gmt":"2021-10-11T21:29:45","guid":{"rendered":"https:\/\/zonenklaus.de\/wordpress\/?p=37207"},"modified":"2021-10-12T15:21:08","modified_gmt":"2021-10-12T14:21:08","slug":"ende-der-volksparteien-sind-ampel-oder-jamaika-die-neue-normalitaet","status":"publish","type":"post","link":"https:\/\/zonenklaus.de\/wordpress\/?p=37207","title":{"rendered":"Ende der Volksparteien: Sind Ampel oder Jamaika die neue Normalit\u00e4t?"},"content":{"rendered":"<p>Da wird man in den Elektrobriefk\u00e4sten exorbitant mit Werbung zugeschissen und zwischendurch d\u00fcrfen sich<i> geistig unterern\u00e4hrte <\/i>Blindfische arglos mit Politik besch\u00e4ftigen. Alles Leutchen denen <img loading=\"lazy\" decoding=\"async\" class=\"alignleft size-medium wp-image-37208\" src=\"https:\/\/zonenklaus.de\/wordpress\/wp-content\/uploads\/2021\/10\/Volksparteien-300x175.png\" alt=\"\" width=\"300\" height=\"175\" srcset=\"https:\/\/zonenklaus.de\/wordpress\/wp-content\/uploads\/2021\/10\/Volksparteien-300x175.png 300w, https:\/\/zonenklaus.de\/wordpress\/wp-content\/uploads\/2021\/10\/Volksparteien-150x87.png 150w, https:\/\/zonenklaus.de\/wordpress\/wp-content\/uploads\/2021\/10\/Volksparteien-624x363.png 624w, https:\/\/zonenklaus.de\/wordpress\/wp-content\/uploads\/2021\/10\/Volksparteien.png 701w\" sizes=\"auto, (max-width: 300px) 100vw, 300px\" \/>niemand vermittelte, dass die <i>geistige Unterern\u00e4hrung<\/i> sogar in allen Ecken UNSERER ERDEN\u00adSCHEIBE angekommen ist und schon l\u00e4ngst pandemische Z\u00fcge angenommen hat.<br \/>\nKleingartenvereine, die sich lange Zeit mit volksparteilichem Gehabe schm\u00fcckten, damit richtig\u00adgehend irrwitzig kokettierten, meinen nun, an einem Scheitelpunkt angelangt zu sein. Vollkommener Bl\u00f6dsinn, da sie bereits seit Jahren in einer unendlich tiefen Talsohle herumkrebsen und deshalb auch keinen rettenden Horizont erkennen k\u00f6nnen &#8211; nix mit Scheitelpunkt!<br \/>\nWelcher Depp hat eigentlich jenen Sachverhalt ausgeknautscht und meint dazu, dass <em>Ampel<\/em> oder <em>Jamaika<\/em> die neue Normalit\u00e4t <strong>(!) <\/strong>darstellen w\u00fcrden?<br \/>\nDabei handelt es sich lediglich um eine, h\u00f6chstens zwei Legislaturperioden, dann wird die Zeit reif sein f\u00fcr Blau\/Schwarz, fand daf\u00fcr allerdings keine passende Farbinterpretation, vielleicht doch: <strong><a href=\"https:\/\/de.wikipedia.org\/wiki\/Flagge_Botswanas\">Botswana<\/a>!<\/strong><\/p>\n<p>Eigentlich kann man lediglich die NSDAP kurzzeitig als <em>wahrhaftige Volkspartei<\/em> bezeichnen und dies vielleicht sechs Jahre lang, bis nach dem <em>Rosenfeldzug<\/em>, da wurde der weit verbreitete Zusammenhalt total und echt fanatisch von der Mehrheit des Volkes verwirklicht!<!--more--><\/p>\n<p>Was soll es eigentlich f\u00fcr einen Sinn haben, wenn man nun versuchen will, den organisierten und lethargisch <i>mitlaufenden<\/i> P\u00f6bel einzubeziehen, wenn noch nicht mal ansatzweise die neue Richtung feststeht? Wenn ich mit \u00fcberh\u00f6hter Geschwindigkeit durch die Gegend peese, lasse ich doch auch keinen der Insassen mit ans Lenkrad!<\/p>\n<p>&#8211; Problems cannot be solved at the same level of awareness that created them! (Nat\u00fcrlich A. Einstein)<\/p>\n<p>Soll wohl witzig her\u00fcberkommen, wenn ewig mit <i>Ampel<\/i> oder <i>Jamaika <\/i>herumgehurt wird, als ob eine b\u00f6se Fee jenes Dilemma verursacht hat. Diese gequirlte Schei\u00dfe wird doch seit Anbeginn parlamentarischer Versuche geh\u00e4ndelt und nichts hat sich in der ganzen Zeit zum Positiven gewandelt. Lediglich die Ebenen verschieben sich immer <i>wieder&#8230;<br \/>\n<\/i>Hier etwas von einer <strong>Durchblickerin<\/strong>, aus l\u00e4ngst vergangenen Zeiten, in denen vollkommen identi\u00adsche Problematiken anstanden:<i><br \/>\n<i><b>\u00dcber die Ursachen von Freiheit und gesellschaftlicher Unterdr\u00fcckung <\/b><\/i><br \/>\n<i>Vor dem Hintergrund einer Radikalisierung der politischen Systeme in Europa fragt Simone Weil 1934 nach den Ursachen des \u00fcberall um sich greifenden Unbehagens. Warum leben wir in einer ungerechten Gesellschaft, in der der Einzelne nicht frei und zufrieden sein kann? Weil wir uns nach Simone Weil zu Instrumenten der von uns selbst produzierten Herrschaft machen. Aus einer marxis\u00admuskritischen Perspektive <\/i><\/i><span style=\"font-size: small;\"><b>(<\/b><\/span><span style=\"font-size: small;\">Allerdings sollen heutzutage die <\/span><span style=\"font-size: small;\">Neobolschewisten <\/span><span style=\"font-size: small;\">mit ins Boot genommen werden!<\/span><span style=\"font-size: small;\"><b>) <\/b><\/span><i><i>erforscht sie die Verbindung von wachsender Unterdr\u00fcckung und wachsender wirtschaftlicher Prosperit\u00e4t. Welchen Preis zahlt das Kollektiv f\u00fcr den Glauben an ewiges Wachstum und immer weiter gesteigerte Produktivit\u00e4t? Den Preis der Freiheit und der Eigenverantwortung, sagt Weil, einen Preis, den zu bezahlen wir nicht bereit sein sollten.<\/i><br \/>\n<span style=\"font-size: small;\"><i>Simone Weil <\/i><\/span><\/i><span style=\"font-size: small;\"><b>(<\/b><\/span><span style=\"font-size: small;\">Sie war keine schreibende Quotentante!<\/span><span style=\"font-size: small;\"><b>) <\/b><\/span><i><span style=\"font-size: small;\"><i>wurde in Paris geboren. Nach ihrem Studium an der \u00c9cole normale sup\u00e9rieure arbeitete sie als Philosophielehrerin in der Provinz und war in der Gewerkschaft aktiv. 1936 engagierte sie sich auf Seiten der Republikaner im Spanischen B\u00fcrgerkrieg. Neben einer st\u00e4ndigen publizistischen T\u00e4tigkeit arbeitete sie als Fabrik- und Hilfsarbeiterin. 1942 gelangte Simone Weil auf der Flucht vor der Gestapo \u00fcber Amerika nach London, wo sie als Redakteurin von \u00bbFrance libre\u00ab arbeitete und trotz ihres schlechten Gesundheitszustandes plante, sich als Krankenschwester an die Front versetzen zu lassen. Sie starb 1943 in London. In deutscher Sprache wurde ihr Werk verstreut ver\u00f6ffentlicht; die meisten Publikationen sind vergriffen.\u00bbJede Zeile Simone Weils lohnt die Lekt\u00fcre.<\/i><\/span><br \/>\n<\/i><strong> &#8211; Weils<\/strong><i><i><strong> Essay hat nichts von seiner Aktualit\u00e4t verloren. Ein Buch f\u00fcr Leute, <\/strong><b>die ihre Lust am Selber\u00addenken auffrischen wollen<\/b>.\u00ab Uli M\u00fcller, ZEIT online<\/i> &#8211; <\/i>Wer sich mit solchem Kurzkommentar inter\u00adessant machen will, den w\u00fcrde ich noch nicht mal an der Sch\u00fclerzeitung eines Schwachstromkol\u00adlegs werkeln lassen!<i><br \/>\n<\/i>\u00a0<strong>&#8211; <\/strong>Bei den kursiven<em> Plagiaten<\/em> habe ich mir aber an Frau Dr. ex. Giffey kein Beispiel genommen, hatte lediglich die gesamte Chronik versenkt und war zu faul nochmals im Netz herumzufischen!<\/p>\n<p><span style=\"font-size: medium;\">Als I-Punkt ein <\/span><a href=\"https:\/\/zonenklaus.de\/wordpress\/wp-content\/uploads\/2021\/10\/Die-Freiheit-der-Fuehrerlosen-Ein-Essay-von-Andreas-Thiel-Satiriker.pdf\">Essay von Andreas Thiel<\/a> dem kein Kommentar von mir folgt!<\/p>\n","protected":false},"excerpt":{"rendered":"<p>Da wird man in den Elektrobriefk\u00e4sten exorbitant mit Werbung zugeschissen und zwischendurch d\u00fcrfen sich geistig unterern\u00e4hrte Blindfische arglos mit Politik besch\u00e4ftigen. Alles Leutchen denen niemand vermittelte, dass die geistige Unterern\u00e4hrung sogar in allen Ecken UNSERER ERDEN\u00adSCHEIBE angekommen ist und schon l\u00e4ngst pandemische Z\u00fcge angenommen hat. Kleingartenvereine, die sich lange Zeit mit volksparteilichem Gehabe schm\u00fcckten, damit [&hellip;]<\/p>\n","protected":false},"author":6,"featured_media":0,"comment_status":"open","ping_status":"open","sticky":false,"template":"","format":"standard","meta":{"footnotes":""},"categories":[55],"tags":[],"class_list":["post-37207","post","type-post","status-publish","format-standard","hentry","category-alltaeglicher-wahnwitz"],"_links":{"self":[{"href":"https:\/\/zonenklaus.de\/wordpress\/index.php?rest_route=\/wp\/v2\/posts\/37207","targetHints":{"allow":["GET"]}}],"collection":[{"href":"https:\/\/zonenklaus.de\/wordpress\/index.php?rest_route=\/wp\/v2\/posts"}],"about":[{"href":"https:\/\/zonenklaus.de\/wordpress\/index.php?rest_route=\/wp\/v2\/types\/post"}],"author":[{"embeddable":true,"href":"https:\/\/zonenklaus.de\/wordpress\/index.php?rest_route=\/wp\/v2\/users\/6"}],"replies":[{"embeddable":true,"href":"https:\/\/zonenklaus.de\/wordpress\/index.php?rest_route=%2Fwp%2Fv2%2Fcomments&post=37207"}],"version-history":[{"count":16,"href":"https:\/\/zonenklaus.de\/wordpress\/index.php?rest_route=\/wp\/v2\/posts\/37207\/revisions"}],"predecessor-version":[{"id":37227,"href":"https:\/\/zonenklaus.de\/wordpress\/index.php?rest_route=\/wp\/v2\/posts\/37207\/revisions\/37227"}],"wp:attachment":[{"href":"https:\/\/zonenklaus.de\/wordpress\/index.php?rest_route=%2Fwp%2Fv2%2Fmedia&parent=37207"}],"wp:term":[{"taxonomy":"category","embeddable":true,"href":"https:\/\/zonenklaus.de\/wordpress\/index.php?rest_route=%2Fwp%2Fv2%2Fcategories&post=37207"},{"taxonomy":"post_tag","embeddable":true,"href":"https:\/\/zonenklaus.de\/wordpress\/index.php?rest_route=%2Fwp%2Fv2%2Ftags&post=37207"}],"curies":[{"name":"wp","href":"https:\/\/api.w.org\/{rel}","templated":true}]}}