{"id":37295,"date":"2021-10-27T20:47:44","date_gmt":"2021-10-27T19:47:44","guid":{"rendered":"https:\/\/zonenklaus.de\/wordpress\/?p=37295"},"modified":"2021-10-30T11:41:39","modified_gmt":"2021-10-30T10:41:39","slug":"namen-sind-oft-nur-schall-und-rauch-aber-ohne-das-eitelkeitskuerzel-noch-weniger","status":"publish","type":"post","link":"https:\/\/zonenklaus.de\/wordpress\/?p=37295","title":{"rendered":"Namen sind oft nur Schall und Rauch, aber ohne das &#8220;Eitelkeitsk\u00fcrzel&#8221; noch wesentlich weniger"},"content":{"rendered":"<p><span style=\"font-family: Times New Roman, serif;\"><span style=\"font-size: medium;\">Seit ein paar Monaten f\u00e4llt mir bereits auf, dass man in den Plappermedien und im Fratzenradio, ganz, ganz, ganz wichtige Leutchen<\/span><\/span><sup><span style=\"font-family: Times New Roman, serif;\"><span style=\"font-size: medium;\"><b>*INNEN usw. <\/b><\/span><\/span><\/sup><span style=\"font-family: Times New Roman, serif;\"><span style=\"font-size: medium;\"> fast nur noch mit nackten Namen ank\u00fcndigt. Morgens lief das uns\u00e4gliche Inforadio, als ich dann im Keller werkelte, wurde kurzfristig auf Punk und Metal verzichtet, daf\u00fcr lief Deutschlandradio. Ganz sch\u00f6n hart, sich stundenlang deren Gequatsche einzu\u00adziehen, wof\u00fcr man auch noch blechen muss. <\/span><\/span><br \/>\n<span style=\"font-family: Times New Roman, serif;\"><span style=\"font-size: medium;\">Den ganzen Tag \u00fcber, notierte ich abei mehrere Stunden Namen, dieser Vorgang endete erst nach Abend- und Tages<\/span><\/span><span style=\"font-family: Times New Roman, serif;\"><span style=\"font-size: medium;\"><i>sau<\/i><\/span><\/span><span style=\"font-family: Times New Roman, serif;\"><span style=\"font-size: medium;\">&#8230;<\/span><\/span><br \/>\n<span style=\"font-family: Times New Roman, serif;\"><span style=\"font-size: medium;\">Jene folgenden Leute<\/span><\/span><sup><span style=\"font-family: Times New Roman, serif;\"><span style=\"font-size: medium;\"><b>*INNEN usw.<\/b><\/span><\/span><\/sup><span style=\"font-family: Times New Roman, serif;\"><span style=\"font-size: medium;\"> tauchten dabei irgendwie auf, <\/span><\/span><span style=\"font-family: Times New Roman, serif;\"><span style=\"font-size: medium;\"><b>nat\u00fcrlich im Zusammenhang mit Covid-19:<\/b><\/span><\/span><br \/>\n<i><span style=\"font-family: Times New Roman, serif;\"><span style=\"font-size: medium;\">Prof. Dr. rer. nat. Gerd Antes, <\/span><\/span>Mathematiker und Medizinstatistiker. <\/i><br \/>\n<i>Dr. med. Alena Buyx, Vorsitzende des Deutschen Ethikrats <\/i><br \/>\n<span style=\"font-size: medium;\"><i><span style=\"font-family: Times New Roman, serif;\">Prof. Dr. Christian Drosten &#8211; Institutsdirektor an der Charit\u00e9 in Berlin, Leiter des Fachbereichs Virologie von \u201eLabor Berlin &#8211; Charit\u00e9 Vivantes Services GmbH\u201c<\/span><\/i><\/span><br \/>\n<em><i>Prof. Dr. Reinhold F\u00f6rster, Institut f\u00fcr Immunologie<\/i><\/em><br \/>\n<em><i>Prof. Dr. John P. A. Ioannidis<\/i><\/em><br \/>\n<em><i>Prof<\/i><\/em><i>. <\/i><em><i>Dr<\/i><\/em><i>. med. <\/i><em><i>Detlev<\/i><\/em><i> H. Kr\u00fcger, Virologe <\/i><br \/>\n<i>Prof. Dr. rer. nat. Carsten Watzl, Immunologe <\/i><br \/>\n<em><i>Prof<\/i><\/em><i>. <\/i><em><i>Dr<\/i><\/em><i>. med. <\/i><em><i>Klaus P\u00fcschel<\/i><\/em><i>. Facharzt f\u00fcr Rechtsmedizin <\/i><br \/>\n<i>Leif Eric Sander &#8211; Internist und Lungenarzt <\/i><br \/>\nProf. Dr. Klaus St\u00f6hr, Virologe und Epidemiologe<br \/>\nProf. Dr. med. Klaus-Dieter Zastrow, Facharzt f\u00fcr Hygiene<br \/>\n<i>Dr. Emil J\u00fcrgen Z\u00f6llner, Vorstand der Stiftung Charit\u00e9.<\/i><br \/>\n<i>Dr. Lothar H. Wieler, Ehrendoktorw\u00fcrde (Dr. med. vet. h.c.) der Tier\u00e4rztlichen Hochschule (TiHo) Hannover, Ehrendoktorw\u00fcrde (Dr. med. vet. h.c.) der Vetsuisse-Fakult\u00e4t der Universit\u00e4t Z\u00fcrich<\/i><br \/>\n<span style=\"font-size: medium;\"><i><span style=\"font-family: Times New Roman, serif;\">Prof. Dr. Dr. Karl Lauterbach, Politiker &amp; Talkshow Medizinmann&#8230;<\/span><\/i><\/span><br \/>\n<span style=\"font-family: Times New Roman, serif;\"><span style=\"font-size: medium;\"><b>(<\/b><i>\u201eGei\u00dfeln der Talkshows&#8221;: Prof. Dr. Christian Pfeiffer, Kriminologisches Forschungsinstitut Niedersachsen, Quartals-Talker mit T\u00f6pfchen-Theorie. Den Herrn habe ich nur als abschreck\u00adendes Beispiel herein genommen, er wurde ja schon lange vom hellroten Genossen \u00fcberrundet!<\/i><b>)<\/b><\/span><\/span><br \/>\n<span style=\"font-size: small;\">Der Mann tauchte in einem anderen Zusammenhang auf, allerdings auch nur mit verkr\u00fcppelter Namensnennung:<\/span><i> Dr. Felix Christian Matthes, Forschungskoordinator Energie- und Klimapolitik, Energie &amp; Klima\u00adschutz<\/i><br \/>\nEinige Nasen waren mir logischerweise bekannt, ansonsten liebe G\u00f6tter aus allen Ecken unserer ERDENSCHEIBEn: Gesegnet sei WIKI! <span style=\"font-size: small;\">Fand dort n\u00e4mlich, zu allen aufgef\u00fchrten Namen, die entsprechenden <b>Dr. <\/b>Schmuckst\u00fcckchen&#8230;<\/span><\/p>\n<p><!--more-->Zur Ehrenrettung einiger der hier aufgef\u00fchrten <span style=\"font-size: small;\">Leute<sup><b>+INNEN usw. <\/b><\/sup><\/span>, muss ich ablassen, es haben nicht alle nur Blech geredet! Richtig schlimm empfand ich lediglich die <i>Alena&#8230;<\/i><br \/>\nFrage mich nat\u00fcrlich, weshalb kontinuierlich die beiden Eitelkeits-Lettern (4,18 oder im Morsecode:<b>(<\/b> <b>\u2013 \u25cf \u25cf \u00a0\u00a0 <\/b><b>\u25cf \u2013 \u25cf\u00a0\u00a0\u00a0 \u25cf \u2212 \u25cf \u2212 \u25cf \u2212 ), <\/b>wirklich bei allen unterschlagen wurden, gut, der oft genannte Professorentitel gibt auch schon etwas her! Aber&#8230;<br \/>\nM\u00f6glicherweise hat mancher vielleicht Bammel vor <a href=\"https:\/\/vroniplag.wikia.org\/de\/wiki\/%C3%9Cbersicht\"><em>VroniPlag<\/em><\/a>?<br \/>\nEs sind zwei Leute darunter, die sammeln <i>Togdordidel<\/i> wie andere Zeitgenossen Briefmarken. Ein h.c.<i>rietes<\/i> K\u00fcrzel ist allerdings mit einem gro\u00dfen Vorteil verbunden, denn derjenige Eigent\u00fcmer muss niemals f\u00fcrchten, ein Plagiat zu besitzen!<br \/>\nGratuliere f\u00fcr die n\u00e4chsten K\u00fcrzel, bereits im Voraus!<br \/>\nAbschlie\u00dfend noch zwei LINKS! <a href=\"https:\/\/www.sprache-werner.info\/Groesster-Stolperstein-die-Eitelkeit.32183.html\">((((((<b>1<\/b>))))))<\/a> &amp; <a href=\"https:\/\/synonyme.woxikon.de\/synonyme\/eitelkeit.php\">((((((<b>2<\/b>)))))<\/a><\/p>\n","protected":false},"excerpt":{"rendered":"<p>Seit ein paar Monaten f\u00e4llt mir bereits auf, dass man in den Plappermedien und im Fratzenradio, ganz, ganz, ganz wichtige Leutchen*INNEN usw. fast nur noch mit nackten Namen ank\u00fcndigt. Morgens lief das uns\u00e4gliche Inforadio, als ich dann im Keller werkelte, wurde kurzfristig auf Punk und Metal verzichtet, daf\u00fcr lief Deutschlandradio. Ganz sch\u00f6n hart, sich stundenlang [&hellip;]<\/p>\n","protected":false},"author":6,"featured_media":0,"comment_status":"open","ping_status":"open","sticky":false,"template":"","format":"standard","meta":{"footnotes":""},"categories":[55],"tags":[],"class_list":["post-37295","post","type-post","status-publish","format-standard","hentry","category-alltaeglicher-wahnwitz"],"_links":{"self":[{"href":"https:\/\/zonenklaus.de\/wordpress\/index.php?rest_route=\/wp\/v2\/posts\/37295","targetHints":{"allow":["GET"]}}],"collection":[{"href":"https:\/\/zonenklaus.de\/wordpress\/index.php?rest_route=\/wp\/v2\/posts"}],"about":[{"href":"https:\/\/zonenklaus.de\/wordpress\/index.php?rest_route=\/wp\/v2\/types\/post"}],"author":[{"embeddable":true,"href":"https:\/\/zonenklaus.de\/wordpress\/index.php?rest_route=\/wp\/v2\/users\/6"}],"replies":[{"embeddable":true,"href":"https:\/\/zonenklaus.de\/wordpress\/index.php?rest_route=%2Fwp%2Fv2%2Fcomments&post=37295"}],"version-history":[{"count":11,"href":"https:\/\/zonenklaus.de\/wordpress\/index.php?rest_route=\/wp\/v2\/posts\/37295\/revisions"}],"predecessor-version":[{"id":37315,"href":"https:\/\/zonenklaus.de\/wordpress\/index.php?rest_route=\/wp\/v2\/posts\/37295\/revisions\/37315"}],"wp:attachment":[{"href":"https:\/\/zonenklaus.de\/wordpress\/index.php?rest_route=%2Fwp%2Fv2%2Fmedia&parent=37295"}],"wp:term":[{"taxonomy":"category","embeddable":true,"href":"https:\/\/zonenklaus.de\/wordpress\/index.php?rest_route=%2Fwp%2Fv2%2Fcategories&post=37295"},{"taxonomy":"post_tag","embeddable":true,"href":"https:\/\/zonenklaus.de\/wordpress\/index.php?rest_route=%2Fwp%2Fv2%2Ftags&post=37295"}],"curies":[{"name":"wp","href":"https:\/\/api.w.org\/{rel}","templated":true}]}}