{"id":37316,"date":"2021-10-31T22:00:03","date_gmt":"2021-10-31T21:00:03","guid":{"rendered":"https:\/\/zonenklaus.de\/wordpress\/?p=37316"},"modified":"2021-11-02T10:38:05","modified_gmt":"2021-11-02T09:38:05","slug":"eigentlich-wollte-ich-etwas-ueber-den-heutigen-tag-ablassen-aber-nichts-ueber-halloween","status":"publish","type":"post","link":"https:\/\/zonenklaus.de\/wordpress\/?p=37316","title":{"rendered":"Eigentlich wollte ich etwas \u00fcber den heutigen Tag ablassen, aber nichts \u00fcber Halloween!"},"content":{"rendered":"<p>Dann wurde ich aber \u00fcberall zur <em>R\u00f6mischen Klima-Masturbationsperformance<\/em> zu geschissen, und dies war etwas mehr, als nur: <strong>Au\u00dfer Spesen <i>n\u00fcscht jewesen<\/i><\/strong>!<br \/>\nMich \u00fcberw\u00e4ltigte pl\u00f6tzlich solch eine Wut, dass ich mich nat\u00fcrlich wieder verzetteln werde&#8230;<br \/>\nSch\u00e4tze Mal, der Aufwand f\u00fcr den G20-Gipfel wird sich im dreistelligen Euronen-Millionenbereich abgespielt haben, das ist doch wenigsten etwas!<br \/>\nHinzu kommt, dass jenes chronologisch ablaufende erb\u00e4rmliche Trauerspiel schon immer auf einer nicht tragf\u00e4higen Flachwixerebene stattfindet, gro\u00dfm\u00e4ulig auch noch als <i>Gipfel <\/i>firmiert und letzt\u00adlich mit einer pathologischen Selbstverliebtheit vieler dortiger <i>Schaumschl\u00e4ger<\/i> einhergeht.<br \/>\nSchuld daran ist deren Streben nach <i>Ich-Erh\u00f6hung<\/i><i>,<\/i> alles verkn\u00fcpft mit unstillbarer <i>Machtgeilheit <\/i>und dem tr\u00fcgerischem Versuch, <i>es<\/i> <em>Gott gleich<\/em> zu tun&#8230;<i> <\/i><span style=\"font-size: xx-small;\"><b>(<\/b><\/span><span style=\"font-size: xx-small;\">Jean-Paul Sartre hat es tiefgreifender und gewandter ausgedr\u00fcckt!<\/span><span style=\"font-size: xx-small;\"><b>)<\/b><\/span><img loading=\"lazy\" decoding=\"async\" class=\"alignleft size-medium wp-image-37321\" src=\"https:\/\/zonenklaus.de\/wordpress\/wp-content\/uploads\/2021\/11\/hl-300x183.png\" alt=\"\" width=\"300\" height=\"183\" srcset=\"https:\/\/zonenklaus.de\/wordpress\/wp-content\/uploads\/2021\/11\/hl-300x183.png 300w, https:\/\/zonenklaus.de\/wordpress\/wp-content\/uploads\/2021\/11\/hl-1024x624.png 1024w, https:\/\/zonenklaus.de\/wordpress\/wp-content\/uploads\/2021\/11\/hl-150x91.png 150w, https:\/\/zonenklaus.de\/wordpress\/wp-content\/uploads\/2021\/11\/hl-768x468.png 768w, https:\/\/zonenklaus.de\/wordpress\/wp-content\/uploads\/2021\/11\/hl-624x380.png 624w, https:\/\/zonenklaus.de\/wordpress\/wp-content\/uploads\/2021\/11\/hl.png 1058w\" sizes=\"auto, (max-width: 300px) 100vw, 300px\" \/><br \/>\n<em>Umweltsch\u00fctzer<\/em> fassungsIos<em>: Gipfel endet mit Fehlstart f\u00fcr Weltklimatreffen.<\/em><br \/>\nWas haben denn die ewig <i>demonstrierenden Lichterkettenfetischisten, Schweigemarsch erprobten<\/i> gutmenschelnden Traumt\u00e4nzer<sup><b>*INNEN usw. u\u00e4.<\/b><\/sup>, aus dem Umfeld von <i>Gretel Thunfisch<\/i>, in ihren <i>k\u00fchnsten Tr\u00e4umen<\/i><i> <\/i>eigentlich erwartet?<br \/>\nF\u00fcr die <i>Lakaien <\/i>oder vielleicht doch <i>Marionetten <\/i>des Kapitells, ist doch wieder alles optimal gelaufen!<br \/>\nImmer sch\u00f6n daran denken: <i>Politik ist der Spielraum, den das Kapital zul\u00e4sst! <\/i><br \/>\nDaran werden auch <i>Chlorophyllmarxisten<\/i>, <i>hellrote Genossen<\/i>, jene<i> knallroten Neobolschewisten<\/i>, <i>christlich verbr\u00e4mten Kleingartenvereine<\/i>, <i>gelbe neoliberale Geister<\/i>, selbst <i>Gruppierungen vom rechten Rand<\/i>, nichts \u00e4ndern! Weil sich alle eben genannten, entsprechend organisierten Mitl\u00e4ufer, aus dem riesigen, <i>demokraturisch definierten Pulk<\/i> der zufriedenen Sklaven rekrutieren. Deren <i>ge\u00adw\u00e4hlte<\/i> Funktion\u00e4re, aller Choleur, sich als optimal funktionierende Katalysatoren aufspielen d\u00fcrfen, zwischen den Plebejern, die sich geschmeichelt f\u00fchlen, als tragende S\u00e4ulen unserer Gesellschaft zu gelten und den <i>Gro\u00dffinanziers, <\/i>an den eigentlichen Schalthebeln der Macht&#8230;<br \/>\nVersuche es einfacher zu erkl\u00e4ren!<br \/>\nLobbyisten, Regierungsvertreter und Parteibonzen kann man einfach als die entscheidende Niete bezeichnen, welche die beiden Schenkel der sich immer weiter \u00f6ffnenden Schere, zwischen den armen und reichen Individuen auf UNSERER ERDENSCHEIBE, absolut perfekt zusammenh\u00e4lt.<br \/>\nDie<i> sog. Umweltsch\u00fctzer <\/i>bewegen sich doch auf \u00e4hnlichem Terrain, wie jene vollkommen nutzlose Truppe in Rom, ist deshalb aber auch richtig <i><b>powerful<\/b><\/i><b>,<\/b> wenn sie nicht mehr zu bieten haben, als ein <i>bisschen Fas\u00adsungslosigkeit <\/i>und sie lediglich im Gleichklang, identische Verbal-Pirouetten t\u00e4nzeln. Wow!<!--more--><br \/>\n<i>&#8230;Statt zu handeln wurde wieder nur verhandelt. Wurde anfangs noch ehrlich die &#8220;Kluft&#8221; zwischen den bisher zugesagten Bem\u00fchungen und dem n\u00f6tigen Weg festgestellt, um die Welt vor der gef\u00e4hr\u00adlichen Erhitzung zu retten, wurde am Ende selbst dieses Eingest\u00e4ndnis noch gestrichen. <b>Es ist nichts weniger als eine Schicksalsfrage der Menschheit, die in Rom unbeantwortet blieb &#8211; und um die es von Sonntag an auf dem zweiw\u00f6chigen Mammut-Treffen mit Tausenden Teilnehmern aus rund 200 Staaten in Schottland gehen wird. <\/b><\/i><br \/>\nDer Schreiberling<sup><b>*IN usw. u\u00e4. <\/b><\/sup>ist auch ein Witzbold und der Text passt, wie ein Arsch auf den Eimer, zu den Dampfplauderern<sup><b>*INNEN usw. u\u00e4.<\/b><\/sup> in Rom. Wird in Glasgow nichts anderes bei herauskommen, au\u00dfer der Tatsache, dass sich die Kosten f\u00fcr die 14 Tage, in Richtung einer Milliarde n\u00e4hern werden.<!--more--><br \/>\n<img loading=\"lazy\" decoding=\"async\" class=\"alignleft size-thumbnail wp-image-37319\" src=\"https:\/\/zonenklaus.de\/wordpress\/wp-content\/uploads\/2021\/11\/oLAF-150x92.png\" alt=\"\" width=\"150\" height=\"92\" srcset=\"https:\/\/zonenklaus.de\/wordpress\/wp-content\/uploads\/2021\/11\/oLAF-150x92.png 150w, https:\/\/zonenklaus.de\/wordpress\/wp-content\/uploads\/2021\/11\/oLAF-300x184.png 300w, https:\/\/zonenklaus.de\/wordpress\/wp-content\/uploads\/2021\/11\/oLAF-768x472.png 768w, https:\/\/zonenklaus.de\/wordpress\/wp-content\/uploads\/2021\/11\/oLAF-624x384.png 624w, https:\/\/zonenklaus.de\/wordpress\/wp-content\/uploads\/2021\/11\/oLAF.png 1002w\" sizes=\"auto, (max-width: 150px) 100vw, 150px\" \/>Wenigstens kommt jenes<em> Duettbildchen<\/em> sehr lustig r\u00fcber, denn Herr Olaf, <span style=\"font-size: xx-small;\"><b>(<\/b><\/span><span style=\"font-size: xx-small;\">Was turnt er eigentlich in der Weltgeschichte herum, hat doch eigentlich im L\u00e4ndchen viel zu tun!<\/span><span style=\"font-size: xx-small;\"><b>)<\/b><\/span><span style=\"font-size: medium;\"> schaut auch nicht gerade intellektuell gestylt aus seiner W\u00e4sche, verst\u00e4ndnisvoll kann man seinen Blick auch nicht wirklich interpretieren. Was will der eigentlich noch von <\/span><span style=\"font-size: medium;\"><i>Mutti<\/i><\/span><span style=\"font-size: medium;\"> lernen? Sie wurde in den letzten Tage recht viel f\u00fcr ihre <em>Kompromissf\u00e4higkeit,<\/em> \u00fcber den gammeligen Klee gelobt, <em>ewige Kompromisse und dauerhaftes Aussitzen<\/em> sind doch seit Jahrzehnten herausragende Tugenden der hellroten Vereinsstare! Da k\u00f6nnte Meister Olaf der Frau Ex-Kanzler sogar noch etwas beibringen!<\/span><br \/>\n<span style=\"font-size: medium;\"><img loading=\"lazy\" decoding=\"async\" class=\"alignleft size-medium wp-image-37322\" src=\"https:\/\/zonenklaus.de\/wordpress\/wp-content\/uploads\/2021\/11\/Gruppenbild-300x177.png\" alt=\"\" width=\"300\" height=\"177\" srcset=\"https:\/\/zonenklaus.de\/wordpress\/wp-content\/uploads\/2021\/11\/Gruppenbild-300x177.png 300w, https:\/\/zonenklaus.de\/wordpress\/wp-content\/uploads\/2021\/11\/Gruppenbild-1024x603.png 1024w, https:\/\/zonenklaus.de\/wordpress\/wp-content\/uploads\/2021\/11\/Gruppenbild-150x88.png 150w, https:\/\/zonenklaus.de\/wordpress\/wp-content\/uploads\/2021\/11\/Gruppenbild-768x452.png 768w, https:\/\/zonenklaus.de\/wordpress\/wp-content\/uploads\/2021\/11\/Gruppenbild-624x367.png 624w, https:\/\/zonenklaus.de\/wordpress\/wp-content\/uploads\/2021\/11\/Gruppenbild.png 1043w\" sizes=\"auto, (max-width: 300px) 100vw, 300px\" \/>Hatte ein Weilchen \u00fcberlegt, weshalb einige aus der Meute, eigentlich ihre schwei\u00dfigen Fingerchen erheben. Ganz einfach, sie zeigen abschlie\u00dfend einen <a href=\"https:\/\/www.mundmische.de\/bedeutung\/1097-Effenberger\">vierfachen Effenberger<\/a>! Es scheint sich dabei um den einzig echten Kommentar <\/span><span style=\"font-size: medium;\"><i>von \u00b4\u00a0 s Janze<\/i><\/span><span style=\"font-size: medium;\"> zu handeln! <\/span><br \/>\n<span style=\"font-size: medium;\">Noch etwas zu der Ablichtung, es handelt sich dabei nicht um das <\/span><a href=\"https:\/\/de.wikipedia.org\/wiki\/Gruppenbild_mit_Dame\"><span style=\"font-size: medium;\"><i>Gruppenbild mit Dame<\/i><\/span><\/a><span style=\"font-size: medium;\">! W\u00fcrde <\/span><span style=\"font-size: medium;\"><i>Heini B\u00f6ll<\/i><\/span><span style=\"font-size: medium;\"> heutzutage auch nicht mehr raffen. Denn da lungern <em>zwei Quotentanten<\/em> mit herum, ganz links sieht man lediglich, von <em>Nummer 2<\/em>, das Halstuch. Wei\u00df auch nicht, ob man beide als <\/span><span style=\"font-size: medium;\"><i>Damen<\/i><\/span><span style=\"font-size: medium;\"> bezeichnen k\u00f6nnte&#8230;<\/span><br \/>\n<span style=\"font-size: medium;\">Bin mir sehr sicher, die einzigen, welche wirklich etwas, im Umfeld der armseligen <\/span><span style=\"font-size: medium;\"><i>Weltklimakonfe\u00adrenz<\/i><\/span><sup><span style=\"font-size: medium;\"><b>(#)<\/b><\/span><\/sup><span style=\"font-size: medium;\"> haben werden, sind die vielen angereisten Sperma-Therapeuten<\/span><sup><span style=\"font-size: medium;\"><b>*INNEN usw. u\u00e4. <\/b><\/span><\/sup><br \/>\n<span style=\"font-size: medium;\"><i>Ich kann und will eine klammheimliche Freude nicht verhehlen<\/i><\/span><span style=\"font-size: medium;\">, wenn ich daran denke, dass so mancher dort anwesende<\/span><span style=\"font-size: medium;\"><i> Kompetenzsimulant, dann <\/i><\/span><span style=\"font-size: medium;\">mit einem leichten Schnupfen an seinem Jogi, die Heimreise antritt&#8230; <\/span><br \/>\n<span style=\"font-size: medium;\">Hier noch DER Hit von Goetz <em>Che<\/em> Widman, der insgesamt zu etwas Phantasie anregen sollte. <\/span><span style=\"font-size: medium;\">Registriere ewig, jener Song ist vielen Untertanen immer noch nicht bekannt, deshalb<strong><a href=\"https:\/\/www.youtube.com\/watch?v=A69BArvz13g\">. \u00a0\u00a0 . \u00a0 . &#8230;<\/a><\/strong><\/span><\/p>\n<p><span style=\"font-size: medium;\"><b>Fu\u00dfnote:<\/b><\/span> <sup><span style=\"font-size: medium;\"><b>(#) <\/b><\/span><\/sup><span style=\"font-size: medium;\"> W<\/span><span style=\"font-size: medium;\">urde eigentlich jene, in Worte gemei\u00dfelte Denkweise, dieses absolut verfickten Aus\u00addruckes, der zur Verdummung der gesamten Menschheit dient, und seit Jahren bereits, mit einem <\/span><span style=\"font-size: medium;\"><i>politisch korrekten<\/i><\/span><span style=\"font-size: medium;\"> M\u00e4ntelchen umh\u00fcllt wird, letztlich aber nur eine Beschwichtigungsl\u00fcge darstellt &#8211; schon Mal zum <a href=\"https:\/\/de.wikipedia.org\/wiki\/Unwort_des_Jahres_(Deutschland)\">UNWORT DES JAHRES<\/a> gew\u00e4hlt? <\/span><br \/>\n<span style=\"font-size: medium;\">Zum heutigen <\/span><a href=\"https:\/\/zonenklaus.de\/wordpress\/?p=30321\"><span style=\"font-size: medium;\"><b>Reformationstag<\/b><\/span><\/a><span style=\"font-size: medium;\"> ein etwas \u00e4lterer Schrieb. Dabei fiel mir auf, dass ich darin die Rolle <\/span><span style=\"font-size: medium;\"><i>Ulrichs von Hutten<\/i><\/span><span style=\"font-size: medium;\"> ganz vergessen hatte&#8230; <\/span><br \/>\n<span style=\"font-size: medium;\">Falls es jemanden interessieren sollte, derjenige muss halt seinen Finger aus der Perforierung seiner Sitzwangen ziehen und mal selber irgendwo herumst\u00f6bern!<\/span><\/p>\n","protected":false},"excerpt":{"rendered":"<p>Dann wurde ich aber \u00fcberall zur R\u00f6mischen Klima-Masturbationsperformance zu geschissen, und dies war etwas mehr, als nur: Au\u00dfer Spesen n\u00fcscht jewesen! Mich \u00fcberw\u00e4ltigte pl\u00f6tzlich solch eine Wut, dass ich mich nat\u00fcrlich wieder verzetteln werde&#8230; Sch\u00e4tze Mal, der Aufwand f\u00fcr den G20-Gipfel wird sich im dreistelligen Euronen-Millionenbereich abgespielt haben, das ist doch wenigsten etwas! Hinzu kommt, [&hellip;]<\/p>\n","protected":false},"author":6,"featured_media":0,"comment_status":"open","ping_status":"open","sticky":false,"template":"","format":"standard","meta":{"footnotes":""},"categories":[55],"tags":[],"class_list":["post-37316","post","type-post","status-publish","format-standard","hentry","category-alltaeglicher-wahnwitz"],"_links":{"self":[{"href":"https:\/\/zonenklaus.de\/wordpress\/index.php?rest_route=\/wp\/v2\/posts\/37316","targetHints":{"allow":["GET"]}}],"collection":[{"href":"https:\/\/zonenklaus.de\/wordpress\/index.php?rest_route=\/wp\/v2\/posts"}],"about":[{"href":"https:\/\/zonenklaus.de\/wordpress\/index.php?rest_route=\/wp\/v2\/types\/post"}],"author":[{"embeddable":true,"href":"https:\/\/zonenklaus.de\/wordpress\/index.php?rest_route=\/wp\/v2\/users\/6"}],"replies":[{"embeddable":true,"href":"https:\/\/zonenklaus.de\/wordpress\/index.php?rest_route=%2Fwp%2Fv2%2Fcomments&post=37316"}],"version-history":[{"count":13,"href":"https:\/\/zonenklaus.de\/wordpress\/index.php?rest_route=\/wp\/v2\/posts\/37316\/revisions"}],"predecessor-version":[{"id":37335,"href":"https:\/\/zonenklaus.de\/wordpress\/index.php?rest_route=\/wp\/v2\/posts\/37316\/revisions\/37335"}],"wp:attachment":[{"href":"https:\/\/zonenklaus.de\/wordpress\/index.php?rest_route=%2Fwp%2Fv2%2Fmedia&parent=37316"}],"wp:term":[{"taxonomy":"category","embeddable":true,"href":"https:\/\/zonenklaus.de\/wordpress\/index.php?rest_route=%2Fwp%2Fv2%2Fcategories&post=37316"},{"taxonomy":"post_tag","embeddable":true,"href":"https:\/\/zonenklaus.de\/wordpress\/index.php?rest_route=%2Fwp%2Fv2%2Ftags&post=37316"}],"curies":[{"name":"wp","href":"https:\/\/api.w.org\/{rel}","templated":true}]}}