{"id":37476,"date":"2021-11-28T23:56:34","date_gmt":"2021-11-28T22:56:34","guid":{"rendered":"https:\/\/zonenklaus.de\/wordpress\/?p=37476"},"modified":"2021-11-29T00:01:31","modified_gmt":"2021-11-28T23:01:31","slug":"die-neue-variante-hat-weltweit-zu-besorgnis-bei-eksperten-und-politikern-gefuehrt","status":"publish","type":"post","link":"https:\/\/zonenklaus.de\/wordpress\/?p=37476","title":{"rendered":"Die neue Variante hat weltweit zu \u201eBesorgnis\u201c bei E&#8221;ks&#8221;perten und &#8220;Politikern&#8221; gef\u00fchrt."},"content":{"rendered":"<p>\u201eForscher\u201c bef\u00fcrchten, dass die vielen Mutationen der zun\u00e4chst im s\u00fcdlichen Afrika nachgewie\u00adsenen Variante B.1.1.529 dazu f\u00fchren, dass sich der Erreger schneller ausbreitet oder die Impfstoffe ihre Schutzwirkung verlieren. Ist auch nur bei einem der vielen Vakzine, jemals nachgewiesen wor\u00adden, dass man ihnen mit viel Phantasie auch nur ein Qu\u00e4ntchen von Sicherheit abgewinnen k\u00f6nnte?<br \/>\nVollkommen unklar ist allerdings ebenso, ob der Neue gef\u00e4hrlicher ist als die derzeit vorherrschen\u00adde Delta-Variante.<br \/>\nLaut Wissenschaftlern weist die neue Variante mindestens zehn Mutationen auf, andere sprechen von bis zu 30. Bei der Delta-Variante sind es zum Vergleich nur zwei, bei Beta drei. Richard Lessels vom KRISP-Institut sagte, es gebe Anzeichen daf\u00fcr, dass die neue Variante sich schneller verbreite als Delta und vielleicht auch das menschliche Immunsystem st\u00e4rker strapaziere. Die kommenden Tage und Wochen seien entscheidend, um weitere Informationen zu erhalten. Bislang hat sich die Variante laut E<i>ks<\/i>perten vor allem unter jungen Menschen ausgebreitet.<br \/>\nNun hatte ich in den letzten Jahrzehnten fast s\u00e4mtliche Buchstaben des Griechische Alphabets ver\u00adgessen, die nicht irgendwie mit technischen oder mathematischen Definition einhergingen. Fand deshalb die neuen Virenbezeichnungen sehr spannend. Die kamen einer neuerliche Auffrischung gleich. Was war aber jetzt geschehen? Vom 4. Buchstaben gab es pl\u00f6tzlich den Sprung auf Platz\u00adnummer 15, dem <i>Omikron<\/i>!<!--more--><br \/>\nMit welcher Traumatisierung war denn jene Nase behaftet, der sich dieses Schriftzeichen heraus\u00adsuchte und es flugs verbreitete?<br \/>\nWollte er vielleicht seiner Gro\u00dfmutter ein bleibendes Geste zukommen lassen, deshalb: <i>Omi-<\/i>kron?<br \/>\n<span style=\"font-size: medium;\">Auf den anderen Seite ist es ja <a href=\"https:\/\/books.google.de\/books?id=ll93DwAAQBAJ&amp;pg=PT172&amp;lpg=PT172&amp;dq=baerenschenkia+umtrunkula&amp;source=bl&amp;ots=LTL2rfOvIT&amp;sig=ACfU3U3rdEnYk8E0Z88eeCyhgv0osPADpA&amp;hl=de&amp;sa=X&amp;ved=2ahUKEwjQreDOgrz0AhUIjqQKHZmLDf0Q6AF6BAgJEAM#v=onepage&amp;q=baerenschenkia%20umtrunkula&amp;f=false\">Wissenschaftlern freigestellt<\/a>, wie sie ihre Marotten mit Hilfe von Synonymen, lustvoll <\/span><span style=\"font-size: medium;\"><i>szientifisch<\/i><\/span><span style=\"font-size: medium;\"> unters Volk bringen k\u00f6nnen. <\/span><br \/>\n<span style=\"font-size: medium;\">Siehe z. B. hier, allerdings wurde mit jener Benennung einer langj\u00e4hrigen, nun in der Vergangenheit untergegangenen Portion Lebensfreude gehuldigt!<\/span><br \/>\n<span style=\"font-size: medium;\">Mir kam vor einigen Tagen, als ich ich diese neuerliche Virusbezeichnung vernahm, allerdings mit halben Ohr zugeh\u00f6rt, eine ganz andere Gedankenverbindung, n\u00e4mlich die zum <\/span><a href=\"https:\/\/de.wikipedia.org\/wiki\/Rubikon\"><span style=\"font-size: medium;\"><i>Rubikon<\/i><\/span><\/a><span style=\"font-size: medium;\">! <\/span><br \/>\n<span style=\"font-size: medium;\">Aha, der wurde gerade \u00fcberschritten und jetzt geht es endlich richtig los! Weil es sich bisher bei den <\/span>(\u03ac\u03bb\u03c6\u03b1)-, (\u03b2\u1fc6\u03c4\u03b1)-, (\u03b3\u03ac\u03bc\u03bc\u03b1)- und (\u03b4\u03ad\u03bb\u03c4\u03b1)-Flippis lediglich um kleine Patzer handelte. Man letztlich solche belanglosen <i>Kniefickereien<\/i> gar nicht erw\u00e4hnen sollte! Hier ein ausgew\u00e4hlter <a href=\"https:\/\/zonenklaus.de\/wordpress\/wp-content\/uploads\/2021\/11\/GEPLAPPER.mp3\">Mitschnitt heutiger Abendnachrichten<\/a>, alles beginnt mit <i>Prof. Leif Erik Sander<\/i> <span style=\"font-size: xx-small;\"><b>(<\/b><\/span><span style=\"font-size: xx-small;\">Der Mann scheint wirklich kein Eitelkeitsk\u00fcr\u00adzel zu besitzen.<\/span><span style=\"font-size: xx-small;\"><b>) <\/b><\/span><span style=\"font-size: medium;\">Was er da mitteilen wollte, verstehe ich allerdings nicht, es entspricht lediglich der ewig anhalten Dampfplaudereien x-beliebiger E<\/span><span style=\"font-size: medium;\"><i>ks<\/i><\/span><span style=\"font-size: medium;\">perten<\/span><sup><span style=\"font-size: medium;\"><b>*INNEN usw. u. a.<\/b><\/span><\/sup><span style=\"font-size: medium;\">&#8230;<\/span><br \/>\n<span style=\"font-size: medium;\">M\u00f6chte mir nicht anma\u00dfen, jenem Geplapper irgendeine Wertigkeit zuzuweisen, was Glaubw\u00fcrdig\u00adkeit, vielleicht sogar Hoffnung oder Verst\u00e4ndnis beinhalten sollte&#8230;<\/span><\/p>\n","protected":false},"excerpt":{"rendered":"<p>\u201eForscher\u201c bef\u00fcrchten, dass die vielen Mutationen der zun\u00e4chst im s\u00fcdlichen Afrika nachgewie\u00adsenen Variante B.1.1.529 dazu f\u00fchren, dass sich der Erreger schneller ausbreitet oder die Impfstoffe ihre Schutzwirkung verlieren. Ist auch nur bei einem der vielen Vakzine, jemals nachgewiesen wor\u00adden, dass man ihnen mit viel Phantasie auch nur ein Qu\u00e4ntchen von Sicherheit abgewinnen k\u00f6nnte? Vollkommen unklar [&hellip;]<\/p>\n","protected":false},"author":6,"featured_media":0,"comment_status":"open","ping_status":"open","sticky":false,"template":"","format":"standard","meta":{"footnotes":""},"categories":[55],"tags":[],"class_list":["post-37476","post","type-post","status-publish","format-standard","hentry","category-alltaeglicher-wahnwitz"],"_links":{"self":[{"href":"https:\/\/zonenklaus.de\/wordpress\/index.php?rest_route=\/wp\/v2\/posts\/37476","targetHints":{"allow":["GET"]}}],"collection":[{"href":"https:\/\/zonenklaus.de\/wordpress\/index.php?rest_route=\/wp\/v2\/posts"}],"about":[{"href":"https:\/\/zonenklaus.de\/wordpress\/index.php?rest_route=\/wp\/v2\/types\/post"}],"author":[{"embeddable":true,"href":"https:\/\/zonenklaus.de\/wordpress\/index.php?rest_route=\/wp\/v2\/users\/6"}],"replies":[{"embeddable":true,"href":"https:\/\/zonenklaus.de\/wordpress\/index.php?rest_route=%2Fwp%2Fv2%2Fcomments&post=37476"}],"version-history":[{"count":6,"href":"https:\/\/zonenklaus.de\/wordpress\/index.php?rest_route=\/wp\/v2\/posts\/37476\/revisions"}],"predecessor-version":[{"id":37483,"href":"https:\/\/zonenklaus.de\/wordpress\/index.php?rest_route=\/wp\/v2\/posts\/37476\/revisions\/37483"}],"wp:attachment":[{"href":"https:\/\/zonenklaus.de\/wordpress\/index.php?rest_route=%2Fwp%2Fv2%2Fmedia&parent=37476"}],"wp:term":[{"taxonomy":"category","embeddable":true,"href":"https:\/\/zonenklaus.de\/wordpress\/index.php?rest_route=%2Fwp%2Fv2%2Fcategories&post=37476"},{"taxonomy":"post_tag","embeddable":true,"href":"https:\/\/zonenklaus.de\/wordpress\/index.php?rest_route=%2Fwp%2Fv2%2Ftags&post=37476"}],"curies":[{"name":"wp","href":"https:\/\/api.w.org\/{rel}","templated":true}]}}