{"id":37634,"date":"2022-01-02T21:22:59","date_gmt":"2022-01-02T20:22:59","guid":{"rendered":"https:\/\/zonenklaus.de\/wordpress\/?p=37634"},"modified":"2022-01-07T01:26:53","modified_gmt":"2022-01-07T00:26:53","slug":"kreuzberg-das-andere-berlin-von-juergen-enkemann","status":"publish","type":"post","link":"https:\/\/zonenklaus.de\/wordpress\/?p=37634","title":{"rendered":"\u201eKREUZBERG, DAS ANDERE BERLIN\u201c von J\u00fcrgen Enkemann"},"content":{"rendered":"<p><img loading=\"lazy\" decoding=\"async\" class=\"alignleft size-medium wp-image-37636\" src=\"https:\/\/zonenklaus.de\/wordpress\/wp-content\/uploads\/2022\/01\/IMG_0001-277x300.jpg\" alt=\"\" width=\"277\" height=\"300\" srcset=\"https:\/\/zonenklaus.de\/wordpress\/wp-content\/uploads\/2022\/01\/IMG_0001-277x300.jpg 277w, https:\/\/zonenklaus.de\/wordpress\/wp-content\/uploads\/2022\/01\/IMG_0001-947x1024.jpg 947w, https:\/\/zonenklaus.de\/wordpress\/wp-content\/uploads\/2022\/01\/IMG_0001-139x150.jpg 139w, https:\/\/zonenklaus.de\/wordpress\/wp-content\/uploads\/2022\/01\/IMG_0001-768x831.jpg 768w, https:\/\/zonenklaus.de\/wordpress\/wp-content\/uploads\/2022\/01\/IMG_0001-624x675.jpg 624w, https:\/\/zonenklaus.de\/wordpress\/wp-content\/uploads\/2022\/01\/IMG_0001.jpg 1252w\" sizes=\"auto, (max-width: 277px) 100vw, 277px\" \/> <img loading=\"lazy\" decoding=\"async\" class=\"alignleft size-medium wp-image-37637\" src=\"https:\/\/zonenklaus.de\/wordpress\/wp-content\/uploads\/2022\/01\/IMG_0002-278x300.jpg\" alt=\"\" width=\"278\" height=\"300\" srcset=\"https:\/\/zonenklaus.de\/wordpress\/wp-content\/uploads\/2022\/01\/IMG_0002-278x300.jpg 278w, https:\/\/zonenklaus.de\/wordpress\/wp-content\/uploads\/2022\/01\/IMG_0002-948x1024.jpg 948w, https:\/\/zonenklaus.de\/wordpress\/wp-content\/uploads\/2022\/01\/IMG_0002-139x150.jpg 139w, https:\/\/zonenklaus.de\/wordpress\/wp-content\/uploads\/2022\/01\/IMG_0002-768x829.jpg 768w, https:\/\/zonenklaus.de\/wordpress\/wp-content\/uploads\/2022\/01\/IMG_0002-624x674.jpg 624w, https:\/\/zonenklaus.de\/wordpress\/wp-content\/uploads\/2022\/01\/IMG_0002.jpg 1250w\" sizes=\"auto, (max-width: 278px) 100vw, 278px\" \/>Muss noch etwas zu dem B\u00fcchlein ablassen, welches ich im gestrigen Schrieb bereits erw\u00e4hnte.<br \/>\nE. lieferte eine gute Recherche ab. Dem grauhaarigen Kiez-Wolf, der mir jenen Schm\u00f6ker auslieh, sind die letzten beiden Drittel fast unbekannt. Darauf werde ich jetzt noch eingehen, weil mir beide Seiten bekannt sind.<br \/>\nWar gerade der Zone entfleucht. Nach 13 Monaten Zuchthaus und die letzten beiden Wochen im Osten, noch zum gesundheitlichen Aufpeppen im Chemnitzer Knast untergebracht, ging es gleich anschlie\u00dfend im Westen, fast l\u00fcckenlos weiter&#8230;<br \/>\nAuf der \u00f6stlichen Seite von Mauer und Zaun bereits zu einem Pickel am Arsch des ersten sozialisti\u00adschen Schlaraffenlandes mutiert, fiel es mir nicht schwer, zwar nun auf einer etwas anderen Ebene flanierend, mit den <i>nachhaltigen<\/i> Osterfahrungen, den einstmals begonnenen Lebensweg fast iden\u00adtisch fortzusetzen. Dabei war mir meine tief verinnerlichte Weisungsresistenz immer sehr hilfreich!<br \/>\nDeshalb sagte mir der gesamte Inhalt des Buches etwas.<!--more--><br \/>\n<img loading=\"lazy\" decoding=\"async\" class=\"alignleft size-medium wp-image-37643\" src=\"https:\/\/zonenklaus.de\/wordpress\/wp-content\/uploads\/2022\/01\/IMG_0004-300x220.jpg\" alt=\"\" width=\"300\" height=\"220\" srcset=\"https:\/\/zonenklaus.de\/wordpress\/wp-content\/uploads\/2022\/01\/IMG_0004-300x220.jpg 300w, https:\/\/zonenklaus.de\/wordpress\/wp-content\/uploads\/2022\/01\/IMG_0004-1024x751.jpg 1024w, https:\/\/zonenklaus.de\/wordpress\/wp-content\/uploads\/2022\/01\/IMG_0004-150x110.jpg 150w, https:\/\/zonenklaus.de\/wordpress\/wp-content\/uploads\/2022\/01\/IMG_0004-768x563.jpg 768w, https:\/\/zonenklaus.de\/wordpress\/wp-content\/uploads\/2022\/01\/IMG_0004-624x458.jpg 624w, https:\/\/zonenklaus.de\/wordpress\/wp-content\/uploads\/2022\/01\/IMG_0004.jpg 1134w\" sizes=\"auto, (max-width: 300px) 100vw, 300px\" \/> <img loading=\"lazy\" decoding=\"async\" class=\"alignleft size-medium wp-image-37644\" src=\"https:\/\/zonenklaus.de\/wordpress\/wp-content\/uploads\/2022\/01\/IMG_0005-300x225.jpg\" alt=\"\" width=\"300\" height=\"225\" srcset=\"https:\/\/zonenklaus.de\/wordpress\/wp-content\/uploads\/2022\/01\/IMG_0005-300x225.jpg 300w, https:\/\/zonenklaus.de\/wordpress\/wp-content\/uploads\/2022\/01\/IMG_0005-1024x767.jpg 1024w, https:\/\/zonenklaus.de\/wordpress\/wp-content\/uploads\/2022\/01\/IMG_0005-150x112.jpg 150w, https:\/\/zonenklaus.de\/wordpress\/wp-content\/uploads\/2022\/01\/IMG_0005-768x575.jpg 768w, https:\/\/zonenklaus.de\/wordpress\/wp-content\/uploads\/2022\/01\/IMG_0005-624x467.jpg 624w, https:\/\/zonenklaus.de\/wordpress\/wp-content\/uploads\/2022\/01\/IMG_0005.jpg 1106w\" sizes=\"auto, (max-width: 300px) 100vw, 300px\" \/>Fand nat\u00fcrlich in meinem Bermudadreieck der Erinnerungen, <a href=\"https:\/\/zonenklaus.de\/wordpress\/wp-content\/uploads\/2022\/01\/T.-Weissbecker-Haus.pdf\">etliches Zeug<\/a> aus damaligen Zeiten. War oftmals an vorderster Front dabei, wollte ja sp\u00e4ter ebenso, wie ein Kumpel, meine Bude sauteuer m\u00f6bliert vermieten und dann in einem besetzten Haus f\u00fcr <i>nothing<\/i> h\u00f6hlen&#8230;<br \/>\nStartete dazu drei Versuch, am Klausener Platz, einem Eckhaus der Haupt\/Kolonnenstra\u00dfe und dem Ufa-Gel\u00e4nde.<br \/>\nAuf der anderen Seite, half mir meine Englischlehrerin bei der Abschlussklausur, weil sie unbedingt wollte, dass ich auf dem Ufa-Gel\u00e4nde mit einstieg, wegen meiner A- und E-Schwei\u00dferp\u00e4sse&#8230;<br \/>\nDie aktive Besetzergeschichte hatte sich ziemlich schnell, f\u00fcr mich dann totgelaufen, nahm allerdings weiterhin an allen m\u00f6glichen Aktionen teil, haupts\u00e4chlich von Charlottenburg, \u00fcber Tiergarten, Moabit, bis runter nach <b>+<\/b>berg.<br \/>\n<strong>(Hier folgt morgen eine Fu\u00dfnote)<\/strong><br \/>\nWar schon eine irre Zeit, zumal sich zus\u00e4tzlich auch der <i>Punk<\/i> in Berlin etabliert!<br \/>\nImmer mal wieder fand ich mich in<em> frauenbewegten Rudeln<\/em> wieder. Dies geschah oftmals in ganz speziellen Etablissements, wie z. B. das <i>Caf\u00e9 Lila<\/i>, in der Katzbachstra\u00dfe, sehr schwere Kost f\u00fcr unsereins&#8230;<br \/>\nGut, bis zu einem gewissen Grad konnte ich schon zuh\u00f6ren, wenn es aber um ganz wichtige und <i>konkrete<\/i> Themen ging, bei denen meine Gedanken willenlos umherirrten, besonders nach einem Dreiblatt, genossen auf den nahegelegenen Kreuzberg, war nat\u00fcrlich alles zu sp\u00e4t. Es war ewig das Gleiche, die Emanzipation erahnenden M\u00e4dels drehte sich an solchen Tagen auch immer im Kreis, wie ich es auch von meinen Kumpels her kannte, bei den wichtigen Verbal-Luftschlachten am Tresen. Allerdings fanden die geschlechtsspezifische Plappereien noch nicht auf der Ebene von ML-Chinesisch statt. Au\u00dferdem gab es Themen, in denen ich mich vollkommen ahnungslos heraushielt.<br \/>\nWie sollte ich mich aber auch einbringen, wenn es darum ging &#8211; gemeinsam zu menstruieren?<br \/>\nAllerdings ergab sich doch schon die Einbeziehung meiner Wenigkeit. Da ging es mal darum, ob man Typen heranziehen sollte, wegen der BKB, wenn f\u00fcr die Freundin ein Sterilisations-Trip oder einer Abtreibung nach Holland, auf der pl\u00f6tzlichen Agenda stand&#8230;<\/p>\n","protected":false},"excerpt":{"rendered":"<p>Muss noch etwas zu dem B\u00fcchlein ablassen, welches ich im gestrigen Schrieb bereits erw\u00e4hnte. E. lieferte eine gute Recherche ab. Dem grauhaarigen Kiez-Wolf, der mir jenen Schm\u00f6ker auslieh, sind die letzten beiden Drittel fast unbekannt. Darauf werde ich jetzt noch eingehen, weil mir beide Seiten bekannt sind. War gerade der Zone entfleucht. Nach 13 Monaten [&hellip;]<\/p>\n","protected":false},"author":6,"featured_media":0,"comment_status":"open","ping_status":"open","sticky":false,"template":"","format":"standard","meta":{"footnotes":""},"categories":[55,61],"tags":[],"class_list":["post-37634","post","type-post","status-publish","format-standard","hentry","category-alltaeglicher-wahnwitz","category-die-unendlichen-legenden-der-68er"],"_links":{"self":[{"href":"https:\/\/zonenklaus.de\/wordpress\/index.php?rest_route=\/wp\/v2\/posts\/37634","targetHints":{"allow":["GET"]}}],"collection":[{"href":"https:\/\/zonenklaus.de\/wordpress\/index.php?rest_route=\/wp\/v2\/posts"}],"about":[{"href":"https:\/\/zonenklaus.de\/wordpress\/index.php?rest_route=\/wp\/v2\/types\/post"}],"author":[{"embeddable":true,"href":"https:\/\/zonenklaus.de\/wordpress\/index.php?rest_route=\/wp\/v2\/users\/6"}],"replies":[{"embeddable":true,"href":"https:\/\/zonenklaus.de\/wordpress\/index.php?rest_route=%2Fwp%2Fv2%2Fcomments&post=37634"}],"version-history":[{"count":6,"href":"https:\/\/zonenklaus.de\/wordpress\/index.php?rest_route=\/wp\/v2\/posts\/37634\/revisions"}],"predecessor-version":[{"id":37646,"href":"https:\/\/zonenklaus.de\/wordpress\/index.php?rest_route=\/wp\/v2\/posts\/37634\/revisions\/37646"}],"wp:attachment":[{"href":"https:\/\/zonenklaus.de\/wordpress\/index.php?rest_route=%2Fwp%2Fv2%2Fmedia&parent=37634"}],"wp:term":[{"taxonomy":"category","embeddable":true,"href":"https:\/\/zonenklaus.de\/wordpress\/index.php?rest_route=%2Fwp%2Fv2%2Fcategories&post=37634"},{"taxonomy":"post_tag","embeddable":true,"href":"https:\/\/zonenklaus.de\/wordpress\/index.php?rest_route=%2Fwp%2Fv2%2Ftags&post=37634"}],"curies":[{"name":"wp","href":"https:\/\/api.w.org\/{rel}","templated":true}]}}