{"id":37681,"date":"2022-01-05T21:27:06","date_gmt":"2022-01-05T20:27:06","guid":{"rendered":"https:\/\/zonenklaus.de\/wordpress\/?p=37681"},"modified":"2022-01-09T19:18:25","modified_gmt":"2022-01-09T18:18:25","slug":"68-er-und-ich","status":"publish","type":"post","link":"https:\/\/zonenklaus.de\/wordpress\/?p=37681","title":{"rendered":"Teil 1: 68 er und ich"},"content":{"rendered":"<p><em>Die unendlichen Legenden der 68er, erleuchtet durch eine fr\u00f6mmelnde ML-Gottesfurcht<\/em><\/p>\n<p>Seit einigen Jahren bemerke ich an mir bereits eine tiefgreifendere Wesensver\u00e4nderung, beim Umgang mit jenen teilweise hochgradig selbstverliebten Angeh\u00f6rigen dieser linkslastigen Rudel.<br \/>\nDie damit einhergehende Wut hindert mich momentan, etwas entsprechendes zu verzapfen.<br \/>\nAlso lasse ich es jetzt sein&#8230;&#8230;&#8230;&#8230;&#8230;&#8230;.<\/p>\n<p>Nach einer l\u00e4ngeren Diskussion, nebenbei bemerkt, der Herr K. aus B., verf\u00fcgt \u00fcber Streitkultur!<br \/>\nZwanzig Stunden sp\u00e4ter ereilte mich ein <i>Emil<\/i> mit dem unteren Text:<\/p>\n<p><strong>L<\/strong>ieber Klaus,<br \/>\n<strong>d<\/strong>anke f\u00fcr den leckeren Kaffee, dass anregende Gespr\u00e4ch und das Birnchen f\u00fcr meine Schreibtischlampe.<br \/>\n<strong>B<\/strong>ez\u00fcglich der Bedenken, dass ein erheblicher Teil der heutige Jugend z. Z. nicht das erforderliche R\u00fcckgrat und Geist besitzt, die aktuellen gesellschaftlichen Problemen zu erkennen und dem blinden Wirken der geistlosen Politiker etwas konstruktives entgegen zu setzen, stimmen wir \u00fcberein.<br \/>\n<strong>H<\/strong>ier den 68 er die Schuld zuzuweisen ist nicht gerechtfertigt.<br \/>\n<strong>D<\/strong>ie aus der 68 er Generation hervorgegangenen Eltern haben sicherlich ihren Spr\u00f6sslingen nicht die ausreichend Erziehung- und Charakterbildung zukommen lassen, aber dies war angesichts der Laborbedingungen des damaligen Bildungs- und Erziehungssystems auch nur bedingt m\u00f6glich.<br \/>\n<strong>D<\/strong>as aktuelle Hinterfragen der <i>&#8220;Leistungen&#8221;<\/i> der 68er in div. Medien ist sicherlich historisch erforderlich\/sinnvoll, der Versuch aber, diese Bewegung der 68 er zu diskreditieren, geht aber weit an den politischen und gesellschaftlichen Ereignisse der Vergangenheit vorbei.<br \/>\n<strong>O<\/strong>hne die 68 er w\u00e4re Vietnam der 51. Staat der USA, der Rest der Welt w\u00fcrde konserviert in einer Cola-Flasche vor sich hin vegetieren und satt Rockmusik w\u00fcrde ausschlie\u00dflich der Schuhplattler im Radio gespielt.<br \/>\n<strong>S<\/strong>ofern es darum geht humboldtsche\/konservative Bildungsideal zu beleben bin ich dabei; aber das Vorantreiben menschliche Neugier nach Ver\u00e4nderung und der Kampf gegen kriegstreibende Reaktion\u00e4re wurde weltweit im letzten Jahrhundert von keiner Bewegung mutiger und erfolgreicher praktiziert als von den 68ern.<br \/>\n<strong>L<\/strong>G<br \/>\n<strong>K.<\/strong><\/p>\n<p>&nbsp;<\/p>\n","protected":false},"excerpt":{"rendered":"<p>Die unendlichen Legenden der 68er, erleuchtet durch eine fr\u00f6mmelnde ML-Gottesfurcht Seit einigen Jahren bemerke ich an mir bereits eine tiefgreifendere Wesensver\u00e4nderung, beim Umgang mit jenen teilweise hochgradig selbstverliebten Angeh\u00f6rigen dieser linkslastigen Rudel. Die damit einhergehende Wut hindert mich momentan, etwas entsprechendes zu verzapfen. Also lasse ich es jetzt sein&#8230;&#8230;&#8230;&#8230;&#8230;&#8230;. Nach einer l\u00e4ngeren Diskussion, nebenbei bemerkt, [&hellip;]<\/p>\n","protected":false},"author":6,"featured_media":0,"comment_status":"open","ping_status":"open","sticky":false,"template":"","format":"standard","meta":{"footnotes":""},"categories":[55,61],"tags":[],"class_list":["post-37681","post","type-post","status-publish","format-standard","hentry","category-alltaeglicher-wahnwitz","category-die-unendlichen-legenden-der-68er"],"_links":{"self":[{"href":"https:\/\/zonenklaus.de\/wordpress\/index.php?rest_route=\/wp\/v2\/posts\/37681","targetHints":{"allow":["GET"]}}],"collection":[{"href":"https:\/\/zonenklaus.de\/wordpress\/index.php?rest_route=\/wp\/v2\/posts"}],"about":[{"href":"https:\/\/zonenklaus.de\/wordpress\/index.php?rest_route=\/wp\/v2\/types\/post"}],"author":[{"embeddable":true,"href":"https:\/\/zonenklaus.de\/wordpress\/index.php?rest_route=\/wp\/v2\/users\/6"}],"replies":[{"embeddable":true,"href":"https:\/\/zonenklaus.de\/wordpress\/index.php?rest_route=%2Fwp%2Fv2%2Fcomments&post=37681"}],"version-history":[{"count":6,"href":"https:\/\/zonenklaus.de\/wordpress\/index.php?rest_route=\/wp\/v2\/posts\/37681\/revisions"}],"predecessor-version":[{"id":37706,"href":"https:\/\/zonenklaus.de\/wordpress\/index.php?rest_route=\/wp\/v2\/posts\/37681\/revisions\/37706"}],"wp:attachment":[{"href":"https:\/\/zonenklaus.de\/wordpress\/index.php?rest_route=%2Fwp%2Fv2%2Fmedia&parent=37681"}],"wp:term":[{"taxonomy":"category","embeddable":true,"href":"https:\/\/zonenklaus.de\/wordpress\/index.php?rest_route=%2Fwp%2Fv2%2Fcategories&post=37681"},{"taxonomy":"post_tag","embeddable":true,"href":"https:\/\/zonenklaus.de\/wordpress\/index.php?rest_route=%2Fwp%2Fv2%2Ftags&post=37681"}],"curies":[{"name":"wp","href":"https:\/\/api.w.org\/{rel}","templated":true}]}}