{"id":37707,"date":"2022-01-06T19:18:34","date_gmt":"2022-01-06T18:18:34","guid":{"rendered":"https:\/\/zonenklaus.de\/wordpress\/?p=37707"},"modified":"2022-01-09T19:32:28","modified_gmt":"2022-01-09T18:32:28","slug":"teil-2-68er-und-ich","status":"publish","type":"post","link":"https:\/\/zonenklaus.de\/wordpress\/?p=37707","title":{"rendered":"Teil 2: 68er und ICH"},"content":{"rendered":"<p>Lernte in der 9. Klasse, anl\u00e4sslich des Deutschlandtreffens, die ersten<i> Linken<\/i> aus dem Westen kennen. War 1964 allerdings nur in Ostberlin aufgetaucht, da man in der Provinz munkelte, die ROLLING STONES w\u00fcrden auf dem Springer-Hochhaus ein Konzert geben&#8230;<br \/>\nWas hatte ich anfangs dort f\u00fcr <i>Linxwixer <\/i>kennen gelernt.<a href=\"https:\/\/zonenklaus.de\/wordpress\/?p=18585\"> K\u00f6nnte sie als <i>Vor68er<\/i> bezeichnen<\/a>, aller\u00addings noch feucht hinter ihren Lauschern. <span style=\"font-size: xx-small;\"><b>(<\/b><\/span><span style=\"font-size: xx-small;\">Muss dazu bemerken, hatte zu den Tagen bereits erste Erfahrungen als <\/span><span style=\"font-size: xx-small;\"><i>69er&#8230;<\/i><\/span><span style=\"font-size: xx-small;\"><b>)\u00a0 <\/b><\/span><span style=\"font-size: medium;\">Witzigerweise handelte es sich wirklich nur um Typen<\/span><span style=\"font-size: medium;\">, die<\/span> mir allen ernstes erkl\u00e4ren wollten, dass meine <i><b>Heimat<\/b><\/i> <i>der bessere deutsche Staat sei<\/i>.<br \/>\n&#8211; Kann mich nicht daran erinnern, dass ich jemals von den wenigen M\u00e4dels aus den <i>roten Wessi\u00adrudeln<\/i> agitiert wurde!<\/p>\n<p>Ausgerechnet mir, der ein Jahr zuvor, wenige Wochen nach meiner Heimeinweisungen, noch 14j\u00e4h\u00adrig, dort den missgl\u00fcckten Versuch unternahm, in den WESTEN zu gelangen.<br \/>\nW\u00e4hrend jenes <i>Vermehrungstreffens<\/i> an den Pfingstsagen verachtete ich bereits dieses <i>rote Kader\u00adparteienpack<\/i> abgrundtief. Hatte ich mir doch schon etwas fr\u00fcher, einen sehr wichtigen Hinweis vom Gro\u00dfvater zu herzen genommen, der mich mein ganzes weiteres Leben begleitete: <i>Jungchen du darfst in bestimmten Situationen nicht hassen<\/i><b>! <\/b><i>Denn der Hass kehrt sich letztendlich nur gegen dich und frisst dich im Endeffekt auf<\/i><b>!<\/b><i> Wenn es schon zu Umst\u00e4nde kommt, in denen du innerlich kochst, dann verachte anschlie\u00dfend jene Leute, die daf\u00fcr verantwortlich sind<\/i><b>!<\/b><i> Verachtung kannst du n\u00e4mlich immer und sofort rauslassen und dies befreit augenblicklich<\/i><b>! <\/b><br \/>\nGott nochmal, was lernte ich dann in meinem westlichen Umfeld f\u00fcr bildungsarme <i>Hardcore-Saisonrevoluzzer<\/i> kennen. Welche massenhaft unf\u00e4hig waren, durch breitgef\u00e4chertes Allgemein\u00adwissen, nachhaltige historisch gewachsene politische Zusammenh\u00e4nge zu erkennen. Was mir ewig bannige Freude bereitete, solch Figuren entsprechend auflaufen zulassen. Was mir oftmals den Ruf einbrachte, ich sei ein verkappter Rechter.<br \/>\nBereits zu Schulzeiten lie\u00dfen gewisse<i> P\u00e4dagochen<\/i> in den Zeugnissen permanent Kommentar ab, die auf meine legend\u00e4re Weisungsresistenz und der ablehnenden Haltung zu irgendwelchen Kollek\u00adtivbestrebungen zielten. Zu denen abschlie\u00dfend ebenso geh\u00f6rte, dass ich ewig das letzte Wort haben musste! Jene Mentalit\u00e4t behielt ich nat\u00fcrlich bei und brachte damit so manche Runde durchein\u00adander. Besonders schoss ich mich dabei immer wieder auf plappernde <i>Alpham\u00e4nnchen<\/i> und den we\u00adnigen, von sehr merkw\u00fcrdig <i>Emanzipationsbestrebungen<\/i> beeintr\u00e4chtigten <i>Alphaweibchen<\/i> ein.<br \/>\nOftmals waren meine letzten Worte, nach einer dieser uns\u00e4glichen <i>Polit-Dampfplaudereien<\/i> oder den <i>verbalen Luftschlachten<\/i> am Tresen folgende, wenn es dann hie\u00df: <i>Logisch, du ist halt ein ver\u00adkappter Rechter! <\/i><br \/>\n<b>&#8211; <\/b><i>Richtig erkannt<\/i><b>! <\/b><i>Denn im Gegensatz zu euch, stehe ich soweit rechts, dass ich immer wieder links herauskomme und meine Standpunkte beinhalten schon eine lange Best\u00e4ndigkeit<\/i><b>!<\/b><i> Bei euch ist es halt umgekehrt und dazu geb\u00e4rdet ihr euch auch immer noch als <\/i>Polit-Cham\u00e4leon<i>, je nachdem, woher der Wind gerade weht<\/i><strong>!<\/strong><\/p>\n","protected":false},"excerpt":{"rendered":"<p>Lernte in der 9. Klasse, anl\u00e4sslich des Deutschlandtreffens, die ersten Linken aus dem Westen kennen. War 1964 allerdings nur in Ostberlin aufgetaucht, da man in der Provinz munkelte, die ROLLING STONES w\u00fcrden auf dem Springer-Hochhaus ein Konzert geben&#8230; Was hatte ich anfangs dort f\u00fcr Linxwixer kennen gelernt. K\u00f6nnte sie als Vor68er bezeichnen, aller\u00addings noch feucht [&hellip;]<\/p>\n","protected":false},"author":6,"featured_media":0,"comment_status":"open","ping_status":"open","sticky":false,"template":"","format":"standard","meta":{"footnotes":""},"categories":[61],"tags":[],"class_list":["post-37707","post","type-post","status-publish","format-standard","hentry","category-die-unendlichen-legenden-der-68er"],"_links":{"self":[{"href":"https:\/\/zonenklaus.de\/wordpress\/index.php?rest_route=\/wp\/v2\/posts\/37707","targetHints":{"allow":["GET"]}}],"collection":[{"href":"https:\/\/zonenklaus.de\/wordpress\/index.php?rest_route=\/wp\/v2\/posts"}],"about":[{"href":"https:\/\/zonenklaus.de\/wordpress\/index.php?rest_route=\/wp\/v2\/types\/post"}],"author":[{"embeddable":true,"href":"https:\/\/zonenklaus.de\/wordpress\/index.php?rest_route=\/wp\/v2\/users\/6"}],"replies":[{"embeddable":true,"href":"https:\/\/zonenklaus.de\/wordpress\/index.php?rest_route=%2Fwp%2Fv2%2Fcomments&post=37707"}],"version-history":[{"count":3,"href":"https:\/\/zonenklaus.de\/wordpress\/index.php?rest_route=\/wp\/v2\/posts\/37707\/revisions"}],"predecessor-version":[{"id":37710,"href":"https:\/\/zonenklaus.de\/wordpress\/index.php?rest_route=\/wp\/v2\/posts\/37707\/revisions\/37710"}],"wp:attachment":[{"href":"https:\/\/zonenklaus.de\/wordpress\/index.php?rest_route=%2Fwp%2Fv2%2Fmedia&parent=37707"}],"wp:term":[{"taxonomy":"category","embeddable":true,"href":"https:\/\/zonenklaus.de\/wordpress\/index.php?rest_route=%2Fwp%2Fv2%2Fcategories&post=37707"},{"taxonomy":"post_tag","embeddable":true,"href":"https:\/\/zonenklaus.de\/wordpress\/index.php?rest_route=%2Fwp%2Fv2%2Ftags&post=37707"}],"curies":[{"name":"wp","href":"https:\/\/api.w.org\/{rel}","templated":true}]}}